{"id":241488,"date":"2026-05-19T01:12:31","date_gmt":"2026-05-19T01:12:31","guid":{"rendered":"https:\/\/www.europesays.com\/no\/241488\/"},"modified":"2026-05-19T01:12:31","modified_gmt":"2026-05-19T01:12:31","slug":"deler-av-kongefamilien-besoker-marius-borg-hoiby-i-fengsel-pa-17-mai","status":"publish","type":"post","link":"https:\/\/www.europesays.com\/no\/241488\/","title":{"rendered":"Deler av kongefamilien bes\u00f8ker Marius Borg H\u00f8iby i fengsel p\u00e5 17. mai"},"content":{"rendered":"<p class=\"kicker \" style=\"\">Skipsforlis etterforskes:<\/p>\n<p>    Et russisk skip sank under mystiske omstendigheter utenfor Spania i 2024. Etterforskningen tyder p\u00e5 at skipet hadde hemmelig last om bord.<\/p>\n<p>\n    MYSTISK FORLIS: Portugal delte dette bildet av lasteskipet \u00abUrsa Major\u00bb 22. desember 2024. To dager senere gikk skipet ned etter flere eksplosjoner om bord. Foto: Portugisisk marine\u202f\/\u202fAFP\u202f\/\u202fHandout\n  <\/p>\n<p>Det 142 meter lange skipet \u00abUrsa Major\u00bb sank lille julaften 2024, rundt 100 kilometer fra havnebyen Cartagena i Spania.<\/p>\n<p>If\u00f8lge den f\u00f8rste rapporten fra spanske myndigheter fraktet skipet \u00abufarlig last\u00bb, men under avh\u00f8r skal kapteinen ha innr\u00f8mmet at to av containerne inneholdt deler til atomreaktorer.<\/p>\n<p class=\"font-weight-bold m-font-weight-bold\" data-lab-font_weight=\"font-weight-bold\">Spanske myndigheter unders\u00f8ker n\u00e5 om lasten egentlig var p\u00e5 vei fra Russland til Nord-Korea.<\/p>\n<p>Det rapporterte kanalen\u00a0<a href=\"https:\/\/edition.cnn.com\/2026\/05\/12\/world\/a-russian-ship-sank-in-mysterious-circumstances-it-may-have-been-carrying-nuclear-reactors-to-north-korea\" rel=\"nofollow noopener\" target=\"_blank\">CNN<\/a>\u00a0forrige uke.<\/p>\n<p>    <a itemprop=\"url\" href=\"https:\/\/www.dagbladet.no\/nyheter\/dramatisk-for-putin\/84636072\" rel=\"nofollow noopener\" target=\"_blank\"><\/p>\n<p>        <img loading=\"lazy\" decoding=\"async\" src=\"https:\/\/www.europesays.com\/no\/wp-content\/uploads\/2026\/05\/1779153148_435_84636233.webp\" width=\"980\" height=\"441\" alt=\"\" class=\"lazyload\" style=\"--aspect-ratio-image: 2.22; \"\/><\/p>\n<p>        &#8211; Dramatisk for Putin<\/p>\n<p>    <\/a><\/p>\n<p>Flere teorier  <\/p>\n<p>B\u00e5de CNN og spanske La Verdad viser til opplysninger fra etterforskningen som antyder at \u00abUrsa Major\u00bb kan ha hatt et helt annet endem\u00e5l enn f\u00f8rst oppgitt.<\/p>\n<p>        <img loading=\"lazy\" decoding=\"async\" src=\"https:\/\/www.europesays.com\/no\/wp-content\/uploads\/2026\/05\/84641132.webp\" width=\"667\" height=\"381\" alt=\"\" class=\"\" style=\"--aspect-ratio-image: 1.75; \"\/><\/p>\n<p>\n        BLE AVBILDET: En overv\u00e5kingsoperasjon utf\u00f8rt av den portugisiske marinen utenfor kysten av Portugal kort tid f\u00f8r det russiske lasteskipet sank. Foto: Foto av Handout \/ Portuguese Navy \/ AFP\n    <\/p>\n<p>Skipsrederiet Oboronlogistics sier lasten skulle fra St.\u202fPetersburg til Vladivostok, men anonyme kilder hevder at kursen i realiteten gikk mot Nord-Korea.<\/p>\n<p class=\"font-weight-normal m-font-weight-normal\" data-lab-font_weight=\"font-weight-normal\">Bare to m\u00e5neder f\u00f8r skipet sank hadde Kim Jong\u2011un sendt tusenvis av nordkoreanske soldater for \u00e5 bist\u00e5 russiske styrker i krigen mot Ukraina.<\/p>\n<p>Ekspert reagerer<\/p>\n<p>Den spanske regjeringen har s\u00e5 langt delt lite informasjon med offentligheten. F\u00f8rst i februar i \u00e5r, etter press fra opposisjonen, publiserte forsvarsdepartementet en kort redegj\u00f8relse.<\/p>\n<p>Der bekreftet de at skipets russiske kaptein i avh\u00f8r sa at skipet fraktet \u00abkomponenter til to atomreaktorer tilsvarende dem som brukes i ub\u00e5ter\u00bb.\u00a0<\/p>\n<p>        OLJE: Utenfor den russiske havnebyen Novorossijsk sank Ukraina to russiske skyggeskip som fraktet olje. Video: @ZelenskyyUa, B\u00e5rd S\u00f8r\u00f8 Olsen\/Dagbladet TV<\/p>\n<p>Han skal samtidig ha forklart at han ikke visste om de var utstyrt med atombrensel.<\/p>\n<p>Mike Plunkett, senioranalytiker ved det britiske etterretningsselskapet Janes, mener det er lite sannsynlig at eventuelle reaktorer om bord var fylt med atombrensel.<\/p>\n<p>    <a itemprop=\"url\" href=\"https:\/\/www.dagbladet.no\/nyheter\/putin-og-trump-er-historisk-upopulaere\/84580302\" rel=\"nofollow noopener\" target=\"_blank\"><\/p>\n<p>        <img loading=\"lazy\" decoding=\"async\" src=\"https:\/\/www.europesays.com\/no\/wp-content\/uploads\/2026\/05\/84044481.webp\" width=\"980\" height=\"441\" alt=\"\" class=\"lazyload\" style=\"--aspect-ratio-image: 2.22; \"\/><\/p>\n<p>        &#8211; Putin og Trump er historisk upopul\u00e6re<\/p>\n<p>    <\/a><\/p>\n<p>&#8211; Hvis de stammet fra ub\u00e5ter vil de fortsatt v\u00e6re radioaktive, men i langt mindre grad enn om de hadde v\u00e6rt fullastet med brensel.<\/p>\n<p>Han understreker at en eventuell overf\u00f8ring av atomteknologi til Nord\u2011Korea vil v\u00e6re et dramatisk skritt.<\/p>\n<p class=\"font-weight-bold m-font-weight-bold\" data-lab-font_weight=\"font-weight-bold\">&#8211; Hvis Russland virkelig fors\u00f8kte \u00e5 overf\u00f8re reaktorkomponenter til Nord-Korea, er det et alvorlig signal &#8211; s\u00e6rlig for S\u00f8r\u2011Korea, sier han.<\/p>\n<p>        <img loading=\"lazy\" decoding=\"async\" src=\"https:\/\/www.europesays.com\/no\/wp-content\/uploads\/2026\/05\/84641130.webp\" width=\"980\" height=\"559\" alt=\"\" class=\"\" style=\"--aspect-ratio-image: 1.75; \"\/><\/p>\n<p>\n        CARTAGENA: Overlevende etter forliset av det russiske lasteskipet ble hentet av et spansk redningsskip 23. desember 2024. Foto: REUTERS\/Jose Maria Rodriguez\n    <\/p>\n<p>Tegn p\u00e5 eksplosjon utenfra<\/p>\n<p>If\u00f8lge etterforskning ble tre eksplosjoner registrert ved skipet f\u00f8r det gikk ned. To mannskapsmedlemmer ble antatt omkommet, mens 14 andre ble reddet i land.<\/p>\n<p>Etterforskningen har ogs\u00e5 avdekket hull i skroget som if\u00f8lge eksperter ligner p\u00e5 skader for\u00e5rsaket av moderne torpedoer, av typen bare stormakter som USA, Russland og Iran skal ha.\u00a0<\/p>\n<p>Andre teorier peker p\u00e5 sprengladninger om bord eller sj\u00f8miner.<\/p>\n<p>Pentagon har avsl\u00e5tt \u00e5 kommentere saken, men amerikanske flydata viser at spesialfly av typen Boeing WC\u2011135 &#8211; kjent som s\u00e5kalte \u00abatomsniffere\u00bb &#8211; fl\u00f8y over omr\u00e5det i en periode b\u00e5de f\u00f8r og etter forliset.<\/p>\n<p>    <a itemprop=\"url\" href=\"https:\/\/www.dagbladet.no\/nyheter\/352-000-i-putins-graver\/84624314\" rel=\"nofollow noopener\" target=\"_blank\"><\/p>\n<p>        <img loading=\"lazy\" decoding=\"async\" src=\"https:\/\/www.europesays.com\/no\/wp-content\/uploads\/2026\/05\/1779153150_732_84624385.webp\" width=\"980\" height=\"441\" alt=\"\" class=\"lazyload\" style=\"--aspect-ratio-image: 2.22; \"\/><\/p>\n<p>        352 000 i Putins graver<\/p>\n<p>    <\/a><\/p>\n<p>Krever svar<\/p>\n<p>Lokale myndigheter i regionen Murcia sier de ikke er forn\u00f8yd med forklaringen fra sentrale myndigheter.<\/p>\n<p class=\"font-weight-bold m-font-weight-bold\" data-lab-font_weight=\"font-weight-bold\">&#8211; Vi krever full \u00e5penhet og en teknisk inspeksjon som kan avklare om det virkelig fantes materiale av atomkarakter om bord, sier talsmann Marcos Ortu\u00f1o til avisa <a href=\"https:\/\/elpais.com\/espana\/2026-05-14\/lopez-miras-exige-a-defensa-que-se-inspeccione-el-carguero-ruso-hundido-frente-a-la-costa-de-cartagena-con-reactores-nucleares.html\" rel=\"nofollow noopener\" target=\"_blank\">El\u202fPa\u00eds<\/a>.<\/p>\n<p>Regjeringen i Madrid har s\u00e5 langt n\u00f8lt med \u00e5 publisere detaljer fra etterforskningen, med henvisning til \u00abtekniske utfordringer\u00bb ved \u00e5 hente opp skipets svarte boks fra 1200 meters dyp.<\/p>\n<p>        MISSIL: Russlands nye interkontinentale ballistiske missil, \u00abSatan 2\u00bb, har akkurat gjennomf\u00f8rt en vellykket test. Video: Russiske myndigheter\/Telegram, S\u00f8r\u00f8 Olsen\/Dagbladet<\/p>\n<p>En svart boks, ogs\u00e5 kalt Voyage Data Recorder (VDR), registrerer og lagrer\u00a0hendelsesforl\u00f8pet f\u00f8r og under en eventuell ulykke, slik at havarikommisjoner og rederier senere kan granske hendelsen.<\/p>\n<p>&#8211; Noe holdes skjult<\/p>\n<p>Hva som faktisk utl\u00f8ste eksplosjonen, og hvor lasten egentlig skulle, er fortsatt uklart.<\/p>\n<p>Flere opposisjonspolitikere i Spania hevder at b\u00e5de Russland og spanske myndigheter holder tilbake informasjon i saken.<\/p>\n<p class=\"font-weight-bold m-font-weight-bold\" data-lab-font_weight=\"font-weight-bold\">&#8211; N\u00e5r man ikke f\u00e5r klare og utfyldende svar, er det naturlig \u00e5 sp\u00f8rre seg hva de pr\u00f8ver \u00e5 skjule, sa parlamentarikeren Juan Antonio Rojas Manrique til CNN.<\/p>\n<p>    <a itemprop=\"url\" href=\"https:\/\/www.dagbladet.no\/nyheter\/bekrefter-angrep-mot-moskva-omrade\/84635279\" rel=\"nofollow noopener\" target=\"_blank\"><\/p>\n<p>        <img loading=\"lazy\" decoding=\"async\" src=\"https:\/\/www.europesays.com\/no\/wp-content\/uploads\/2026\/05\/1779153151_844_84635293.webp\" width=\"980\" height=\"441\" alt=\"\" class=\"lazyload\" style=\"--aspect-ratio-image: 2.22; \"\/><\/p>\n<p>        Bekrefter angrep mot Moskva-omr\u00e5de<\/p>\n<p>    <\/a><\/p>\n<p>Talsmann for det regionale styret, Marcos Ortu\u00f1o, opplyste torsdag at en foresp\u00f8rsel hadde blitt sendt til Spanias regjering.\u00a0<\/p>\n<p>&#8211; I l\u00f8pet av hele denne tida har vi ikke f\u00e5tt noe offisielt innsyn, og det vi leser i pressen, skaper uro. Derfor har vi bedt forsvarsdepartementet om en full redegj\u00f8relse og en inspeksjon for \u00e5 utelukke tilstedev\u00e6relsen av nukle\u00e6re komponenter, sa Ortu\u00f1o.<\/p>\n<p>Han kritiserer samtidig det han oppfatter som hemmelighold fra regjeringen.<\/p>\n<p>&#8211; Vi krever klarhet, vi krever \u00e5penhet, og vi krever informasjon. Det kan ikke v\u00e6re hemmelighold i en sak av denne karakter, understreket han.<\/p>\n","protected":false},"excerpt":{"rendered":"Skipsforlis etterforskes: Et russisk skip sank under mystiske omstendigheter utenfor Spania i 2024. Etterforskningen tyder p\u00e5 at skipet&hellip;\n","protected":false},"author":2,"featured_media":241398,"comment_status":"","ping_status":"","sticky":false,"template":"","format":"standard","meta":{"footnotes":"","_share_on_mastodon":"0"},"categories":[5],"tags":[14670,20,21,24,25,15,19,479,1764,22,23,17,18,400,13,30,28,29,14,17471,16,402,26,27],"class_list":["post-241488","post","type-post","status-publish","format-standard","has-post-thumbnail","category-overskrifter","tag-17-mai","tag-breaking-news","tag-breakingnews","tag-featured-news","tag-featurednews","tag-headlines","tag-hovedoppslag","tag-kjendis","tag-kronprins-haakon","tag-latest-news","tag-latestnews","tag-main-news","tag-mainnews","tag-marius-borg-hoiby","tag-news","tag-no","tag-norge","tag-norway","tag-nyheter","tag-oslo-fengsel","tag-overskrifter","tag-prins-sverre-magnus","tag-top-stories","tag-topstories"],"share_on_mastodon":{"url":"https:\/\/pubeurope.com\/@no\/116598587275456611","error":""},"_links":{"self":[{"href":"https:\/\/www.europesays.com\/no\/wp-json\/wp\/v2\/posts\/241488","targetHints":{"allow":["GET"]}}],"collection":[{"href":"https:\/\/www.europesays.com\/no\/wp-json\/wp\/v2\/posts"}],"about":[{"href":"https:\/\/www.europesays.com\/no\/wp-json\/wp\/v2\/types\/post"}],"author":[{"embeddable":true,"href":"https:\/\/www.europesays.com\/no\/wp-json\/wp\/v2\/users\/2"}],"replies":[{"embeddable":true,"href":"https:\/\/www.europesays.com\/no\/wp-json\/wp\/v2\/comments?post=241488"}],"version-history":[{"count":0,"href":"https:\/\/www.europesays.com\/no\/wp-json\/wp\/v2\/posts\/241488\/revisions"}],"wp:featuredmedia":[{"embeddable":true,"href":"https:\/\/www.europesays.com\/no\/wp-json\/wp\/v2\/media\/241398"}],"wp:attachment":[{"href":"https:\/\/www.europesays.com\/no\/wp-json\/wp\/v2\/media?parent=241488"}],"wp:term":[{"taxonomy":"category","embeddable":true,"href":"https:\/\/www.europesays.com\/no\/wp-json\/wp\/v2\/categories?post=241488"},{"taxonomy":"post_tag","embeddable":true,"href":"https:\/\/www.europesays.com\/no\/wp-json\/wp\/v2\/tags?post=241488"}],"curies":[{"name":"wp","href":"https:\/\/api.w.org\/{rel}","templated":true}]}}