{"id":24158,"date":"2025-09-01T16:22:14","date_gmt":"2025-09-01T16:22:14","guid":{"rendered":"https:\/\/www.europesays.com\/no\/24158\/"},"modified":"2025-09-01T16:22:14","modified_gmt":"2025-09-01T16:22:14","slug":"sandnes-nyheter-denne-sandnes-utoveren-skal-til-vm-i-tokyo","status":"publish","type":"post","link":"https:\/\/www.europesays.com\/no\/24158\/","title":{"rendered":"Sandnes, Nyheter | Denne Sandnes-ut\u00f8veren skal til VM i Tokyo"},"content":{"rendered":"\n<p>Nora Haugen er tatt ut i troppen for \u00e5 skulle l\u00f8pe 4&#215;400 meter stafett for kvinner. <\/p>\n<p>Hvilke fire som l\u00f8per av de seks uttatte, blir det tatt stilling til senere.<\/p>\n<p>Josefine Tomine Eriksen Aks, Sem IF.<\/p>\n<p>Amalie Iuel, IK Tjalve.<\/p>\n<p>Henriette J\u00e6ger, Aremark IF.<\/p>\n<p>Lakeri Ertzgaard, IK Tjalve<\/p>\n<p>Line Al Saiddi, IL Skjalg.<\/p>\n<p><b>Nora Haugen, Sandnes IL.<\/b><\/p>\n<p>Dette er resten av VM-troppen. Mesterskapet er i Tokyo fra 13. til 21. september:<\/p>\n<p><b>Menn: <\/b><\/p>\n<p>800 meter: Tobias Gr\u00f8nstad, IK Tjalve<\/p>\n<p>1500\/5000 meter: <b>Narve Gilje Nord\u00e5s, Sandnes IL: 1500 meter og 5000 meter<\/b>.H\u00e5kon Moe Berg, Kyrks\u00e6ter\u00f8ra IL: <b>1500 meter. Jakob Asserson Ingebrigtsen, Sandnes IL: 1500 meter og 5000 meter.<\/b><\/p>\n<p>10.000 meter: Awet Nftalem Kibrab, IK Tjalve<\/p>\n<p>400 meter hekk: Karsten Warholm, Dimna IL<\/p>\n<p>Maraton: Sondre Nordstad Moen, SK Vidar, Zerei Kbrom Mezngi, Ullensaker\/Kisa IL<\/p>\n<p>Stav: Sondre Guttormsen, SK Vidar, Marcus Thomsen, IL Norna-Salhus<\/p>\n<p>Kule: Eivind Presteg\u00e5rd Henriksen, IK Tjalve<\/p>\n<p>Slegge: Thomas Mardal, Gloppen <\/p>\n<p>10-kamp: Sander Aae Skotheim, IK Tjalve<\/p>\n<p><b>Kvinner:<\/b><\/p>\n<p>400 meter: Henriette J\u00e6ger, Aremark IF<\/p>\n<p>1500 meter: Ingeborg \u00d8stg\u00e5rd, IK Tjalve<\/p>\n<p>1500 meter: Anne Gine L\u00f8vnes, IK Tjalve<\/p>\n<p>Maraton: Hanne Andersen Maridal, Strindheim IL<\/p>\n<p>400 hekk: Amalie Iuel, IK Tjalve<\/p>\n<p>Stav: .Lene Onsrud Retzius, Fana IL<\/p>\n<p>Stav: Kitty Augusta Friele Faye, Fana IL<\/p>\n<p>slegge: .Beatrice Nedberge Llano, Laksev\u00e5g TIL<\/p>\n<p>Spyd: Sigrid Borge, IK Tjalve<\/p>\n<p>Spyd: Marie-Therese Obst, IK Tjalve<\/p>\n","protected":false},"excerpt":{"rendered":"Nora Haugen er tatt ut i troppen for \u00e5 skulle l\u00f8pe 4&#215;400 meter stafett for kvinner. Hvilke fire&hellip;\n","protected":false},"author":2,"featured_media":24159,"comment_status":"","ping_status":"","sticky":false,"template":"","format":"standard","meta":{"footnotes":""},"categories":[59],"tags":[36,2211,30,28,29,14,1319,83,82,1510],"class_list":{"0":"post-24158","1":"post","2":"type-post","3":"status-publish","4":"format-standard","5":"has-post-thumbnail","7":"category-sport","8":"tag-art","9":"tag-idrett","10":"tag-no","11":"tag-norge","12":"tag-norway","13":"tag-nyheter","14":"tag-sandnes","15":"tag-sport","16":"tag-sports","17":"tag-story"},"share_on_mastodon":{"url":"","error":""},"_links":{"self":[{"href":"https:\/\/www.europesays.com\/no\/wp-json\/wp\/v2\/posts\/24158","targetHints":{"allow":["GET"]}}],"collection":[{"href":"https:\/\/www.europesays.com\/no\/wp-json\/wp\/v2\/posts"}],"about":[{"href":"https:\/\/www.europesays.com\/no\/wp-json\/wp\/v2\/types\/post"}],"author":[{"embeddable":true,"href":"https:\/\/www.europesays.com\/no\/wp-json\/wp\/v2\/users\/2"}],"replies":[{"embeddable":true,"href":"https:\/\/www.europesays.com\/no\/wp-json\/wp\/v2\/comments?post=24158"}],"version-history":[{"count":0,"href":"https:\/\/www.europesays.com\/no\/wp-json\/wp\/v2\/posts\/24158\/revisions"}],"wp:featuredmedia":[{"embeddable":true,"href":"https:\/\/www.europesays.com\/no\/wp-json\/wp\/v2\/media\/24159"}],"wp:attachment":[{"href":"https:\/\/www.europesays.com\/no\/wp-json\/wp\/v2\/media?parent=24158"}],"wp:term":[{"taxonomy":"category","embeddable":true,"href":"https:\/\/www.europesays.com\/no\/wp-json\/wp\/v2\/categories?post=24158"},{"taxonomy":"post_tag","embeddable":true,"href":"https:\/\/www.europesays.com\/no\/wp-json\/wp\/v2\/tags?post=24158"}],"curies":[{"name":"wp","href":"https:\/\/api.w.org\/{rel}","templated":true}]}}