{"id":24194,"date":"2025-09-01T17:10:18","date_gmt":"2025-09-01T17:10:18","guid":{"rendered":"https:\/\/www.europesays.com\/no\/24194\/"},"modified":"2025-09-01T17:10:18","modified_gmt":"2025-09-01T17:10:18","slug":"trafikk-ulykker-og-hendelser-sjafor-tordner-etter-utforkjoring-ikke-egna-forhold","status":"publish","type":"post","link":"https:\/\/www.europesays.com\/no\/24194\/","title":{"rendered":"Trafikk, Ulykker og hendelser | Sj\u00e5f\u00f8r tordner etter utforkj\u00f8ring: \u2013 Ikke egna forhold"},"content":{"rendered":"\n<p>Semitraileren har kj\u00f8rt av vegen p\u00e5 Fylkesveg 6818 p\u00e5 Ekne. Vegen er en av omkj\u00f8ringsvegene etter raset p\u00e5 \u00c5sen.<\/p>\n<p>Etter det Tr\u00f8nder-Avisa f\u00e5r opplyst skal det v\u00e6re store problemer med trafikkavviklingen p\u00e5 stedet.<\/p>\n<p>\u2013 Jeg kan bekrefte at vi har f\u00e5tt melding fra Vegtrafikksentralen om en ulykke med en semitrailer. Det er bestilt bilberging som vil v\u00e6re der om 45 minutter, sier operasjonsleder Guro Vasseljen Klein hos Tr\u00f8ndelag politidistrikt kl. 9.35.<\/p>\n<p>Klein hadde ingen andre opplysninger om utforkj\u00f8ringa, eller om den f\u00f8rte til store problemer med trafikkavviklinga.<\/p>\n<p>Omkj\u00f8ringsveg<\/p>\n<p>Fylkesvegen brukes som omkj\u00f8ring i s\u00f8rg\u00e5ende retning i forbindelse med raset som tok med seg E6.<\/p>\n<p>   <img decoding=\"async\" width=\"5712\" height=\"4284\" fetchpriority=\"low\"  loading=\"lazy\"  src=\"https:\/\/www.europesays.com\/no\/wp-content\/uploads\/2025\/09\/photo+(6)_1.jpg\" alt=\"\" class=\"brick-c-cFOWSL\" style=\"--brick-image-ratio: 5712 \/ 4284;\"\/><\/p>\n<p>    SMAL: Etter sj\u00e5f\u00f8rens mening er forholdene p\u00e5 omkj\u00f8ringsvegen ikke egnet for st\u00f8rre kj\u00f8ret\u00f8y.<br \/>\n    Foto: Ander Vinje\n  <\/p>\n<p>Trailersj\u00e5f\u00f8r Olav Stornes kj\u00f8rer for Kristensen Transport AS, og var den som var uheldig og havnet i gr\u00f8fta p\u00e5 Ekne. Han sier f\u00f8lgende om omkj\u00f8ringsvegen.<\/p>\n<p>\u2013 Forholdene er ikke egna for dette. Hvis vegen skal brukes som omkj\u00f8ring b\u00f8r det v\u00e6re totalt kj\u00f8reforbud for storbil andre vegen, sier Stornes.<\/p>\n<p>Anbefaler envegskj\u00f8ring<\/p>\n<p>Han mener omkj\u00f8ringsvegen p\u00e5 Ekne b\u00f8r ta h\u00e5nd om s\u00f8rg\u00e5ende trafikk, mens nordg\u00e5ende trafikk b\u00f8r sendes over vegen ved Hoklingen.<\/p>\n<p>\u2013 N\u00e5r du kommer her, og er godt lastet, s\u00e5 tar det en stund f\u00f8r du rekker \u00e5 stoppe. Jeg m\u00f8tte en i svingen her, og hadde ingen sjanse. Vegskuldra ga etter med en gang, sier Stornes.<\/p>\n<p>    Vil du se neste video?<\/p>\n<p>    <a href=\"https:\/\/www.t-a.no\/leservideo\/v\/5-116-2210682\" class=\"recommend-poster\" data-adp-clicklabel=\"video-recommend\" data-adp-clickvalue=\"poster\" rel=\"nofollow noopener\" target=\"_blank\"><br \/>\n      <img decoding=\"async\" width=\"200\" height=\"200\" loading=\"lazy\" src=\"https:\/\/www.europesays.com\/no\/wp-content\/uploads\/2025\/09\/v-i-76092711-6176-40f7-bb08-cce5272786bf-1.jpg\" alt=\"\" class=\"brick-c-cFOWSL\" style=\"--brick-image-ratio: 200 \/ 200;\"\/><\/p>\n<p>Her ser hun raset0:22<\/p>\n<p>    <\/a><\/p>\n<p>Saken oppdateres.<\/p>\n","protected":false},"excerpt":{"rendered":"Semitraileren har kj\u00f8rt av vegen p\u00e5 Fylkesveg 6818 p\u00e5 Ekne. Vegen er en av omkj\u00f8ringsvegene etter raset p\u00e5&hellip;\n","protected":false},"author":2,"featured_media":24195,"comment_status":"","ping_status":"","sticky":false,"template":"","format":"standard","meta":{"footnotes":""},"categories":[5],"tags":[3700,36,20,21,24,25,15,19,22,23,492,17,18,13,30,28,29,14,16,1510,26,27,224,941],"class_list":{"0":"post-24194","1":"post","2":"type-post","3":"status-publish","4":"format-standard","5":"has-post-thumbnail","7":"category-overskrifter","8":"tag-ta-il","9":"tag-art","10":"tag-breaking-news","11":"tag-breakingnews","12":"tag-featured-news","13":"tag-featurednews","14":"tag-headlines","15":"tag-hovedoppslag","16":"tag-latest-news","17":"tag-latestnews","18":"tag-levanger","19":"tag-main-news","20":"tag-mainnews","21":"tag-news","22":"tag-no","23":"tag-norge","24":"tag-norway","25":"tag-nyheter","26":"tag-overskrifter","27":"tag-story","28":"tag-top-stories","29":"tag-topstories","30":"tag-trafikk","31":"tag-ulykker-og-hendelser"},"share_on_mastodon":{"url":"","error":""},"_links":{"self":[{"href":"https:\/\/www.europesays.com\/no\/wp-json\/wp\/v2\/posts\/24194","targetHints":{"allow":["GET"]}}],"collection":[{"href":"https:\/\/www.europesays.com\/no\/wp-json\/wp\/v2\/posts"}],"about":[{"href":"https:\/\/www.europesays.com\/no\/wp-json\/wp\/v2\/types\/post"}],"author":[{"embeddable":true,"href":"https:\/\/www.europesays.com\/no\/wp-json\/wp\/v2\/users\/2"}],"replies":[{"embeddable":true,"href":"https:\/\/www.europesays.com\/no\/wp-json\/wp\/v2\/comments?post=24194"}],"version-history":[{"count":0,"href":"https:\/\/www.europesays.com\/no\/wp-json\/wp\/v2\/posts\/24194\/revisions"}],"wp:featuredmedia":[{"embeddable":true,"href":"https:\/\/www.europesays.com\/no\/wp-json\/wp\/v2\/media\/24195"}],"wp:attachment":[{"href":"https:\/\/www.europesays.com\/no\/wp-json\/wp\/v2\/media?parent=24194"}],"wp:term":[{"taxonomy":"category","embeddable":true,"href":"https:\/\/www.europesays.com\/no\/wp-json\/wp\/v2\/categories?post=24194"},{"taxonomy":"post_tag","embeddable":true,"href":"https:\/\/www.europesays.com\/no\/wp-json\/wp\/v2\/tags?post=24194"}],"curies":[{"name":"wp","href":"https:\/\/api.w.org\/{rel}","templated":true}]}}