{"id":2421,"date":"2025-08-08T13:02:12","date_gmt":"2025-08-08T13:02:12","guid":{"rendered":"https:\/\/www.europesays.com\/no\/2421\/"},"modified":"2025-08-08T13:02:12","modified_gmt":"2025-08-08T13:02:12","slug":"parr-med-oppfolgar-til-bestseljar","status":"publish","type":"post","link":"https:\/\/www.europesays.com\/no\/2421\/","title":{"rendered":"Parr med oppf\u00f8lgar til bestseljar"},"content":{"rendered":"<p>Ogs\u00e5 denne gongen handlar det om stores\u00f8ster Ida og hennar eigenr\u00e5dige veslebror Oskar.<\/p>\n<p><strong>Boka, som kjem ut p\u00e5 Samlaget, har f\u00e5tt tittelen \u00abOskar og eg. Alle tinga vi har\u00bb.<\/strong><\/p>\n<p>Det melder Samlaget sj\u00f8lve i ei pressemelding.<\/p>\n<p><a href=\"https:\/\/www.smp.no\/kultur\/i\/dwXQ81\/maria-parr-etter-oskar-og-eg-to-ungar-eg-gjerne-vil-skrive-meir-om\" rel=\"nofollow noopener\" target=\"_blank\"> <img decoding=\"async\" src=\"data:image\/gif;base64,R0lGODlhEAAJAIAAAP\/\/\/wAAACH5BAEAAAAALAAAAAAQAAkAAAIKhI+py+0Po5yUFQA7\" alt=\"\"\/>   Maria Parr etter \u00abOskar og eg\u00bb: \u2013 To ungar eg gjerne vil skrive meir om  <\/a> <\/p>\n<p>For den f\u00f8rste boka om Ida og Oskar, \u00abOskar og eg. Alle plassane vi er\u00bb fr\u00e5 2023, fekk Parr og Irgens Brageprisen, Nynorsk barnelitteraturpris, samt nominasjon til Nordisk r\u00e5ds barne- og ungdomslitteraturpris, Kritikarprisen, Bokhandlarprisen og KUD illustrasjonspris.<\/p>\n<p>\u00abOskar og eg. Alle plassane vi er\u00bb selde over 20.000 eksemplar i Norge og rettane vart selde til 20 land.<\/p>\n<p><a href=\"https:\/\/www.smp.no\/kultur\/i\/xgE8WR\/straalande-kritikkar-for-parr-si-nye-bok\" rel=\"nofollow noopener\" target=\"_blank\"> <img decoding=\"async\" src=\"data:image\/gif;base64,R0lGODlhEAAJAIAAAP\/\/\/wAAACH5BAEAAAAALAAAAAAQAAkAAAIKhI+py+0Po5yUFQA7\" alt=\"\"\/>   Str\u00e5lande kritikkar for Parr si nye bok  <\/a> <\/p>\n<p><strong>Maria Parr er f\u00f8dd i 1981 og kjem fr\u00e5 Vanylven. Ho slo gjennom med barneboka \u00abVaffelhjarte\u00bb i 2005.<\/strong><\/p>\n<p>Boka la ogs\u00e5 grunnlaget for ein popul\u00e6r TV-serie.<\/p>\n<p>Faren til Maria Parr, Vidar, var i 22 \u00e5r redakt\u00f8r i Synste M\u00f8re.<\/p>\n<p><strong>Han d\u00f8ydde i mars fjor. <a href=\"https:\/\/www.smp.no\/kultur\/i\/bm7w85\/tampane-til-vidar-parr-har-blitt-bok\" rel=\"noopener nofollow\" target=\"_blank\">\u00abTampane\u00bb<\/a> Parr skreiv i Synste M\u00f8re vart gitt ut som bok i fjor haust.<\/strong><\/p>\n<p><a href=\"https:\/\/www.smp.no\/kultur\/i\/8qlLOQ\/ny-pris-for-oskar-og-eg\" rel=\"nofollow noopener\" target=\"_blank\"> <img decoding=\"async\" src=\"data:image\/gif;base64,R0lGODlhEAAJAIAAAP\/\/\/wAAACH5BAEAAAAALAAAAAAQAAkAAAIKhI+py+0Po5yUFQA7\" alt=\"\"\/>   Ny pris for \u00abOskar og eg\u00bb  <\/a> <a href=\"https:\/\/www.smp.no\/kultur\/i\/mQ3ex0\/faa-de-siste-lokale-kulturnyhetene-paa-nordvestlandet\" rel=\"nofollow noopener\" target=\"_blank\"> <img decoding=\"async\" src=\"data:image\/gif;base64,R0lGODlhEAAJAIAAAP\/\/\/wAAACH5BAEAAAAALAAAAAAQAAkAAAIKhI+py+0Po5yUFQA7\" alt=\"\"\/>   F\u00e5 de siste lokale kulturnyheitene p\u00e5 Nordvestlandet  <\/a> <a href=\"https:\/\/www.smp.no\/nyheter\/i\/g61r6a\/nyhetsstudio\" rel=\"nofollow noopener\" target=\"_blank\">   Nyhetsstudio  <\/a> <\/p>\n","protected":false},"excerpt":{"rendered":"Ogs\u00e5 denne gongen handlar det om stores\u00f8ster Ida og hennar eigenr\u00e5dige veslebror Oskar. Boka, som kjem ut p\u00e5&hellip;\n","protected":false},"author":2,"featured_media":2422,"comment_status":"","ping_status":"","sticky":false,"template":"","format":"standard","meta":{"footnotes":""},"categories":[58],"tags":[633,150,71,629,30,28,29,630,631,72,632],"class_list":{"0":"post-2421","1":"post","2":"type-post","3":"status-publish","4":"format-standard","5":"has-post-thumbnail","7":"category-underholdning","8":"tag-barnebok","9":"tag-bok","10":"tag-entertainment","11":"tag-maria-parr","12":"tag-no","13":"tag-norge","14":"tag-norway","15":"tag-nynorsk","16":"tag-samlaget","17":"tag-underholdning","18":"tag-vanylven"},"share_on_mastodon":{"url":"","error":""},"_links":{"self":[{"href":"https:\/\/www.europesays.com\/no\/wp-json\/wp\/v2\/posts\/2421","targetHints":{"allow":["GET"]}}],"collection":[{"href":"https:\/\/www.europesays.com\/no\/wp-json\/wp\/v2\/posts"}],"about":[{"href":"https:\/\/www.europesays.com\/no\/wp-json\/wp\/v2\/types\/post"}],"author":[{"embeddable":true,"href":"https:\/\/www.europesays.com\/no\/wp-json\/wp\/v2\/users\/2"}],"replies":[{"embeddable":true,"href":"https:\/\/www.europesays.com\/no\/wp-json\/wp\/v2\/comments?post=2421"}],"version-history":[{"count":0,"href":"https:\/\/www.europesays.com\/no\/wp-json\/wp\/v2\/posts\/2421\/revisions"}],"wp:featuredmedia":[{"embeddable":true,"href":"https:\/\/www.europesays.com\/no\/wp-json\/wp\/v2\/media\/2422"}],"wp:attachment":[{"href":"https:\/\/www.europesays.com\/no\/wp-json\/wp\/v2\/media?parent=2421"}],"wp:term":[{"taxonomy":"category","embeddable":true,"href":"https:\/\/www.europesays.com\/no\/wp-json\/wp\/v2\/categories?post=2421"},{"taxonomy":"post_tag","embeddable":true,"href":"https:\/\/www.europesays.com\/no\/wp-json\/wp\/v2\/tags?post=2421"}],"curies":[{"name":"wp","href":"https:\/\/api.w.org\/{rel}","templated":true}]}}