{"id":242349,"date":"2026-05-19T22:38:14","date_gmt":"2026-05-19T22:38:14","guid":{"rendered":"https:\/\/www.europesays.com\/no\/242349\/"},"modified":"2026-05-19T22:38:14","modified_gmt":"2026-05-19T22:38:14","slug":"nyheter-17-mai-foreslar-a-endre-17-mai-feiringen-i-bergen","status":"publish","type":"post","link":"https:\/\/www.europesays.com\/no\/242349\/","title":{"rendered":"Nyheter, 17. mai | Foresl\u00e5r \u00e5 endre 17. mai-feiringen i Bergen"},"content":{"rendered":"\n<p>Fulle ungdommer, roping, spy og sl\u00e5ssing gjorde det ubehagelig for mange i Bergen sentrum 17. mai. Mange sv\u00e6rt unge ravet synlig beruset rundt i gatene.<\/p>\n<p>Det har f\u00e5tt mange til \u00e5 reagere.<\/p>\n<p>En av dem er tidligere Bergen-ordf\u00f8rer Trude Drevland. Hun reagerer sterkt, og <a href=\"https:\/\/www.ba.no\/trude-drevland-ut-mot-17-mai-fylla\/s\/5-8-3408380\" rel=\"Follow nofollow noopener\" target=\"_blank\">i et innlegg p\u00e5 Facebook skriver hun at hun ikke kjenner igjen byen \u00absin\u00bb<\/a>.<\/p>\n<p>\u2013 Neste \u00e5r m\u00e5 kommunen ta ansvar for \u00e5 forhindre lignende scener. I 2022 arrangerte en gruppe frivillige organisasjoner et arrangement for ungdom p\u00e5 Fysak Slettebakken p\u00e5 16. mai for \u00e5 gi et alternativ til gr\u00f8ftefyll. Det var en stor suksess, sier Katrine Berg N\u00f8dtvedt i Milj\u00f8partiet De Gr\u00f8nne.<\/p>\n<p>Og legger til:<\/p>\n<p>\u2013 N\u00e5r festingen n\u00e5 ser ut til \u00e5 ha flyttet seg til 17. mai burde kommunen ta initiativ til et lignende alternativ p\u00e5 selve nasjonaldagen.<\/p>\n<p>  <a href=\"https:\/\/www.ba.no\/5-8-3409112\" class=\"related-teaser has-image article--c-MkAkR\" rel=\"nofollow noopener\" target=\"_blank\"><\/p>\n<p>    <img decoding=\"async\" width=\"155\"  loading=\"lazy\"  src=\"https:\/\/www.europesays.com\/no\/wp-content\/uploads\/2026\/05\/1779230292_3_EH9_2915.JPG\" alt=\"\" class=\"brick-c-cFOWSL\" style=\"\"\/><\/p>\n<p>\n            Les ogs\u00e5<\/p>\n<p>            Tordentale fra ordf\u00f8reren: \u2013 N\u00e5 m\u00e5 foreldre skjerpe seg!\n        <\/p>\n<p>  <\/a><br \/>\n  Konserter i bydelene<\/p>\n<p>N\u00f8dtvedt legger frem et forslag i bystyret onsdag om at byr\u00e5det g\u00e5r i dialog med frivillige organisasjoner som jobber med ungdom med invitasjon til et samarbeid om rusfrie arrangementer eller konserter p\u00e5 17. mai 2027.<\/p>\n<p>\u2013 Det b\u00f8r legges til rette for minst ett arrangement per bydel, forteller hun.<\/p>\n<p>I forslaget skriver MDG at kommunen b\u00f8r involvere ungdommer i planleggingen, og de vil at byr\u00e5det skal sette av penger i budsjettet til form\u00e5let.<\/p>\n<p>Linn Eng\u00f8 i Arbeiderpartiet er positiv til \u00e5 tilrettelegge for ungdomsarrangementer i bydelene som kan bidra til \u00e5 holde ungdommer borte fra sentrum. <\/p>\n<p>\u2013 Jeg tror det er en god id\u00e9 at alle som har en aksje i 17. mai-feiringen setter seg ned \u00e5 ser p\u00e5 hva som kan gj\u00f8res, men jeg er opptatt av at vi planlegger dette p\u00e5 ungdommene sine premisser, sier Eng\u00f8. <\/p>\n<p>Hun bor i byen og har sett ungdomsfylla p\u00e5 n\u00e6rt hold. <\/p>\n<p>\u2013 Det kan ikke fortsette slik, p\u00e5peker hun.<\/p>\n<p>  <a href=\"https:\/\/www.ba.no\/5-8-3403121\" class=\"related-teaser has-image article--c-MkAkR\" rel=\"nofollow noopener\" target=\"_blank\"><\/p>\n<p>    <img decoding=\"async\" width=\"155\"  loading=\"lazy\"  src=\"https:\/\/www.europesays.com\/no\/wp-content\/uploads\/2026\/05\/Lothe_1.jpg\" alt=\"\" class=\"brick-c-cFOWSL\" style=\"\"\/><\/p>\n<p>\n            Les ogs\u00e5<\/p>\n<p>            Klar oppfordring: \u2013 Ikke s\u00e5 sjarmerende\n        <\/p>\n<p>  <\/a><br \/>\n  Reagerer p\u00e5 tidspunkt<\/p>\n<p>Ordf\u00f8rer Marit Warncke mener kommunen og 17. mai-komiteen gj\u00f8r det de kan for \u00e5 unng\u00e5 ungdomsfylla p\u00e5 nasjonaldagen. Det kommer frem i en sak i <a href=\"https:\/\/www.ba.no\/tordentale-fra-ordforeren-na-ma-foreldre-skjerpe-seg\/s\/5-8-3409112\" rel=\"Follow nofollow noopener\" target=\"_blank\">BA<\/a>. <\/p>\n<p>Ungdomsmamma Solbj\u00f8rg Marjala synes det var provoserende \u00e5 lese i BA at ordf\u00f8rer Marit Warncke ikke tok noe ansvar for at 17. mai-feiringen i Bergen skled ut, men oppfordret foreldre til \u00e5 ta mer ansvar. <\/p>\n<p>Hun og en annen mor var sammen p\u00e5 Festplassen fra 2200 til 2400. De var der for \u00e5 f\u00f8lge sine ungdommer hjem etter arrangementet.<\/p>\n<p>\u2013 Vi s\u00e5 at kommunen selv lager en heisafest midt i byen med russemusikk og fakkeltog. Ikke nok med det, s\u00e5 avsluttes det hele med fyrverkeri f\u00f8rst klokken kvart over elleve. Vis meg den ungdommen som frivillig g\u00e5r hjem fra dette spetakkelet med sin mor. Det var faktisk umulig \u00e5 f\u00e5 med v\u00e5re ungdommer hjem f\u00f8r det hele var slutt, skriver hun til BA. <\/p>\n<p>Marjala synes det er bra at kommunen lager fest, men hun reagerer p\u00e5 tidspunktet.<\/p>\n<p>\u2013 Arrangementet burde sluttet mye f\u00f8r &#8211; da hadde vi foreldre som var der b\u00e5de sluppet unna mye underlig musikk, og vi hadde f\u00e5tt med ungdommene hjem, p\u00e5peker hun.<\/p>\n<p>Marit Warncke (H) svarer p\u00e5 kritikken:<\/p>\n<p>\u2013 17. mai-komiteen, politiet, R\u00f8de Kors og byens frivillige gj\u00f8r en formidabel jobb for \u00e5 skape en folkefest i Bergen, slik at b\u00e5de unge og voksne kan f\u00f8le seg trygge. Det vil bli en evaluering av \u00e5rets 17. mai, ogs\u00e5 i \u00e5r. Vi tar gjerne imot forslag til nye tiltak som kan settes i gang.<\/p>\n<p><a class=\"brick-c-hOTghF\" href=\"#skip-\">Hopp over karusellen.<\/a><\/p>\n<p data-static=\"\" class=\"brick-c-fgNmNC\" id=\"carousel-title-\">Innholdskarusell med 20 artikler.<\/p>\n<ul data-static=\"\" aria-label=\"Navigasjon for innholdskarusell\" class=\"carousel-nav\">\n<li>\n<\/li>\n<li>\n<\/li>\n<\/ul>\n<p>    \u2013 Skal lage fest for bergenserne<\/p>\n<p>Asbj\u00f8rn Hodnekvam, formann i 17. mai-komiteen, vil ikke i utgangspunktet gj\u00f8re endringer p\u00e5 kveldsarrangementet p\u00e5 nasjonaldagen.<\/p>\n<p>\u2013 Vi har ikke diskutert \u00e5 gj\u00f8re noen endringer, sier han.<\/p>\n<p>Han har ikke f\u00e5tt noen d\u00e5rlige tilbakemeldinger p\u00e5 det som skjedde p\u00e5 Festplassen p\u00e5 kvelden.<\/p>\n<p>\u2013 17. mai-komiteen har arrangert 17. mai i Bergen i 179 \u00e5r. Jeg ser ikke for meg at vi gj\u00f8r noe annerledes med 17. mai i Bergen neste \u00e5r. Jeg tenker vi skal lage en fest for bergensere. Det er en del av den bergenske historien, p\u00e5peker Hodnekvam. <\/p>\n<p>Senere denne uken skal 17. mai-komiteen ha et oppsummeringsm\u00f8te med Bergen kommune, politiet, Helse Bergen og legevakten. Da skal de g\u00e5 gjennom \u00e5rets feiring.<\/p>\n<p>\u2013 Jeg skj\u00f8nner at folk er bekymret, og jeg har forst\u00e5else for at de synes det er ubehagelig \u00e5 se p\u00e5 fulle ungdommer, men jeg sitter ikke igjen med en f\u00f8lelse av at det var verre i \u00e5r enn tidligere, sier han. <\/p>\n<p>Og legger til: <\/p>\n<p>\u2013 Jeg skal ikke bagatellisere det som skje, og alle tiltak som kan gj\u00f8re at vi f\u00e5r bukt med ungdomsfylla er kj\u00e6rkomne.<\/p>\n<p>Hodnekvam er positiv til forslaget om \u00e5 f\u00e5 i gang arrangementer for ungdommer i bydelene p\u00e5 17. mai.<\/p>\n<p>\u2013 Det har vi ingenting imot, men det erutenfor v\u00e5rt mandat, sier han.<\/p>\n<p>  <a href=\"https:\/\/www.ba.no\/5-8-3408491\" class=\"related-teaser has-image article--c-MkAkR\" rel=\"nofollow noopener\" target=\"_blank\"><\/p>\n<p>    <img decoding=\"async\" width=\"155\"  loading=\"lazy\"  src=\"https:\/\/www.europesays.com\/no\/wp-content\/uploads\/2026\/05\/rrrrrrr.jpg\" alt=\"\" class=\"brick-c-cFOWSL\" style=\"\"\/><\/p>\n<p>\n            Les ogs\u00e5<\/p>\n<p>            Dobling i utrykninger for politiet p\u00e5 17. mai\n        <\/p>\n<p>  <\/a><\/p>\n<p>  <a href=\"https:\/\/www.ba.no\/5-8-3408380\" class=\"related-teaser has-image article--c-MkAkR\" rel=\"nofollow noopener\" target=\"_blank\"><\/p>\n<p>    <img decoding=\"async\" width=\"155\"  loading=\"lazy\"  src=\"https:\/\/www.europesays.com\/no\/wp-content\/uploads\/2026\/05\/1779230293_683_Trude.jpg\" alt=\"\" class=\"brick-c-cFOWSL\" style=\"\"\/><\/p>\n<p>\n            Les ogs\u00e5<\/p>\n<p>            Tidligere bergensordf\u00f8rer freser mot 17. mai-fylla\n        <\/p>\n<p>  <\/a><\/p>\n<p>  <a href=\"https:\/\/www.ba.no\/5-8-3408349\" class=\"related-teaser has-image article--c-MkAkR\" rel=\"nofollow noopener\" target=\"_blank\"><\/p>\n<p>    <img decoding=\"async\" width=\"155\"  loading=\"lazy\"  src=\"https:\/\/www.europesays.com\/no\/wp-content\/uploads\/2026\/05\/1779230294_180_IMG_2130.jpg\" alt=\"\" class=\"brick-c-cFOWSL\" style=\"\"\/><\/p>\n<p>\n            Les ogs\u00e5<\/p>\n<p>            Travel natt for politiet: \u2013 Slagsm\u00e5l og berusede personer\n        <\/p>\n<p>  <\/a><\/p>\n","protected":false},"excerpt":{"rendered":"Fulle ungdommer, roping, spy og sl\u00e5ssing gjorde det ubehagelig for mange i Bergen sentrum 17. mai. Mange sv\u00e6rt&hellip;\n","protected":false},"author":2,"featured_media":242350,"comment_status":"","ping_status":"","sticky":false,"template":"","format":"standard","meta":{"footnotes":"","_share_on_mastodon":"0"},"categories":[10],"tags":[14670,36,1982,20,21,24,25,15,22,23,13,30,28,29,14,16,1510,26,27],"class_list":["post-242349","post","type-post","status-publish","format-standard","has-post-thumbnail","category-norge","tag-17-mai","tag-art","tag-bergen-sentrum","tag-breaking-news","tag-breakingnews","tag-featured-news","tag-featurednews","tag-headlines","tag-latest-news","tag-latestnews","tag-news","tag-no","tag-norge","tag-norway","tag-nyheter","tag-overskrifter","tag-story","tag-top-stories","tag-topstories"],"share_on_mastodon":{"url":"https:\/\/pubeurope.com\/@no\/116603644196495430","error":""},"_links":{"self":[{"href":"https:\/\/www.europesays.com\/no\/wp-json\/wp\/v2\/posts\/242349","targetHints":{"allow":["GET"]}}],"collection":[{"href":"https:\/\/www.europesays.com\/no\/wp-json\/wp\/v2\/posts"}],"about":[{"href":"https:\/\/www.europesays.com\/no\/wp-json\/wp\/v2\/types\/post"}],"author":[{"embeddable":true,"href":"https:\/\/www.europesays.com\/no\/wp-json\/wp\/v2\/users\/2"}],"replies":[{"embeddable":true,"href":"https:\/\/www.europesays.com\/no\/wp-json\/wp\/v2\/comments?post=242349"}],"version-history":[{"count":0,"href":"https:\/\/www.europesays.com\/no\/wp-json\/wp\/v2\/posts\/242349\/revisions"}],"wp:featuredmedia":[{"embeddable":true,"href":"https:\/\/www.europesays.com\/no\/wp-json\/wp\/v2\/media\/242350"}],"wp:attachment":[{"href":"https:\/\/www.europesays.com\/no\/wp-json\/wp\/v2\/media?parent=242349"}],"wp:term":[{"taxonomy":"category","embeddable":true,"href":"https:\/\/www.europesays.com\/no\/wp-json\/wp\/v2\/categories?post=242349"},{"taxonomy":"post_tag","embeddable":true,"href":"https:\/\/www.europesays.com\/no\/wp-json\/wp\/v2\/tags?post=242349"}],"curies":[{"name":"wp","href":"https:\/\/api.w.org\/{rel}","templated":true}]}}