{"id":24240,"date":"2025-09-01T17:53:36","date_gmt":"2025-09-01T17:53:36","guid":{"rendered":"https:\/\/www.europesays.com\/no\/24240\/"},"modified":"2025-09-01T17:53:36","modified_gmt":"2025-09-01T17:53:36","slug":"naeringsliv-nyheter-har-satt-opp-pop-up-butikk-mens-lokalene-pusses-opp","status":"publish","type":"post","link":"https:\/\/www.europesays.com\/no\/24240\/","title":{"rendered":"N\u00e6ringsliv, Nyheter | Har satt opp pop-up-butikk mens lokalene pusses opp"},"content":{"rendered":"\n<p>\u2013 Vi har ikke gjort s\u00e5 mye med butikken etter at de ble tablert her p\u00e5 Granstunet. Onsdag 10. september holder vi helt stengt, men vi \u00e5pner igjen 11. september under Potetfestivalen i Gran, forteller daglig leder Hans Martin Hellum Danielsen.<\/p>\n<p>Det er Telenor som har ytret \u00f8nske om \u00e5 freshe opp butikken i Gran.<\/p>\n<p>\u2013 Vi er fem ansatte her og vi yter service mens butikklokalet blir gjort om og fornyet. Vi har alt tilgjengelig av det folk trenger uansett, inkludert service og all mulig hjelp, sier Danielsen.<\/p>\n<p>Han og medarbeiderne lokker med tilbud under gjen\u00e5pning 11. september.<\/p>\n<p>\u2013 Det er litt tilfeldig at det skjer under Potetfestivalen, men passer oss bra.<\/p>\n<p>  <a href=\"https:\/\/www.hadeland.no\/5-21-1272972\" class=\"related-teaser has-image default-story-teaser article--c-eRUmMG article--c-eRUmMG-jKCPdD-design-default\" rel=\"nofollow noopener\" target=\"_blank\"><\/p>\n<p>    <img decoding=\"async\" loading=\"lazy\"  src=\"https:\/\/www.europesays.com\/no\/wp-content\/uploads\/2025\/09\/IMG_7361.jpg\" alt=\"\" class=\"brick-c-cFOWSL\" style=\"\"\/><\/p>\n<p>\n            Les ogs\u00e5<\/p>\n<p>              Besmir (20) fikk fagbrev i sommer: N\u00e5 skal han bli assisterende butikksjef sammen med Amund (20)\n        <\/p>\n<p>  <\/a><\/p>\n<p>Les mer om: artikkelemnene<\/p>\n","protected":false},"excerpt":{"rendered":"\u2013 Vi har ikke gjort s\u00e5 mye med butikken etter at de ble tablert her p\u00e5 Granstunet. Onsdag&hellip;\n","protected":false},"author":2,"featured_media":24241,"comment_status":"","ping_status":"","sticky":false,"template":"","format":"standard","meta":{"footnotes":""},"categories":[56],"tags":[36,60,61,1973,3871,62,30,28,29,14,2270,1510,3870],"class_list":{"0":"post-24240","1":"post","2":"type-post","3":"status-publish","4":"format-standard","5":"has-post-thumbnail","7":"category-naeringsliv","8":"tag-art","9":"tag-business","10":"tag-economy","11":"tag-gran","12":"tag-granstunet","13":"tag-naeringsliv","14":"tag-no","15":"tag-norge","16":"tag-norway","17":"tag-nyheter","18":"tag-oppussing","19":"tag-story","20":"tag-telenorbutikken"},"share_on_mastodon":{"url":"","error":""},"_links":{"self":[{"href":"https:\/\/www.europesays.com\/no\/wp-json\/wp\/v2\/posts\/24240","targetHints":{"allow":["GET"]}}],"collection":[{"href":"https:\/\/www.europesays.com\/no\/wp-json\/wp\/v2\/posts"}],"about":[{"href":"https:\/\/www.europesays.com\/no\/wp-json\/wp\/v2\/types\/post"}],"author":[{"embeddable":true,"href":"https:\/\/www.europesays.com\/no\/wp-json\/wp\/v2\/users\/2"}],"replies":[{"embeddable":true,"href":"https:\/\/www.europesays.com\/no\/wp-json\/wp\/v2\/comments?post=24240"}],"version-history":[{"count":0,"href":"https:\/\/www.europesays.com\/no\/wp-json\/wp\/v2\/posts\/24240\/revisions"}],"wp:featuredmedia":[{"embeddable":true,"href":"https:\/\/www.europesays.com\/no\/wp-json\/wp\/v2\/media\/24241"}],"wp:attachment":[{"href":"https:\/\/www.europesays.com\/no\/wp-json\/wp\/v2\/media?parent=24240"}],"wp:term":[{"taxonomy":"category","embeddable":true,"href":"https:\/\/www.europesays.com\/no\/wp-json\/wp\/v2\/categories?post=24240"},{"taxonomy":"post_tag","embeddable":true,"href":"https:\/\/www.europesays.com\/no\/wp-json\/wp\/v2\/tags?post=24240"}],"curies":[{"name":"wp","href":"https:\/\/api.w.org\/{rel}","templated":true}]}}