{"id":24301,"date":"2025-09-01T19:25:17","date_gmt":"2025-09-01T19:25:17","guid":{"rendered":"https:\/\/www.europesays.com\/no\/24301\/"},"modified":"2025-09-01T19:25:17","modified_gmt":"2025-09-01T19:25:17","slug":"politiet-apner-bred-etterforskning-av-kvikkleireraset-i-levanger","status":"publish","type":"post","link":"https:\/\/www.europesays.com\/no\/24301\/","title":{"rendered":"Politiet \u00e5pner bred etterforskning av kvikkleireraset i Levanger"},"content":{"rendered":"<p data-start=\"405\" data-end=\"576\">\u2013 Det er altfor tidlig \u00e5 uttale seg spesifikt om konkrete forhold og eventuelle mistenkte i saken, sier politiadvokat Kjetil Bruland S\u00f8rensen i Tr\u00f8ndelag politidistrikt.<\/p>\n<p data-start=\"578\" data-end=\"705\">If\u00f8lge politiet skal etterforskningen s\u00e6rlig se p\u00e5 om anleggsarbeidet som p\u00e5gikk i omr\u00e5det kan ha bidratt til \u00e5 utl\u00f8se raset.<\/p>\n<p>Dansk mann savnet<\/p>\n<p>Forel\u00f8pig har politiet gjort innledende avh\u00f8r av vitner. De vil n\u00e5 skaffe seg oversikt over rapporter og annen dokumentasjon, i tillegg til at det vil bli tatt andre etterforskningsskritt. Politiet har ogs\u00e5 opprettet kontakt med Arbeidstilsynet.<\/p>\n<p>Det er \u00e5 vente at etterforskningen vil ta tid, opplyser politiet.<\/p>\n<p>Saken etterforskes som en mulig arbeidsulykke med d\u00f8dsf\u00f8lge.<\/p>\n<p><strong>Det danske ingeni\u00f8rfirmaet Niras har opplyst at en av deres ansatte er savnet etter raset. Mannen er n\u00e5 antatt omkommet, men s\u00f8ket etter ham fortsetter.<\/strong><\/p>\n<p><img decoding=\"async\" width=\"860\" class=\" md:max-w-body-wide cursor-pointer\" src=\"https:\/\/www.europesays.com\/no\/wp-content\/uploads\/2025\/09\/original.jpg\"  alt=\"Saken etterforskes som en mulig arbeidsulykke med d\u00f8dsf\u00f8lge. Foto: \u00a0Arash A. Nejad\" loading=\"lazy\"\/>Saken etterforskes som en mulig arbeidsulykke med d\u00f8dsf\u00f8lge. Foto: \u00a0Arash A. Nejad Kjente risikoen<\/p>\n<p data-start=\"1397\" data-end=\"1723\">Geotekniske unders\u00f8kelser fra b\u00e5de 2022 og 2024 dokumenterte at grunnen best\u00e5r av leire med varierende styrke og sensitivitet, inkludert soner med b\u00e5de spr\u00f8bruddleire og kvikkleire.<\/p>\n<p data-start=\"1397\" data-end=\"1723\">I en rapport fra 2022 ble kvikkleire p\u00e5vist i flere borepunkter p\u00e5 4 til 10 meters dybde, mens en senere unders\u00f8kelse fra 2024 fant kvikkleire dypere i grunnen, blant annet i ett borepunkt p\u00e5 rundt \u00e5tte meters dybde.<\/p>\n<p data-start=\"1397\" data-end=\"1723\"><strong>I kommunens risiko- og s\u00e5rbarhetsanalyse fra 2022 ble kvikkleireskred vurdert som en u\u00f8nsket hendelse med middels til h\u00f8y risiko, spesielt fordi konsekvensene ved et eventuelt ras kunne v\u00e6re sv\u00e6rt alvorlige.<\/strong><\/p>\n<p data-start=\"1397\" data-end=\"1723\">Planbeskrivelsen for kryssingssporet ved Nesvatnet peker ogs\u00e5 p\u00e5 at omr\u00e5det ligger innenfor en hensynssone for ras- og skredfare, og at det derfor ble gjennomf\u00f8rt en omr\u00e5destabilitetsanalyse i tr\u00e5d med NVEs veileder.<\/p>\n<p data-start=\"1397\" data-end=\"1723\">Denne analysen konkluderte riktignok med at omr\u00e5destabiliteten tilfredsstilte gjeldende krav, og at det ikke var behov for s\u00e6rskilte sikringstiltak.<\/p>\n<p><img decoding=\"async\" width=\"860\" class=\" md:max-w-body-wide cursor-pointer\" src=\"https:\/\/www.europesays.com\/no\/wp-content\/uploads\/2025\/09\/1756754716_229_original.jpg\"  alt=\"Tr\u00f8ndelag politidistrikt har startet etterforskning av kvikkleireraset i Levanger. Foto: \u00a0Arash A. Nejad\" loading=\"lazy\"\/>Tr\u00f8ndelag politidistrikt har startet etterforskning av kvikkleireraset i Levanger. Foto: \u00a0Arash A. Nejad F\u00f8lger saken tett<\/p>\n<p data-start=\"1725\" data-end=\"1879\">Mandag bes\u00f8kte samferdselsminister Jon-Ivar Nyg\u00e5rd (Ap) rasomr\u00e5det for \u00e5 f\u00e5 orientering.<\/p>\n<p data-start=\"1725\" data-end=\"1879\">\u2013 Vi tenker f\u00f8rst og fremst p\u00e5 de som er ber\u00f8rte og de p\u00e5r\u00f8rende, sa han til TU.\u00a0<\/p>\n<p data-start=\"1725\" data-end=\"1879\">Statsr\u00e5den understreket at regjeringen f\u00f8lger saken tett og vil avvente konklusjonene fra politiets og tilsynsmyndighetenes unders\u00f8kelser. Han p\u00e5pekte samtidig at bygging i omr\u00e5der med kvikkleire ofte er uunng\u00e5elig i Norge, og at hendelsen kan gi viktig l\u00e6rdom.<\/p>\n<p data-start=\"1725\" data-end=\"1879\"><strong>\u2013 Det interessante n\u00e5 blir \u00e5 se om denne hendelsen gir oss kunnskap som gj\u00f8r oss bedre i stand til \u00e5 bygge trygt i kvikkleireomr\u00e5der i fremtiden, sa Nyg\u00e5rd.<\/strong><\/p>\n<p data-start=\"1725\" data-end=\"1879\">Raset har f\u00f8rt til full stans b\u00e5de p\u00e5 E6 og Nordlandsbanen, som begge er viktige transport\u00e5rer gjennom Tr\u00f8ndelag. Det er satt i gang midlertidige omkj\u00f8ringsl\u00f8sninger, men konsekvensene for b\u00e5de person- og godstrafikk er store.<\/p>\n<p><a class=\"group clear-both w-full !no-underline my-8 sm:my-12 bg-stone-50 dark:bg-brandStone-700 dark:text-brandNeutral-100 flex items-stretch flex-nowrap\" href=\"https:\/\/www.tu.no\/artikler\/trikk-kjorte-inn-i-eplehuset-i-fjor-na-har-det-samme-skjedd-i-sverige\/559872\" rel=\"nofollow noopener\" target=\"_blank\"><img decoding=\"async\" class=\" object-cover h-full w-full transition-transform duration-700 ease-in-out group-hover:scale-[1.05] will-change-transform\" src=\"https:\/\/www.europesays.com\/no\/wp-content\/uploads\/2025\/09\/NTB_yLx5dgvqkz8.jpg\"  alt=\"Natt til fredag sporet en trikk av og krasjet inn i en bygning p\u00e5 Avenyen i G\u00f6teborg.\" loading=\"lazy\"\/><\/p>\n<p>Les ogs\u00e5:<\/p>\n<p class=\"group-hover:underline text-brandNeutral-900 dark:text-brandNeutral-100 mt-2 text-base sm:text-xl leading-5 sm:leading-6 font-bold\">Trikk kj\u00f8rte inn i Eplehuset \u2013 n\u00e5 har det samme skjedd i Sverige<\/p>\n<p><\/a><\/p>\n","protected":false},"excerpt":{"rendered":"\u2013 Det er altfor tidlig \u00e5 uttale seg spesifikt om konkrete forhold og eventuelle mistenkte i saken, sier&hellip;\n","protected":false},"author":2,"featured_media":24302,"comment_status":"","ping_status":"","sticky":false,"template":"","format":"standard","meta":{"footnotes":""},"categories":[10],"tags":[20,21,24,25,15,22,23,13,30,28,29,14,16,1149,223,26,27],"class_list":{"0":"post-24301","1":"post","2":"type-post","3":"status-publish","4":"format-standard","5":"has-post-thumbnail","7":"category-norge","8":"tag-breaking-news","9":"tag-breakingnews","10":"tag-featured-news","11":"tag-featurednews","12":"tag-headlines","13":"tag-latest-news","14":"tag-latestnews","15":"tag-news","16":"tag-no","17":"tag-norge","18":"tag-norway","19":"tag-nyheter","20":"tag-overskrifter","21":"tag-ras","22":"tag-samferdsel","23":"tag-top-stories","24":"tag-topstories"},"share_on_mastodon":{"url":"","error":""},"_links":{"self":[{"href":"https:\/\/www.europesays.com\/no\/wp-json\/wp\/v2\/posts\/24301","targetHints":{"allow":["GET"]}}],"collection":[{"href":"https:\/\/www.europesays.com\/no\/wp-json\/wp\/v2\/posts"}],"about":[{"href":"https:\/\/www.europesays.com\/no\/wp-json\/wp\/v2\/types\/post"}],"author":[{"embeddable":true,"href":"https:\/\/www.europesays.com\/no\/wp-json\/wp\/v2\/users\/2"}],"replies":[{"embeddable":true,"href":"https:\/\/www.europesays.com\/no\/wp-json\/wp\/v2\/comments?post=24301"}],"version-history":[{"count":0,"href":"https:\/\/www.europesays.com\/no\/wp-json\/wp\/v2\/posts\/24301\/revisions"}],"wp:featuredmedia":[{"embeddable":true,"href":"https:\/\/www.europesays.com\/no\/wp-json\/wp\/v2\/media\/24302"}],"wp:attachment":[{"href":"https:\/\/www.europesays.com\/no\/wp-json\/wp\/v2\/media?parent=24301"}],"wp:term":[{"taxonomy":"category","embeddable":true,"href":"https:\/\/www.europesays.com\/no\/wp-json\/wp\/v2\/categories?post=24301"},{"taxonomy":"post_tag","embeddable":true,"href":"https:\/\/www.europesays.com\/no\/wp-json\/wp\/v2\/tags?post=24301"}],"curies":[{"name":"wp","href":"https:\/\/api.w.org\/{rel}","templated":true}]}}