{"id":243227,"date":"2026-05-20T20:54:11","date_gmt":"2026-05-20T20:54:11","guid":{"rendered":"https:\/\/www.europesays.com\/no\/243227\/"},"modified":"2026-05-20T20:54:11","modified_gmt":"2026-05-20T20:54:11","slug":"nektes-pa-lorry-i-natt-dagbladet","status":"publish","type":"post","link":"https:\/\/www.europesays.com\/no\/243227\/","title":{"rendered":"\u00abNektes\u00bb p\u00e5 Lorry i natt &#8211; Dagbladet"},"content":{"rendered":"<ol>\n<li><a href=\"https:\/\/news.google.com\/rss\/articles\/CBMib0FVX3lxTE90Q2p0Sm5jdXlaZzV1V3B5V1NfN3BWS0lpd3RlV2RFQ2I2OEZWMVZKaGdnNm5WX0dVS2RQRzNXM2N6aDBGZHM4d01GTXA0WWlrTVRXT3lMQ1FYUUkwS1VZdGJJQXkwRHNqTWVmVlJ2RQ?oc=5\" target=\"_blank\" rel=\"nofollow noopener\">\u00abNektes\u00bb p\u00e5 Lorry i natt<\/a>&nbsp;&nbsp;Dagbladet<\/li>\n<li><a href=\"https:\/\/news.google.com\/rss\/articles\/CBMimwFBVV95cUxQRDdtaWZwZlBPNFE0cTVNVEttWm1wQm8zQ2VHekdqWExoSk9zVzVyMGI0a3pmb1FWb3E1MFc0dW4xVTBuaFg0N1RvY2h3NnBtcEhRVHFyOTMzMnRCYndMTFdwNjl4aWtjcXJUdlg3VG9aNVZvVHo2UV9IRjRVWnpERGozVUhDZ3Z6bDJIRjhuYlJhRXJuTjlDalZUdw?oc=5\" target=\"_blank\" rel=\"nofollow noopener\">Avsl\u00f8rer vond opplevelse p\u00e5 Slottet<\/a>&nbsp;&nbsp;Nettavisen<\/li>\n<li><a href=\"https:\/\/news.google.com\/rss\/articles\/CBMizwFBVV95cUxOcFAwTDh2UW5ZWHluTlRZNGpsN2Zfc1dlMDFxU3pfRHlzRGNVdFpnTEs1WVBBX2hRN1pLc0RuN0I2anVZUmktY01aZXV6dmZuOXFkVmFDS2RSSVR1My1aYjVLb2xFUHJnUGNGNmMzQjVjTUU0N1hmWHctdmJSMF9QOFJjMUhsbzRDMG5yQzRyMi10VU52X1MzMlhoc2F0UjFqSTFxdjF5aHYyWFR1V1ItNnNDR3BISVBaV3NOR3ZxUW1wa1Vqek8zSkFJQjEyRnc?oc=5\" target=\"_blank\" rel=\"nofollow noopener\">Regjeringen gjorde stas p\u00e5 Norges OL- og Paralympics-deltakere \u2013 \u00e6respriser til Kl\u00e6bo og Nilsen<\/a>&nbsp;&nbsp;adressa.no<\/li>\n<li><a href=\"https:\/\/news.google.com\/rss\/articles\/CBMirwFBVV95cUxPMkRzM3FoaWRRRnppQlNpcmQzZWVSa1RSRDlTdG1HaVdwUEtqbTlQNk9KUW00elptTnVPa1dZRnVqcGxrellMS1BNLUhKaUtwQXRHWmlHZGRnclJWa1BpZHQyT2xqZDg0UFNwN2VWV3haRGFpdUlLZGZTc2dBdlJpSVBmamp0Y1hMOW5PRWwtM0drRTJXaUk2a3N5LWhTbzhIcE1Cc2NqdjFONEdpWFp3?oc=5\" target=\"_blank\" rel=\"nofollow noopener\">\u00c6respriser til Kl\u00e6bo og Nilsen<\/a>&nbsp;&nbsp;NTB Kommunikasjon<\/li>\n<li><a href=\"https:\/\/news.google.com\/rss\/articles\/CBMiwgFBVV95cUxPZXZIMEFTWl93RjJoRHdYajFQZTJvNGhFRnRMVWlqUndMeXdNNm16SUQ1eXBXYjdJZjBKOHhySWxsU2t6bWZJdXh6RERYLTNkMm95Tl9yZEZxbWNzUWF1aXhfVWhXS04xWnVCZDlGQzFIM3FndjVSdDJLblFSMEdNd2JaaklJdHc5WVBkRGdFTDhTMG1qTHZRVHAxcE1JVW5Fd3pPSTV3S3VpcEhjdlZzN0plTGlCNlUtMk1oVjctb2pBUQ?oc=5\" target=\"_blank\" rel=\"nofollow noopener\">Presseinvitasjon: Regjeringas mottaking for \u00e5rets OL- og Paralympics-ut\u00f8varar<\/a>&nbsp;&nbsp;Regjeringen.no<\/li>\n<\/ol>\n","protected":false},"excerpt":{"rendered":"\u00abNektes\u00bb p\u00e5 Lorry i natt&nbsp;&nbsp;Dagbladet Avsl\u00f8rer vond opplevelse p\u00e5 Slottet&nbsp;&nbsp;Nettavisen Regjeringen gjorde stas p\u00e5 Norges OL- og Paralympics-deltakere&hellip;\n","protected":false},"author":2,"featured_media":243228,"comment_status":"","ping_status":"","sticky":false,"template":"","format":"standard","meta":{"footnotes":"","_share_on_mastodon":"0"},"categories":[59],"tags":[201,30,28,29,16525,83,82],"class_list":["post-243227","post","type-post","status-publish","format-standard","has-post-thumbnail","category-sport","tag-jonas-gahr-store","tag-no","tag-norge","tag-norway","tag-ol2026","tag-sport","tag-sports"],"share_on_mastodon":{"url":"https:\/\/pubeurope.com\/@no\/116608897298328865","error":""},"_links":{"self":[{"href":"https:\/\/www.europesays.com\/no\/wp-json\/wp\/v2\/posts\/243227","targetHints":{"allow":["GET"]}}],"collection":[{"href":"https:\/\/www.europesays.com\/no\/wp-json\/wp\/v2\/posts"}],"about":[{"href":"https:\/\/www.europesays.com\/no\/wp-json\/wp\/v2\/types\/post"}],"author":[{"embeddable":true,"href":"https:\/\/www.europesays.com\/no\/wp-json\/wp\/v2\/users\/2"}],"replies":[{"embeddable":true,"href":"https:\/\/www.europesays.com\/no\/wp-json\/wp\/v2\/comments?post=243227"}],"version-history":[{"count":0,"href":"https:\/\/www.europesays.com\/no\/wp-json\/wp\/v2\/posts\/243227\/revisions"}],"wp:featuredmedia":[{"embeddable":true,"href":"https:\/\/www.europesays.com\/no\/wp-json\/wp\/v2\/media\/243228"}],"wp:attachment":[{"href":"https:\/\/www.europesays.com\/no\/wp-json\/wp\/v2\/media?parent=243227"}],"wp:term":[{"taxonomy":"category","embeddable":true,"href":"https:\/\/www.europesays.com\/no\/wp-json\/wp\/v2\/categories?post=243227"},{"taxonomy":"post_tag","embeddable":true,"href":"https:\/\/www.europesays.com\/no\/wp-json\/wp\/v2\/tags?post=243227"}],"curies":[{"name":"wp","href":"https:\/\/api.w.org\/{rel}","templated":true}]}}