{"id":243344,"date":"2026-05-21T00:06:14","date_gmt":"2026-05-21T00:06:14","guid":{"rendered":"https:\/\/www.europesays.com\/no\/243344\/"},"modified":"2026-05-21T00:06:14","modified_gmt":"2026-05-21T00:06:14","slug":"vanessa-trump-har-fatt-brystkreft","status":"publish","type":"post","link":"https:\/\/www.europesays.com\/no\/243344\/","title":{"rendered":"Vanessa Trump har f\u00e5tt brystkreft"},"content":{"rendered":"\n<p class=\"_lead_145nj_2 _lead_6fko5_53 layout-component text-serif-m layout-normal text-serif-l layout-component layout-wide layout-padded _wide_17hqh_1 layout-padded\">Tiger Woods&#8217; kj\u00e6reste deler nyheten p\u00e5 Instagram.<\/p>\n<p><img alt=\"Vanessa Trump Foto: CLIFF HAWKINS \/ AFP \/ NTB\" class=\"_image_jw3bv_65 layout-component layout-wide\" data-fullscreen- data-track-element-type=\"Article image fullscreen\" data-track-name=\"ImageFullscreen\" fetchpriority=\"high\" decoding=\"sync\" loading=\"eager\" height=\"4746\" itemprop=\"image\"  src=\"https:\/\/www.europesays.com\/no\/wp-content\/uploads\/2026\/05\/5af4214b-3966-38a3-a609-e96220350435.jpeg\"  style=\"object-position:0% 0%\" width=\"3390\"\/>Vanessa Trump Foto: CLIFF HAWKINS \/ AFP \/ NTB<\/p>\n<ul aria-hidden=\"true\" class=\"_images_ntbth_112\">\n<li><a class=\"_link_ntbth_117\" href=\"https:\/\/www.vg.no\/forfatter\/kari-aarstad-aase\" style=\"z-index:1\" title=\"Kari Aarstad Aase\" rel=\"nofollow noopener\" target=\"_blank\"><img alt=\"Bilde av Kari Aarstad Aase\" class=\"_image_ntbth_93\" fetchpriority=\"low\" loading=\"lazy\" decoding=\"async\" itemprop=\"image\"  src=\"https:\/\/www.europesays.com\/no\/wp-content\/uploads\/2026\/05\/1779321972_879_0dbde33e-6d8e-4680-8e4f-e2a64281e2b8.jpeg\"  width=\"480\"\/><\/a><\/li>\n<\/ul>\n<p> Oppdatert torsdag 21. mai kl. 01:21     <\/p>\n<p class=\"_paragraph_145nj_4 _paragraph_6fko5_10 layout-component text-serif-m layout-normal text-serif-m layout-padded\">Vanessa Trump, eksen til Donald Trump Jr. og n\u00e5v\u00e6rende kj\u00e6reste av golfstjernen <a href=\"https:\/\/www.vg.no\/tag\/tiger-woods?utm_source=vg-article&amp;utm_medium=auto-tagger&amp;utm_campaign=K8PBlE\" class=\"_link_145nj_39\" rel=\"nofollow noopener\" target=\"_blank\">Tiger Woods<\/a>, forteller at hun nylig har f\u00e5tt p\u00e5vist brystkreft.<\/p>\n<p class=\"_paragraph_145nj_4 _paragraph_6fko5_10 layout-component text-serif-m layout-normal text-serif-m layout-padded\">Det skriver hun selv i et innlegg p\u00e5 Instagram onsdag, if\u00f8lge <a href=\"https:\/\/www.tmz.com\/2026\/05\/20\/vanessa-trump-announces-breast-cancer-diagnosis\/\" class=\"_link_145nj_39\" rel=\"nofollow noopener\" target=\"_blank\">TMZ<\/a>.<\/p>\n<p class=\"_paragraph_145nj_4 _paragraph_6fko5_10 layout-component text-serif-m layout-normal text-serif-m layout-padded\">Hun avsl\u00f8rer samtidig at hun allerede har gjennomg\u00e5tt et kirurgisk inngrep, og at hun n\u00e5 jobber med behandlingsplanen sammen med legene sine.<\/p>\n<p class=\"_paragraph_145nj_4 _paragraph_6fko5_10 layout-component text-serif-m layout-normal text-serif-m layout-padded\">\u2013 Jeg holder fokus og er h\u00e5pefull, skriver hun if\u00f8lge TMZ.<\/p>\n<p class=\"_paragraph_145nj_4 _paragraph_6fko5_10 layout-component text-serif-m layout-normal text-serif-m layout-padded\">Hun forteller videre at hun er omgitt av kj\u00e6rlighet og st\u00f8tte.<\/p>\n<p><img alt=\"Vanessa Trump med datteren Kai  Foto: SAUL LOEB \/ AFP \/ NTB\" class=\"_image_jw3bv_65 layout-component layout-normal\" data-fullscreen- data-track-element-type=\"Article image fullscreen\" data-track-name=\"ImageFullscreen\" decoding=\"async\" loading=\"lazy\" height=\"4461\" itemprop=\"image\"  src=\"https:\/\/www.europesays.com\/no\/wp-content\/uploads\/2026\/05\/58b45b65-020d-3d40-a1c9-0ce5176950c9.jpeg\"  style=\"object-position:0% 0%\" width=\"6691\"\/>Vanessa Trump med datteren Kai  Foto: SAUL LOEB \/ AFP \/ NTB<\/p>\n<p class=\"_paragraph_145nj_4 _paragraph_6fko5_10 layout-component text-serif-m layout-normal text-serif-m layout-padded\">\u2013 Jeg er omringet av kj\u00e6rligheten og st\u00f8tten fra familien min og de som st\u00e5r meg n\u00e6rmest, skriver Vanessa Trump.<\/p>\n<p class=\"_paragraph_145nj_4 _paragraph_6fko5_10 layout-component text-serif-m layout-normal text-serif-m layout-padded\">Det er forel\u00f8pig uklart n\u00f8yaktig n\u00e5r hun fikk diagnosen, og hvilket stadium kreften er p\u00e5, skriver TMZ.<\/p>\n<p><img alt=\"Foto: [FREDERIC J. BROWN, PAUL J. RICHARDS] \/ AFP \/ NTB\" class=\"_image_jw3bv_65 layout-component layout-normal\" data-fullscreen- data-track-element-type=\"Article image fullscreen\" data-track-name=\"ImageFullscreen\" decoding=\"async\" loading=\"lazy\" height=\"2400\" itemprop=\"image\"  src=\"https:\/\/www.europesays.com\/no\/wp-content\/uploads\/2026\/05\/ca966f88-7efb-38c7-9b61-e690991c0ac0.jpeg\"  style=\"object-position:0% 0%\" width=\"3200\"\/>Foto: [FREDERIC J. BROWN, PAUL J. RICHARDS] \/ AFP \/ NTB<\/p>\n<p class=\"_paragraph_145nj_4 _paragraph_6fko5_10 layout-component text-serif-m layout-normal text-serif-m layout-padded\">Vanessa Trump er ekskona til Donald Trump Jr. Hun er n\u00e5 i et forhold med golflegenden Tiger Woods.<\/p>\n<p class=\"_paragraph_145nj_4 _paragraph_6fko5_10 layout-component text-serif-m layout-normal text-serif-m layout-padded\">I innlegget takker hun ogs\u00e5 f\u00f8lgerne for vennlige ord og st\u00f8tte, mens hun n\u00e5 konsentrerer seg om helsen og bedringen.<\/p>\n<p>Les ogs\u00e5<\/p>\n","protected":false},"excerpt":{"rendered":"Tiger Woods&#8217; kj\u00e6reste deler nyheten p\u00e5 Instagram. Vanessa Trump Foto: CLIFF HAWKINS \/ AFP \/ NTB Oppdatert torsdag&hellip;\n","protected":false},"author":2,"featured_media":243345,"comment_status":"","ping_status":"","sticky":false,"template":"","format":"standard","meta":{"footnotes":"","_share_on_mastodon":"0"},"categories":[59],"tags":[2138,55,30,28,29,83,82,19076,46],"class_list":["post-243344","post","type-post","status-publish","format-standard","has-post-thumbnail","category-sport","tag-brystkreft","tag-donald-trump","tag-no","tag-norge","tag-norway","tag-sport","tag-sports","tag-tiger-woods","tag-vgai"],"share_on_mastodon":{"url":"https:\/\/pubeurope.com\/@no\/116609652364505772","error":""},"_links":{"self":[{"href":"https:\/\/www.europesays.com\/no\/wp-json\/wp\/v2\/posts\/243344","targetHints":{"allow":["GET"]}}],"collection":[{"href":"https:\/\/www.europesays.com\/no\/wp-json\/wp\/v2\/posts"}],"about":[{"href":"https:\/\/www.europesays.com\/no\/wp-json\/wp\/v2\/types\/post"}],"author":[{"embeddable":true,"href":"https:\/\/www.europesays.com\/no\/wp-json\/wp\/v2\/users\/2"}],"replies":[{"embeddable":true,"href":"https:\/\/www.europesays.com\/no\/wp-json\/wp\/v2\/comments?post=243344"}],"version-history":[{"count":0,"href":"https:\/\/www.europesays.com\/no\/wp-json\/wp\/v2\/posts\/243344\/revisions"}],"wp:featuredmedia":[{"embeddable":true,"href":"https:\/\/www.europesays.com\/no\/wp-json\/wp\/v2\/media\/243345"}],"wp:attachment":[{"href":"https:\/\/www.europesays.com\/no\/wp-json\/wp\/v2\/media?parent=243344"}],"wp:term":[{"taxonomy":"category","embeddable":true,"href":"https:\/\/www.europesays.com\/no\/wp-json\/wp\/v2\/categories?post=243344"},{"taxonomy":"post_tag","embeddable":true,"href":"https:\/\/www.europesays.com\/no\/wp-json\/wp\/v2\/tags?post=243344"}],"curies":[{"name":"wp","href":"https:\/\/api.w.org\/{rel}","templated":true}]}}