{"id":243436,"date":"2026-05-21T05:06:08","date_gmt":"2026-05-21T05:06:08","guid":{"rendered":"https:\/\/www.europesays.com\/no\/243436\/"},"modified":"2026-05-21T05:06:08","modified_gmt":"2026-05-21T05:06:08","slug":"kommentar-kommentar-solbakken-vet-at-han-vil-knuse-drommer","status":"publish","type":"post","link":"https:\/\/www.europesays.com\/no\/243436\/","title":{"rendered":"Kommentar: Kommentar: Solbakken vet at han vil knuse dr\u00f8mmer"},"content":{"rendered":"\n<p class=\"_prefix_nfjwc_1 layout-padded\">Meninger<br \/>Kommentar<\/p>\n<p class=\"_lead_145nj_2 _lead_6fko5_53 layout-component text-serif-m layout-normal text-serif-l _lead_1k67c_21 layout-component layout-normal layout-padded layout-padded\">St\u00e5le Solbakken innr\u00f8mmer at det er spillere som kan fortjene en forklaring p\u00e5 at de blir vraket til VM.<\/p>\n<p><img alt=\"MANGE SMIL, F\u00c5 ORD: St\u00e5le Solbakken og Kristoffer L\u00f8kberg under et liveshow onsdag kveld. Foto: Bj\u00f8rn S. Delebekk \/ VG\" class=\"_image_jw3bv_65 layout-component layout-wide\" data-fullscreen- data-track-element-type=\"Article image fullscreen\" data-track-name=\"ImageFullscreen\" fetchpriority=\"high\" decoding=\"sync\" loading=\"eager\" height=\"3014\" itemprop=\"image\"  src=\"https:\/\/www.europesays.com\/no\/wp-content\/uploads\/2026\/05\/4a387d2a-1be4-3147-8760-3e92435ace1d.jpeg\"  style=\"object-position:0% 0%\" width=\"4758\"\/>MANGE SMIL, F\u00c5 ORD: St\u00e5le Solbakken og Kristoffer L\u00f8kberg under et liveshow onsdag kveld. Foto: Bj\u00f8rn S. Delebekk \/ VGTorsdag 21. mai kl. 06:35     <\/p>\n<p class=\"_paragraph_145nj_4 _paragraph_6fko5_10 layout-component text-serif-m layout-normal text-serif-m layout-padded\">Han vet at han vil skuffe mange n\u00e5r troppen offentliggj\u00f8res torsdag kveld, og han erkjenner  at dette er vanskelig. Han vet at dr\u00f8mmer vil knuses.<\/p>\n<p class=\"_paragraph_145nj_4 _paragraph_6fko5_10 layout-component text-serif-m layout-normal text-serif-m layout-padded\">Det kan v\u00e6re karrierens eneste VM-sjanse. <\/p>\n<p class=\"_paragraph_145nj_4 _paragraph_6fko5_10 layout-component text-serif-m layout-normal text-serif-m layout-padded\">Men hvem er det egentlig som vil kunne f\u00f8le seg s\u00e5 nedbrutte at landslagssjefen skal f\u00f8le at denne spilleren fortjener en ekstra forklaring?<\/p>\n<p class=\"_paragraph_145nj_4 _paragraph_6fko5_10 layout-component text-serif-m layout-normal text-serif-m layout-padded\">Det kan ikke v\u00e6re s\u00e5 mange.<\/p>\n<ul class=\"_list_145nj_3 _list_6fko5_9 _unordered_145nj_106 layout-component text-serif-m layout-normal text-serif-m layout-padded\">\n<li class=\"_item_145nj_30\">Det kan v\u00e6re <strong class=\"_strong_145nj_25\">Morten Thorsby<\/strong>. Han har spilt lite for sitt italienske klubblag, men var med i fire av \u00e5tte kvalkamper og startet da Italia ble knust p\u00e5 Ullevaal. Han gir laget duellkraft og et intenst press-spill. Men hvor ofte vil det norske laget orke \u00e5 jage etter ballen i h\u00f8y luftfuktighet og sterk hete? Thorsby gir laget en annen dimensjon, men kan han bli felt av varmen? <\/li>\n<\/ul>\n<p><img alt=\"Alexander S\u00f8rloth og Morten Thorstby etter 4-1-seieren p\u00e5 San Siro.  Foto: Bj\u00f8rn S. Delebekk \/ VG\" class=\"_image_jw3bv_65 layout-component layout-normal\" data-fullscreen- data-track-element-type=\"Article image fullscreen\" data-track-name=\"ImageFullscreen\" decoding=\"async\" loading=\"lazy\" height=\"3610\" itemprop=\"image\"  src=\"https:\/\/www.europesays.com\/no\/wp-content\/uploads\/2026\/05\/590c5b9d-019b-3edc-b3ea-607f2bc00b07.jpeg\"  style=\"object-position:0% 0%\" width=\"5415\"\/>Alexander S\u00f8rloth og Morten Thorstby etter 4-1-seieren p\u00e5 San Siro.  Foto: Bj\u00f8rn S. Delebekk \/ VG<\/p>\n<ul class=\"_list_145nj_3 _list_6fko5_9 _unordered_145nj_106 layout-component text-serif-m layout-normal text-serif-m layout-padded\">\n<li class=\"_item_145nj_30\">Det kan v\u00e6re <strong class=\"_strong_145nj_25\">Aron D\u00f8nnum<\/strong>. Han har ogs\u00e5 v\u00e6rt en ganske fast inventar i troppen, selv om han var ute av troppen i mars-kampene. D\u00f8nnum spilte ogs\u00e5 i fire av \u00e5tte kvalkamper. Han har v\u00e6rt god i Frankrike, og han er anvendelig. <\/li>\n<li class=\"_item_145nj_30\">Det kan v\u00e6re <strong class=\"_strong_145nj_25\">Jens Petter Hauge<\/strong>, men ikke s\u00e5 mye for det han har gjort for Norge. Han spilte i de to f\u00f8rste kvalkampene, i de seks siste var han utenfor troppen. Men Hauge var s\u00e5 god da Glimt herjet p\u00e5 \u00f8verste niv\u00e5 i Champions League at han kanskje f\u00f8ler at det var en sterk nok VM-s\u00f8knad. <\/li>\n<\/ul>\n<p><img alt=\"GODT SELSKAP: Felix Horn Myhre (til h\u00f8yre) har gitt Norge ledelsen mot Moldova og jubler sammen med Antonio Nusa og Erling Braut Haaland. Det er den eneste av de \u00e5tte kvalkampene Horn Myhre spilte.  Foto: Bj\u00f8rn S. Delebekk \/ VG\" class=\"_image_jw3bv_65 layout-component layout-normal\" data-fullscreen- data-track-element-type=\"Article image fullscreen\" data-track-name=\"ImageFullscreen\" decoding=\"async\" loading=\"lazy\" height=\"5504\" itemprop=\"image\"  src=\"https:\/\/www.europesays.com\/no\/wp-content\/uploads\/2026\/05\/0bb5e917-dfc9-3031-ad19-b37b45eba1e0.jpeg\"  style=\"object-position:0% 0%\" width=\"8256\"\/>GODT SELSKAP: Felix Horn Myhre (til h\u00f8yre) har gitt Norge ledelsen mot Moldova og jubler sammen med Antonio Nusa og Erling Braut Haaland. Det er den eneste av de \u00e5tte kvalkampene Horn Myhre spilte.  Foto: Bj\u00f8rn S. Delebekk \/ VG<\/p>\n<ul class=\"_list_145nj_3 _list_6fko5_9 _unordered_145nj_106 layout-component text-serif-m layout-normal text-serif-m layout-padded\">\n<li class=\"_item_145nj_30\">Branns<strong class=\"_strong_145nj_25\"> Felix Horn Myhre <\/strong>er ogs\u00e5 en som kan f\u00f8le at han fortjener en forklaring dersom han vrakes. Han har v\u00e6rt med i flere landslagstropper, men det er verdt \u00e5 merke seg at Horn Myhre bare spilte i \u00e9n kamp i kvaliken, i 11-1-seieren over Moldova. Slik motstand blir det ikke i VM.<\/li>\n<li class=\"_item_145nj_30\">Og det kan v\u00e6re <strong class=\"_strong_145nj_25\">Thelo Aasgaard<\/strong>, Rangers-spilleren som scoret fem ganger p\u00e5 fire kvalkamper, riktignok fire av dem i samme kamp mot Moldova. Men Aasgaard er kanskje den mest m\u00e5lfarlige av alle de sentrale midtbanespillerne.<\/li>\n<\/ul>\n<p class=\"_paragraph_145nj_4 _paragraph_6fko5_10 layout-component text-serif-m layout-normal text-serif-m layout-padded\">Utover disse fem er det vanskelig \u00e5 se for seg hvem som trenger \u00e5 h\u00f8re noe mer enn at andre ble vurdert som bedre denne gangen. <\/p>\n<p class=\"_paragraph_145nj_4 _paragraph_6fko5_10 layout-component text-serif-m layout-normal text-serif-m layout-padded\">Bare 18 spillere var en del av startelleveren i de \u00e5tte kvalkampene, og fire av dem startet i bare \u00e9n kamp. Stort sett var det den samme gjengen hver gang.<\/p>\n<p class=\"_paragraph_145nj_4 _paragraph_6fko5_10 layout-component text-serif-m layout-normal text-serif-m layout-padded\">\u2013 Jeg kjenner ubehag, sier Solbakken fra scenen p\u00e5 utestedet Nieu p\u00e5 Gr\u00fcnerl\u00f8kka i Oslo, der han dagen f\u00f8r uttaket stilte p\u00e5 et liveshow. Han kjenner p\u00e5 at uttaket er ubehagelig, men ville ikke si noe om det. <\/p>\n<p class=\"_paragraph_145nj_4 _paragraph_6fko5_10 layout-component text-serif-m layout-normal text-serif-m layout-padded\">P\u00e5 skjermen ble det vist bilder av troppens usikkerhetsmomenter. Solbakken s\u00e5 taust i luften, mens NRK-ekspert Kristoffer L\u00f8kberg vurderte de forskjellige lagdelene. <\/p>\n<p>   Dette kan bli VM-troppen<\/p>\n<p class=\"_paragraph_145nj_4 _paragraph_6fko5_10 _paragraph_12fix_11 layout-component text-serif-m layout-normal text-sans-m layout-padded\">20 spillere m\u00e5 v\u00e6re helt sikre i VM-troppen:<\/p>\n<p class=\"_paragraph_145nj_4 _paragraph_6fko5_10 _paragraph_12fix_11 layout-component text-serif-m layout-normal text-sans-m layout-padded\">\u00d8rjan Nyland og Egil Selvik blir to av tre <strong class=\"_strong_145nj_25\">keepere. <\/strong><\/p>\n<p class=\"_paragraph_145nj_4 _paragraph_6fko5_10 _paragraph_12fix_11 layout-component text-serif-m layout-normal text-sans-m layout-padded\"><strong class=\"_strong_145nj_25\">Bakplassene gir seg selv:<\/strong> Julian Ryerson og Marcus Holmgren Pedersen til h\u00f8yre, David M\u00f8ller Wolfe og Fredrik Andr\u00e9 Bj\u00f8rkan til venstre. <\/p>\n<p class=\"_paragraph_145nj_4 _paragraph_6fko5_10 _paragraph_12fix_11 layout-component text-serif-m layout-normal text-sans-m layout-padded\"><strong class=\"_strong_145nj_25\">I midtforsvaret<\/strong> er Kristoffer Ajer, Torbj\u00f8rn Heggem og Leo \u00d8stig\u00e5rd udiskutable. <\/p>\n<p class=\"_paragraph_145nj_4 _paragraph_6fko5_10 _paragraph_12fix_11 layout-component text-serif-m layout-normal text-sans-m layout-padded\"><strong class=\"_strong_145nj_25\">Fem sentrale midtbanespillere er bankers:<\/strong> Martin \u00d8degaard, Sander Berge, Patrick Berg, Fredrik Aursnes og Kristian Thorstvedt.<\/p>\n<p class=\"_paragraph_145nj_4 _paragraph_6fko5_10 _paragraph_12fix_11 layout-component text-serif-m layout-normal text-sans-m layout-padded\">Antonio Nusa og Andreas Schjelderup har <strong class=\"_strong_145nj_25\">kantrollene<\/strong> til venstre, Oscar Bobb<strong class=\"_strong_145nj_25\"> <\/strong>til h\u00f8yre. Der kan ogs\u00e5 Alexander S\u00f8rloth defineres inn, selv om det f\u00f8les mer naturlig \u00e5 plassere ham blant<strong class=\"_strong_145nj_25\"> spissene<\/strong>, sammen med Erling Braut Haaland og J\u00f8rgen Strand Larsen.<\/p>\n<p class=\"_paragraph_145nj_4 _paragraph_6fko5_10 _paragraph_12fix_11 layout-component text-serif-m layout-normal text-sans-m layout-padded\">Da er det seks plasser igjen, men duellstyrken til Derbys Sondre Lang\u00e5s gir ham trolig den<strong class=\"_strong_145nj_25\"> fjerde stopperplassen<\/strong>. S\u00e5 reelt sett er det nok bare fem navn igjen.<\/p>\n<p class=\"_paragraph_145nj_4 _paragraph_6fko5_10 _paragraph_12fix_11 layout-component text-serif-m layout-normal text-sans-m layout-padded\"><strong class=\"_strong_145nj_25\">Tips<\/strong>:<\/p>\n<ul class=\"_list_145nj_3 _list_6fko5_9 _list_12fix_10 _unordered_145nj_106 layout-component text-serif-m layout-normal text-sans-m layout-padded\">\n<li class=\"_item_145nj_30\">Sander Tangvik f\u00e5r den siste keeperplassen.<\/li>\n<li class=\"_item_145nj_30\">Eivind Helland kniper en stopperplass foran Henrik Falchener og Odin Bj\u00f8rtuft.<\/li>\n<li class=\"_item_145nj_30\">Felix Horn Myhre og Morten Thorsby f\u00e5r fatt i hver sin midtbaneplass og Aron D\u00f8nnum tar en kantplass.<\/li>\n<\/ul>\n<p>Vis mer<\/p>\n<p class=\"_paragraph_145nj_4 _paragraph_6fko5_10 layout-component text-serif-m layout-normal text-serif-m layout-padded\">P\u00e5 stopperplassen kjemper trolig disse tre om den femte og siste: <strong class=\"_strong_145nj_25\">Eivind Helland<\/strong>, <strong class=\"_strong_145nj_25\">Henrik Falchener og<\/strong> <strong class=\"_strong_145nj_25\">Odin Bj\u00f8rtuft<\/strong>. Sentralt p\u00e5 midten er det to plasser som f\u00f8les usikre. Horn Myhre, Thorsby og Aasgaard, samt den formsterke duoen <strong class=\"_strong_145nj_25\">Kristian Arnstad <\/strong><strong class=\"_strong_145nj_25\">Kristian Arnstad <\/strong>Danske AGFog <strong class=\"_strong_145nj_25\">Hugo Vetlesen<\/strong><strong class=\"_strong_145nj_25\">Hugo Vetlesen<\/strong>Brugge, er de mest \u00e5penbare alternativene.<\/p>\n<p class=\"_paragraph_145nj_4 _paragraph_6fko5_10 layout-component text-serif-m layout-normal text-serif-m layout-padded\">Foran gir det meste seg selv, bare ikke den ene kantplassen. Den b\u00f8r <strong class=\"_strong_145nj_25\">Aron D\u00f8nnum<\/strong> f\u00e5, siden <strong class=\"_strong_145nj_25\">Jens Petter Hauge<\/strong> fortsatt ikke er i n\u00e6rheten av Glimt\u2013niv\u00e5et sitt p\u00e5 landslaget.<\/p>\n<p class=\"_paragraph_145nj_4 _paragraph_6fko5_10 layout-component text-serif-m layout-normal text-serif-m layout-padded\"><strong class=\"_strong_145nj_25\">Zlatko Tripic\u2019 <\/strong>skremmer de fleste i eliteserien, men det sp\u00f8rs om noen i VM ville blitt s\u00e6rlig redde. Hans klubbkollega Kristoffer L\u00f8kberg mener at veien fra Viking til VM blir for stor, at Tripic ikke kommer med.<\/p>\n<p class=\"_paragraph_145nj_4 _paragraph_6fko5_10 layout-component text-serif-m layout-normal text-serif-m layout-padded\">Solbakken vil fortsatt ikke si noe, og til slutt utbryter han til latter fra salen:<\/p>\n<p class=\"_paragraph_145nj_4 _paragraph_6fko5_10 layout-component text-serif-m layout-normal text-serif-m layout-padded\">\u2013 Er det egentlig noe vits i at jeg er her?<\/p>\n<p class=\"_paragraph_145nj_4 _paragraph_6fko5_10 layout-component text-serif-m layout-normal text-serif-m layout-padded\">Det skal nok bli godt \u00e5 bli ferdig med maset. <\/p>\n<p class=\"_paragraph_145nj_4 _paragraph_6fko5_10 layout-component text-serif-m layout-normal text-serif-m layout-padded\">Torsdag kveld skal landslagssjefen fortelle.<\/p>\n<p>   Dette er en kommentar. Kommentaren gir uttrykk for skribentens holdning. <\/p>\n","protected":false},"excerpt":{"rendered":"MeningerKommentar St\u00e5le Solbakken innr\u00f8mmer at det er spillere som kan fortjene en forklaring p\u00e5 at de blir vraket&hellip;\n","protected":false},"author":2,"featured_media":243437,"comment_status":"","ping_status":"","sticky":false,"template":"","format":"standard","meta":{"footnotes":"","_share_on_mastodon":"0"},"categories":[59],"tags":[4472,3163,3707,4688,5395,30,28,29,83,82,1387],"class_list":["post-243436","post","type-post","status-publish","format-standard","has-post-thumbnail","category-sport","tag-fotball-vm","tag-herrelandslaget-fotball","tag-jens-petter-hauge","tag-kristoffer-lokberg","tag-morten-thorsby","tag-no","tag-norge","tag-norway","tag-sport","tag-sports","tag-stale-solbakken"],"share_on_mastodon":{"url":"https:\/\/pubeurope.com\/@no\/116610831968598618","error":""},"_links":{"self":[{"href":"https:\/\/www.europesays.com\/no\/wp-json\/wp\/v2\/posts\/243436","targetHints":{"allow":["GET"]}}],"collection":[{"href":"https:\/\/www.europesays.com\/no\/wp-json\/wp\/v2\/posts"}],"about":[{"href":"https:\/\/www.europesays.com\/no\/wp-json\/wp\/v2\/types\/post"}],"author":[{"embeddable":true,"href":"https:\/\/www.europesays.com\/no\/wp-json\/wp\/v2\/users\/2"}],"replies":[{"embeddable":true,"href":"https:\/\/www.europesays.com\/no\/wp-json\/wp\/v2\/comments?post=243436"}],"version-history":[{"count":0,"href":"https:\/\/www.europesays.com\/no\/wp-json\/wp\/v2\/posts\/243436\/revisions"}],"wp:featuredmedia":[{"embeddable":true,"href":"https:\/\/www.europesays.com\/no\/wp-json\/wp\/v2\/media\/243437"}],"wp:attachment":[{"href":"https:\/\/www.europesays.com\/no\/wp-json\/wp\/v2\/media?parent=243436"}],"wp:term":[{"taxonomy":"category","embeddable":true,"href":"https:\/\/www.europesays.com\/no\/wp-json\/wp\/v2\/categories?post=243436"},{"taxonomy":"post_tag","embeddable":true,"href":"https:\/\/www.europesays.com\/no\/wp-json\/wp\/v2\/tags?post=243436"}],"curies":[{"name":"wp","href":"https:\/\/api.w.org\/{rel}","templated":true}]}}