{"id":243468,"date":"2026-05-21T06:05:16","date_gmt":"2026-05-21T06:05:16","guid":{"rendered":"https:\/\/www.europesays.com\/no\/243468\/"},"modified":"2026-05-21T06:05:16","modified_gmt":"2026-05-21T06:05:16","slug":"over-45-000-evakuert-etter-voldsom-skogbrann-i-california","status":"publish","type":"post","link":"https:\/\/www.europesays.com\/no\/243468\/","title":{"rendered":"Over 45.000 evakuert etter voldsom skogbrann i California"},"content":{"rendered":"\n<p aria-hidden=\"true\" class=\"_introduction_17m6h_13\">Lytt til saken<\/p>\n<p class=\"_paragraph_145nj_4 _paragraph_6fko5_10 layout-component text-serif-m layout-normal text-serif-m layout-padded\">Brannalarmen gikk mandag i de skogdekte \u00e5sene overfor Simi Valley \u2013 en by med 125.000 innbyggere knapt 5 mil fra <a href=\"https:\/\/www.vg.no\/tag\/los-angeles?utm_source=vg-article&amp;utm_medium=auto-tagger&amp;utm_campaign=gkv83k\" class=\"_link_145nj_39\" rel=\"nofollow noopener\" target=\"_blank\">Los Angeles<\/a>.<\/p>\n<p class=\"_paragraph_145nj_4 _paragraph_6fko5_10 layout-component text-serif-m layout-normal text-serif-m layout-padded\"><strong class=\"_strong_145nj_25\">Se de dramatiske bildene.<\/strong><\/p>\n<p><img alt=\"Foto: Ethan Swope \/ AP\" class=\"_image_jw3bv_65 layout-component layout-left\" data-fullscreen- data-track-element-type=\"Article image fullscreen\" data-track-name=\"ImageFullscreen\" decoding=\"async\" loading=\"lazy\" height=\"2270\" itemprop=\"image\"  src=\"https:\/\/www.europesays.com\/no\/wp-content\/uploads\/2026\/05\/df0cf254-11a0-32a0-a366-7eba7bfef56e.jpeg\"  style=\"object-position:0% 0%\" width=\"3027\"\/>Foto: Ethan Swope \/ AP<img alt=\"Foto: APU GOMES \/ AFP\" class=\"_image_jw3bv_65 layout-component layout-right\" data-fullscreen- data-track-element-type=\"Article image fullscreen\" data-track-name=\"ImageFullscreen\" decoding=\"async\" loading=\"lazy\" height=\"4480\" itemprop=\"image\"  src=\"https:\/\/www.europesays.com\/no\/wp-content\/uploads\/2026\/05\/3afc25e8-875f-38b4-b21e-b036745f0741.jpeg\"  style=\"object-position:0% 0%\" width=\"5973\"\/>Foto: APU GOMES \/ AFP<\/p>\n<p class=\"_paragraph_145nj_4 _paragraph_6fko5_10 layout-component text-serif-m layout-normal text-serif-m layout-padded\">Tre skogbranner har n\u00e5 brent ned mer enn 100 kvadratkilometer<strong class=\"_strong_145nj_25\"> <\/strong>denne uken i S\u00f8r-California, og titusenvis av innbyggere i fylkene Ventura og Riverside er evakuert, melder\u00a0<a href=\"https:\/\/www.nbclosangeles.com\/\" class=\"_link_145nj_39\" rel=\"nofollow noopener\" target=\"_blank\">NBC Los Angeles<\/a>. <\/p>\n<p><img alt=\"Foto: APU GOMES \/ AFP\" class=\"_image_jw3bv_65 layout-component layout-left\" data-fullscreen- data-track-element-type=\"Article image fullscreen\" data-track-name=\"ImageFullscreen\" decoding=\"async\" loading=\"lazy\" height=\"3610\" itemprop=\"image\"  src=\"https:\/\/www.europesays.com\/no\/wp-content\/uploads\/2026\/05\/7dbc47e1-aa26-3d6e-8479-d2ae7d781a9a.jpeg\"  style=\"object-position:0% 0%\" width=\"4813\"\/>Foto: APU GOMES \/ AFP<img alt=\"Foto: APU GOMES \/ AFP\" class=\"_image_jw3bv_65 layout-component layout-right\" data-fullscreen- data-track-element-type=\"Article image fullscreen\" data-track-name=\"ImageFullscreen\" decoding=\"async\" loading=\"lazy\" height=\"3612\" itemprop=\"image\"  src=\"https:\/\/www.europesays.com\/no\/wp-content\/uploads\/2026\/05\/c7146711-161c-3487-81c3-b1da7b17e108.jpeg\"  style=\"object-position:0% 0%\" width=\"4816\"\/>Foto: APU GOMES \/ AFP<\/p>\n<p class=\"_paragraph_145nj_4 _paragraph_6fko5_10 layout-component text-serif-m layout-normal text-serif-m layout-padded\">Hele 45.000 mennesker er evakuert, og minst ett hjem er \u00f8delagt, melder\u00a0<a href=\"https:\/\/www.latimes.com\/california\/story\/2026-05-20\/california-early-fire-season-climate-change\" class=\"_link_145nj_39\" rel=\"nofollow noopener\" target=\"_blank\">Los Angeles Times<\/a> natt til fredag.<\/p>\n<p><img alt=\"Foto: APU GOMES \/ AFP\" class=\"_image_jw3bv_65 layout-component layout-left\" data-fullscreen- data-track-element-type=\"Article image fullscreen\" data-track-name=\"ImageFullscreen\" decoding=\"async\" loading=\"lazy\" height=\"3726\" itemprop=\"image\"  src=\"https:\/\/www.europesays.com\/no\/wp-content\/uploads\/2026\/05\/09b84611-2155-3a5c-b93a-4e3ce38f0e95.jpeg\"  style=\"object-position:0% 0%\" width=\"4967\"\/>Foto: APU GOMES \/ AFP<img alt=\"Foto: Ethan Swope \/ AP\" class=\"_image_jw3bv_65 layout-component layout-right\" data-fullscreen- data-track-element-type=\"Article image fullscreen\" data-track-name=\"ImageFullscreen\" decoding=\"async\" loading=\"lazy\" height=\"2798\" itemprop=\"image\"  src=\"https:\/\/www.europesays.com\/no\/wp-content\/uploads\/2026\/05\/8df4e0e9-050b-33dd-a303-928d10a88b3d.jpeg\"  style=\"object-position:0% 0%\" width=\"3731\"\/>Foto: Ethan Swope \/ AP<\/p>\n<p class=\"_paragraph_145nj_4 _paragraph_6fko5_10 layout-component text-serif-m layout-normal text-serif-m layout-padded\">Rundt 500 brannmenn kjemper mot flammene, med hjelp fra tre fly og seks helikoptre, if\u00f8lge Cal Fire. Sterke vindkast har gjort jobben krevende.<\/p>\n<p><img alt=\"Foto: VANTOR \/ Reuters\" class=\"_image_jw3bv_65 layout-component layout-left\" data-fullscreen- data-track-element-type=\"Article image fullscreen\" data-track-name=\"ImageFullscreen\" decoding=\"async\" loading=\"lazy\" height=\"4867\" itemprop=\"image\"  src=\"https:\/\/www.europesays.com\/no\/wp-content\/uploads\/2026\/05\/3bade288-a121-3594-991f-904014969f4a.jpeg\"  style=\"object-position:0% 0%\" width=\"6489\"\/>Foto: VANTOR \/ Reuters<img alt=\"Foto: Daniel Cole \/ Reuters\" class=\"_image_jw3bv_65 layout-component layout-right\" data-fullscreen- data-track-element-type=\"Article image fullscreen\" data-track-name=\"ImageFullscreen\" decoding=\"async\" loading=\"lazy\" height=\"4334\" itemprop=\"image\"  src=\"https:\/\/www.europesays.com\/no\/wp-content\/uploads\/2026\/05\/ec042130-88fe-34bc-83d2-10caf8c03b90.jpeg\"  style=\"object-position:0% 0%\" width=\"5778\"\/>Foto: Daniel Cole \/ Reuters<\/p>\n<p class=\"_paragraph_145nj_4 _paragraph_6fko5_10 layout-component text-serif-m layout-normal text-serif-m layout-padded\">Brannen herjer i samme omr\u00e5de som den enorme Woolsey-brannen i 2018, som \u00f8dela 1643 bygninger. Flere skoler i n\u00e6rheten har holdt elevene inne p\u00e5 grunn av d\u00e5rlig luftkvalitet, og to skoler er evakuert til Simi Valley High School.<\/p>\n<p><img alt=\"Foto: Ethan Swope \/ AP\" class=\"_image_jw3bv_65 layout-component layout-left\" data-fullscreen- data-track-element-type=\"Article image fullscreen\" data-track-name=\"ImageFullscreen\" decoding=\"async\" loading=\"lazy\" height=\"2800\" itemprop=\"image\"  src=\"https:\/\/www.europesays.com\/no\/wp-content\/uploads\/2026\/05\/ddd0bc49-47ed-3a79-b1f7-003973b1c90d.jpeg\"  style=\"object-position:0% 0%\" width=\"4200\"\/>Foto: Ethan Swope \/ AP<img alt=\"Foto: David Swanson \/ Reuters\" class=\"_image_jw3bv_65 layout-component layout-right\" data-fullscreen- data-track-element-type=\"Article image fullscreen\" data-track-name=\"ImageFullscreen\" decoding=\"async\" loading=\"lazy\" height=\"4335\" itemprop=\"image\"  src=\"https:\/\/www.europesays.com\/no\/wp-content\/uploads\/2026\/05\/f71c5610-0961-30ff-8159-c2e37e9d58ef.jpeg\"  style=\"object-position:0% 0%\" width=\"6500\"\/>Foto: David Swanson \/ Reuters<\/p>\n<p class=\"_paragraph_145nj_4 _paragraph_6fko5_10 layout-component text-serif-m layout-normal text-serif-m layout-padded\">Ogs\u00e5 Ronald Reagan-biblioteket stengte tidlig mandag \u00abfor sikkerhets skyld\u00bb, if\u00f8lge talsperson Melissa Giller.<\/p>\n<p><img alt=\"\" class=\"_image_jw3bv_65 layout-component layout-left\" data-fullscreen- data-track-element-type=\"Article image fullscreen\" data-track-name=\"ImageFullscreen\" decoding=\"async\" loading=\"lazy\" height=\"4000\" itemprop=\"image\"  src=\"https:\/\/www.europesays.com\/no\/wp-content\/uploads\/2026\/05\/b64828b1-29f0-3303-8d25-847c37121257.jpeg\"  style=\"object-position:0% 0%\" width=\"5333\"\/><img alt=\"Foto: Caroline Brehman \/ AP\" class=\"_image_jw3bv_65 layout-component layout-right\" data-fullscreen- data-track-element-type=\"Article image fullscreen\" data-track-name=\"ImageFullscreen\" decoding=\"async\" loading=\"lazy\" height=\"2486\" itemprop=\"image\"  src=\"https:\/\/www.europesays.com\/no\/wp-content\/uploads\/2026\/05\/d59b344c-0de2-3fe2-a7bc-bfe49c522dfc.jpeg\"  style=\"object-position:0% 0%\" width=\"3315\"\/>Foto: Caroline Brehman \/ AP<\/p>\n<p>        <a class=\"_link_1woao_14\" data-track-id=\"teaser:bOmPpl\" data-track-impression=\"true\" data-track-name=\"Cuba i m\u00f8rket\" href=\"https:\/\/www.vg.no\/nyheter\/i\/bOmPpl\/cuba-i-moerket\" rel=\"nofollow noopener\" target=\"_blank\">Cuba i m\u00f8rket<img decoding=\"async\" alt=\"\" class=\"_image_1woao_6\" height=\"3344\" loading=\"lazy\"  src=\"https:\/\/www.europesays.com\/no\/wp-content\/uploads\/2026\/05\/cc1d12a5-c1c6-4a22-88a3-587476087c88.jpeg\"  width=\"5227\"\/><\/a>    <\/p>\n","protected":false},"excerpt":{"rendered":"Lytt til saken Brannalarmen gikk mandag i de skogdekte \u00e5sene overfor Simi Valley \u2013 en by med 125.000&hellip;\n","protected":false},"author":2,"featured_media":243469,"comment_status":"","ping_status":"","sticky":false,"template":"","format":"standard","meta":{"footnotes":"","_share_on_mastodon":"0"},"categories":[12],"tags":[290,20,21,24,25,15,22,23,721,13,30,28,29,14,16,673,26,27,42,46,43,44,45],"class_list":["post-243468","post","type-post","status-publish","format-standard","has-post-thumbnail","category-verden","tag-bildefortellingen","tag-breaking-news","tag-breakingnews","tag-featured-news","tag-featurednews","tag-headlines","tag-latest-news","tag-latestnews","tag-los-angeles","tag-news","tag-no","tag-norge","tag-norway","tag-nyheter","tag-overskrifter","tag-skogbrann","tag-top-stories","tag-topstories","tag-verden","tag-vgai","tag-world","tag-world-news","tag-worldnews"],"share_on_mastodon":{"url":"https:\/\/pubeurope.com\/@no\/116611064878115455","error":""},"_links":{"self":[{"href":"https:\/\/www.europesays.com\/no\/wp-json\/wp\/v2\/posts\/243468","targetHints":{"allow":["GET"]}}],"collection":[{"href":"https:\/\/www.europesays.com\/no\/wp-json\/wp\/v2\/posts"}],"about":[{"href":"https:\/\/www.europesays.com\/no\/wp-json\/wp\/v2\/types\/post"}],"author":[{"embeddable":true,"href":"https:\/\/www.europesays.com\/no\/wp-json\/wp\/v2\/users\/2"}],"replies":[{"embeddable":true,"href":"https:\/\/www.europesays.com\/no\/wp-json\/wp\/v2\/comments?post=243468"}],"version-history":[{"count":0,"href":"https:\/\/www.europesays.com\/no\/wp-json\/wp\/v2\/posts\/243468\/revisions"}],"wp:featuredmedia":[{"embeddable":true,"href":"https:\/\/www.europesays.com\/no\/wp-json\/wp\/v2\/media\/243469"}],"wp:attachment":[{"href":"https:\/\/www.europesays.com\/no\/wp-json\/wp\/v2\/media?parent=243468"}],"wp:term":[{"taxonomy":"category","embeddable":true,"href":"https:\/\/www.europesays.com\/no\/wp-json\/wp\/v2\/categories?post=243468"},{"taxonomy":"post_tag","embeddable":true,"href":"https:\/\/www.europesays.com\/no\/wp-json\/wp\/v2\/tags?post=243468"}],"curies":[{"name":"wp","href":"https:\/\/api.w.org\/{rel}","templated":true}]}}