{"id":243491,"date":"2026-05-21T06:50:11","date_gmt":"2026-05-21T06:50:11","guid":{"rendered":"https:\/\/www.europesays.com\/no\/243491\/"},"modified":"2026-05-21T06:50:11","modified_gmt":"2026-05-21T06:50:11","slug":"ber-norske-sykehus-forberede-seg-pa-7000-krigsskadede","status":"publish","type":"post","link":"https:\/\/www.europesays.com\/no\/243491\/","title":{"rendered":"Ber norske sykehus forberede seg p\u00e5 7000 krigsskadede"},"content":{"rendered":"\n<ul class=\"_list_145nj_3 _list_64s2r_85 _unordered_145nj_106 text-sans-m\">\n<li class=\"_item_145nj_30\">Regjeringen vil at norske sykehus og kommuner planlegger for 7000 sengeplasser for s\u00e5rede ved en potensiell krig.<\/li>\n<li class=\"_item_145nj_30\">Helseminister Jan Christian Vestre advarer om den alvorlige sikkerhetssituasjonen og behovet for beredskap.<\/li>\n<li class=\"_item_145nj_30\">De ekstra sengeplassene skal ikke v\u00e6re nye, men omdisponerte eksisterende ressurser.<\/li>\n<li class=\"_item_145nj_30\">En situasjon med krig p\u00e5 norsk jord og mange krigsskadde, vil kunne f\u00e5 konsekvenser for andre pasienter, sier Vestre. <\/li>\n<\/ul>\n<p>Vis mer <\/p>\n<p class=\"_paragraph_145nj_4 _paragraph_6fko5_10 layout-component text-serif-m layout-normal text-serif-m layout-padded\">\u2013 Vi st\u00e5r n\u00e5 i den mest alvorlige sikkerhetspolitiske situasjonen siden andre verdenskrig. Det preger hele landet, og alle sektorer. Vi m\u00e5 forberede oss p\u00e5 b\u00e5de sannsynlige og usannsynlige scenarioer. Det er ogs\u00e5 at krig kan ramme Norge.<\/p>\n<p class=\"_paragraph_145nj_4 _paragraph_6fko5_10 layout-component text-serif-m layout-normal text-serif-m layout-padded\">Det sier helse- og omsorgsminister Jan Christian Vestre (Ap) til VG. <\/p>\n<p class=\"_paragraph_145nj_4 _paragraph_6fko5_10 layout-component text-serif-m layout-normal text-serif-m layout-padded\">Torsdag morgen presenterer han og forsvarsminister Tore O. Sandvik sitt nye oppdrag til norske sykehus og kommuner:<\/p>\n<p class=\"_paragraph_145nj_4 _paragraph_6fko5_10 layout-component text-serif-m layout-normal text-serif-m layout-padded\"><strong class=\"_strong_145nj_25\">De m\u00e5 planlegge for \u00e5 kunne stille 7000 sengeplasser til r\u00e5dighet for s\u00e5rede \u2013 b\u00e5de soldater og sivile \u2013 i en eventuell krig p\u00e5 norsk jord. <\/strong><\/p>\n<p class=\"_paragraph_145nj_4 _paragraph_6fko5_10 layout-component text-serif-m layout-normal text-serif-m layout-padded\">Bestillingen inng\u00e5r i regjeringens nye beredskapsoppdrag til helseforetakene. De skal styrke beredskapsplanene for \u00e5 kunne h\u00e5ndtere \u00abkrig og krigslignende situasjoner\u00bb. <\/p>\n<p><img alt=\"Vestre med en skadd ukrainsk soldat i Kyiv, under et bes\u00f8k til Ukraina i fjor sommer. Gjennom styrkede beredskapsplaner, skal helsesektoren f\u00e5 \u00f8kt kompetanse i \u00e5 behandle krigsskader.  Foto: Norges ambassade i Kyiv\" class=\"_image_jw3bv_65 layout-component layout-normal\" data-fullscreen- data-track-element-type=\"Article image fullscreen\" data-track-name=\"ImageFullscreen\" decoding=\"async\" loading=\"lazy\" height=\"4672\" itemprop=\"image\"  src=\"https:\/\/www.europesays.com\/no\/wp-content\/uploads\/2026\/05\/78bfce15-4103-3562-939e-1724d846eb48.jpeg\"  style=\"object-position:0% 0%\" width=\"7008\"\/>Vestre med en skadd ukrainsk soldat i Kyiv, under et bes\u00f8k til Ukraina i fjor sommer. Gjennom styrkede beredskapsplaner, skal helsesektoren f\u00e5 \u00f8kt kompetanse i \u00e5 behandle krigsskader.  Foto: Norges ambassade i Kyiv<\/p>\n<p class=\"_paragraph_145nj_4 _paragraph_6fko5_10 layout-component text-serif-m layout-normal text-serif-m layout-padded\">Norge har i dag rundt 10.000 somatiskesomatiske\u00abSomatisk\u00bb betyr kroppslig eller fysisk, og brukes i helsevesenet om sykdommer og behandling som gjelder kroppen, i motsetning til psykiske lidelser. sengeplasser p\u00e5 sykehus. <\/p>\n<p class=\"_paragraph_145nj_4 _paragraph_6fko5_10 layout-component text-serif-m layout-normal text-serif-m layout-padded\">De 7000 plassene som n\u00e5 skal planlegges for, er ikke nye senger som skal opprettes, men en plan for hvordan kapasiteten raskt kan omstilles.<\/p>\n<p class=\"_paragraph_145nj_4 _paragraph_6fko5_10 layout-component text-serif-m layout-normal text-serif-m layout-padded\">For \u00e5 f\u00e5 til dette, m\u00e5 sykehusene g\u00e5 gjennom egen sengekapasitet og beredskapsplaner, og planlegge for hvordan ressursene raskt kan omprioriteres i \u00aben skarp situasjonen skarp situasjon\u00abEn skarp situasjon\u00bb er et uttrykk som ofte brukes i forsvars-, beredskaps- og sikkerhetssammenheng. Det viser til en alvorlig og virkelig krise- eller konfliktsituasjon,  i motsetning til \u00f8velser, planlegging eller en normalsituasjon.\u00bb, forklarer Vestre.<\/p>\n<p>\u00d8kt beredskap for eventuell krig<\/p>\n<ul class=\"_list_145nj_3 _list_6fko5_9 _list_12fix_10 _unordered_145nj_106 layout-component text-serif-m layout-normal text-sans-m layout-padded\">\n<li class=\"_item_145nj_30\">Regjeringen vil at de regionale helseforetakene og kommunene oppdaterer beredskapsplanene \u2013 for \u00e5 kunne h\u00e5ndtere krig og krigslignende situasjoner.<\/li>\n<li class=\"_item_145nj_30\">Ved krig i Norge, skal helsevesenet planlegges for \u00e5 kunne stille rundt 7000 sengeplasser til disposisjon for s\u00e5rede i krig, b\u00e5de sivile og milit\u00e6re. <\/li>\n<li class=\"_item_145nj_30\">Helsevesenet skal ogs\u00e5, sammen med Forsvaret, styrke kompetansen i behandling av krigsskader, lage planer og tiltak for medisinsk evakuering, sivil beredskap, og sikre at sykehusene kan holde driften i gang i en krigssituasjon. <\/li>\n<li class=\"_item_145nj_30\">I tillegg skal det planlegges for hvordan pasienter kan fordeles mellom sykehus og kommuner dersom Norge havner i krig. <\/li>\n<\/ul>\n<p class=\"_paragraph_145nj_4 _paragraph_6fko5_10 _paragraph_12fix_11 layout-component text-serif-m layout-normal text-sans-m layout-padded\">Kilde: Helse- og omsorgsdepartemente<\/p>\n<p>Vis merKan g\u00e5 utover behandlinger<\/p>\n<p class=\"_paragraph_145nj_4 _paragraph_6fko5_10 layout-component text-serif-m layout-normal text-serif-m layout-padded\">If\u00f8lge helseministeren vil sengekapasiteten for s\u00e5rede i en eventuell krig gjelde for b\u00e5de soldater og sivile. Sengeplassene skal tilpasses ulike pasientbehov og fordeles mellom kommunene og spesialisthelsetjenesten.<\/p>\n<p class=\"_paragraph_145nj_4 _paragraph_6fko5_10 layout-component text-serif-m layout-normal text-serif-m layout-padded\"><strong class=\"_strong_145nj_25\">En situasjon med krig p\u00e5 norsk jord og mange krigsskadde, vil kunne f\u00e5 konsekvenser for andre pasienter, sier Vestre. <\/strong><\/p>\n<p class=\"_paragraph_145nj_4 _paragraph_6fko5_10 layout-component text-serif-m layout-normal text-serif-m layout-padded\">\u2013 Hvis det kommer veldig mange s\u00e5rede pasienter inn p\u00e5 norske sykehus, s\u00e5 vil det selvf\u00f8lgelig kunne f\u00e5 betydning for \u00f8vrig pasientbehandling, s\u00e6rlig planlagte behandlinger.<\/p>\n<p class=\"_paragraph_145nj_4 _paragraph_6fko5_10 layout-component text-serif-m layout-normal text-serif-m layout-padded\">Han trekker linjer til pandemien og hvordan sykehusene m\u00e5tte omstille seg i en krisesituasjon.<\/p>\n<p class=\"_paragraph_145nj_4 _paragraph_6fko5_10 layout-component text-serif-m layout-normal text-serif-m layout-padded\">\u2013 Da ble en rekke behandlinger skj\u00f8vet p\u00e5, fordi sykehusene raskt m\u00e5tte forberede seg og blant annet f\u00e5 opp intensivkapasiteten, sier Vestre.<\/p>\n<p><img alt=\"Under pandemien var flere sykehus i gul beredskap i sykehuset, med fulle intensivsenger. Her fra intensiven p\u00e5 Ahus.  Foto: G\u00f8ran Bohlin \/ VG\" class=\"_image_jw3bv_65 layout-component layout-normal\" data-fullscreen- data-track-element-type=\"Article image fullscreen\" data-track-name=\"ImageFullscreen\" decoding=\"async\" loading=\"lazy\" height=\"5504\" itemprop=\"image\"  src=\"https:\/\/www.europesays.com\/no\/wp-content\/uploads\/2026\/05\/b3c5952b-716d-3d9a-ae5e-fe95d6cd4e70.jpeg\"  style=\"object-position:0% 0%\" width=\"8256\"\/>Under pandemien var flere sykehus i gul beredskap i sykehuset, med fulle intensivsenger. Her fra intensiven p\u00e5 Ahus.  Foto: G\u00f8ran Bohlin \/ VG<\/p>\n<p class=\"_paragraph_145nj_4 _paragraph_6fko5_10 layout-component text-serif-m layout-normal text-serif-m layout-padded\">De regionale helseforetakene har i flere \u00e5r samarbeidet med Forsvaret om beredskapsplaner.<\/p>\n<p class=\"_paragraph_145nj_4 _paragraph_6fko5_10 layout-component text-serif-m layout-normal text-serif-m layout-padded\">Vestre sier b\u00e5de sykehusene og kommunene har etterspurt tydelige forventninger om hva de skal kunne levere, gitt mulige krigsscenarioer.<\/p>\n<p class=\"_paragraph_145nj_4 _paragraph_6fko5_10 layout-component text-serif-m layout-normal text-serif-m layout-padded\">If\u00f8lge helseministeren, er det f\u00f8rste gang i nyere tid at regjeringen g\u00e5r ut med et s\u00e5 konkret tall p\u00e5 hva en krigssituasjon vil inneb\u00e6re i antall sengeplasser. <\/p>\n<p class=\"_paragraph_145nj_4 _paragraph_6fko5_10 layout-component text-serif-m layout-normal text-serif-m layout-padded\">\u2013 Det gj\u00f8r at helsetjenesten n\u00e5 f\u00e5r en tallfestet forventning som de umiddelbart kan begynne \u00e5 planlegge ut ifra, sier han.<\/p>\n<p class=\"_paragraph_145nj_4 _paragraph_6fko5_10 layout-component text-serif-m layout-normal text-serif-m layout-padded\">\u2013 Hvordan har dere kommet frem til 7000?<\/p>\n<p class=\"_paragraph_145nj_4 _paragraph_6fko5_10 layout-component text-serif-m layout-normal text-serif-m layout-padded\">\u2013 Det er det beste estimatetestimatet\u00abEstimat\u00bb betyr et anslag , alts\u00e5 en vurdering av hva noe trolig vil bli, uten at man vet det helt sikkert. vi har, og det m\u00e5 tas med et visst forbehold. Det faktiske behovet i et h\u00f8yintensivt krigsscenario vil avhenge av den konkrete situasjonen og en rekke andre forhold.<\/p>\n<p class=\"_paragraph_145nj_4 _paragraph_6fko5_10 layout-component text-serif-m layout-normal text-serif-m layout-padded\">\u2013 Er det en risiko for at de 7000 plassene ikke er nok? <\/p>\n<p class=\"_paragraph_145nj_4 _paragraph_6fko5_10 layout-component text-serif-m layout-normal text-serif-m layout-padded\">\u2013 Det ligger flere forutsetninger til grunn, og deler av vurderingene er gradert informasjongradert informasjon\u00abGradert informasjon\u00bb er informasjon myndighetene holder hemmelig eller begrenser tilgangen til, fordi den kan skade nasjonal sikkerhet hvis den blir offentlig kjent. Begrepet brukes ofte om opplysninger knyttet til forsvar og sikkerhet. som vi ikke kan g\u00e5 ut med. Basert p\u00e5 en rekke faktorer mener vi dette gir et realistisk bilde av det som m\u00e5 planlegges som et minimum, selv om tallet i gitte situasjoner kan v\u00e6re b\u00e5de h\u00f8yere og lavere. <\/p>\n<p><img alt=\"335 skvadronen med sin C-130J super Hercules og Forsvarets sanitet sin Luftevakueringsgruppe evakuerer ukrainske krigsofre fra Rzesz\u00f3w, Polen til sykehus i Europa.  Foto: Onar Digernes Aase \/ Forsvaret \/ Forsvaret\" class=\"_image_jw3bv_65 layout-component layout-normal\" data-fullscreen- data-track-element-type=\"Article image fullscreen\" data-track-name=\"ImageFullscreen\" decoding=\"async\" loading=\"lazy\" height=\"5137\" itemprop=\"image\"  src=\"https:\/\/www.europesays.com\/no\/wp-content\/uploads\/2026\/05\/d65846f1-1919-336a-9dc2-d6e2e721220e.jpeg\"  style=\"object-position:0% 0%\" width=\"7702\"\/>335 skvadronen med sin C-130J super Hercules og Forsvarets sanitet sin Luftevakueringsgruppe evakuerer ukrainske krigsofre fra Rzesz\u00f3w, Polen til sykehus i Europa.  Foto: Onar Digernes Aase \/ Forsvaret \/ Forsvaret<\/p>\n<p class=\"_paragraph_145nj_4 _paragraph_6fko5_10 layout-component text-serif-m layout-normal text-serif-m layout-padded\">P\u00e5 sp\u00f8rsm\u00e5l om det vil bli satt av ekstra midler til oppdraget, svarer Vestre at beredskapen m\u00e5 styrkes innenfor sykehusenes og kommunes gjeldende budsjettrammer. <\/p>\n<p class=\"_paragraph_145nj_4 _paragraph_6fko5_10 layout-component text-serif-m layout-normal text-serif-m layout-padded\">\u2013 Men n\u00e5 har forsvarsbudsjettet \u00f8kt de siste \u00e5rene. Er det ikke da naturlig \u00e5 tenke at det vil bli \u00f8kte midler for helseberedskap ogs\u00e5? <\/p>\n<p class=\"_paragraph_145nj_4 _paragraph_6fko5_10 layout-component text-serif-m layout-normal text-serif-m layout-padded\">\u2013 Forsvarsbudsjettet har \u00f8kt mye, og det har v\u00e6rt helt n\u00f8dvendig. Beredskap er en del av helsetjenestens ansvar allerede, og det har ogs\u00e5 v\u00e6rt en realvekstrealvekst\u00abRealvekst\u00bb betyr at det faktisk har blitt mer penger eller ressurser, ikke bare at tallene har \u00f8kt fordi alt er blitt dyrere. p\u00e5 dette omr\u00e5det, sier Vestre, og fortsetter:<\/p>\n<p><img alt=\"Helse-og omsorgsminister Jan Christian Vestre p\u00e5 Rikshospitalet.  Foto: Helge Mikalsen \/ VG\" class=\"_image_jw3bv_65 layout-component layout-normal\" data-fullscreen- data-track-element-type=\"Article image fullscreen\" data-track-name=\"ImageFullscreen\" decoding=\"async\" loading=\"lazy\" height=\"5349\" itemprop=\"image\"  src=\"https:\/\/www.europesays.com\/no\/wp-content\/uploads\/2026\/05\/9c110efa-59b0-3f91-a432-e5e2e09b1547.jpeg\"  style=\"object-position:0% 0%\" width=\"7617\"\/>Helse-og omsorgsminister Jan Christian Vestre p\u00e5 Rikshospitalet.  Foto: Helge Mikalsen \/ VG<\/p>\n<p class=\"_paragraph_145nj_4 _paragraph_6fko5_10 layout-component text-serif-m layout-normal text-serif-m layout-padded\">\u2013 Men det er et faktum at vi bruker mer penger p\u00e5 helse enn de fleste land rundt oss. Derfor er det ogs\u00e5 viktig at vi omstiller og prioriterer og f\u00e5r mest mulig helse ut av hver krone som investeres. <\/p>\n<p class=\"_paragraph_145nj_4 _paragraph_6fko5_10 layout-component text-serif-m layout-normal text-serif-m layout-padded\">Vestre viser til at sykehusbudsjettet har \u00f8kt, med <a href=\"https:\/\/www.regjeringen.no\/no\/aktuelt\/et-sykehusbudsjett-for-kortere-ventetider\/id3121682\/\" class=\"_link_145nj_39\" rel=\"nofollow noopener\" target=\"_blank\">3,9 milliarder for 2026<\/a>. Samtidig har han <a href=\"https:\/\/www.vg.no\/nyheter\/i\/QJg4XW\/jan-christian-vestre-for-mye-penger-gjoer-oss-late\" data-track-element-type=\"Link\" data-track-id=\"link:QJg4XW\" class=\"_link_145nj_39\" rel=\"nofollow noopener\" target=\"_blank\">varslet at sykehusene ikke kan forvente like stor budsjettvekst fremover som de foreg\u00e5ende \u00e5rene<\/a>. <\/p>\n<p class=\"_paragraph_145nj_4 _paragraph_6fko5_10 layout-component text-serif-m layout-normal text-serif-m layout-padded\">I fjor sommer var Vestre i Ukraina. Derfra tok han med seg l\u00e6rdom.<\/p>\n<p class=\"_paragraph_145nj_4 _paragraph_6fko5_10 layout-component text-serif-m layout-normal text-serif-m layout-padded\">\u2013 Som jeg s\u00e5 med egne \u00f8yne p\u00e5 sykehus i Lviv og delvis bombede sykehus i Kyiv, er hvor raskt Ukraina har v\u00e6rt i stand til \u00e5 omprioritere driften og gj\u00f8re n\u00f8dvendige endringer for \u00e5 komme opp i kapasiteten som er n\u00f8dvendig.<\/p>\n<p class=\"_paragraph_145nj_4 _paragraph_6fko5_10 layout-component text-serif-m layout-normal layout-padded\"><strong class=\"_strong_145nj_25\">Les ogs\u00e5:<\/strong> <a href=\"https:\/\/www.vg.no\/i\/5EaKxz\" data-track-element-type=\"Link\" data-track-id=\"link:5EaKxz\" class=\"_link_145nj_39\" rel=\"nofollow noopener\" target=\"_blank\">Ber sykehusene forberede seg p\u00e5 krig<\/a><\/p>\n<p><img alt=\"Oleksandr Buhai, milit\u00e6rlege og oberst i Ukrainas medisinske styrker, sjekker medisinsk utstyr i en vogn utformet for \u00e5 evakuere alvorlig skadede. Kyiv, mars 2026.  Foto: Alina Smutko \/ Reuters \/ NTB\" class=\"_image_jw3bv_65 layout-component layout-normal\" data-fullscreen- data-track-element-type=\"Article image fullscreen\" data-track-name=\"ImageFullscreen\" decoding=\"async\" loading=\"lazy\" height=\"3392\" itemprop=\"image\"  src=\"https:\/\/www.europesays.com\/no\/wp-content\/uploads\/2026\/05\/b46a4352-c523-361e-99be-6ff9f8512e6b.jpeg\"  style=\"object-position:0% 0%\" width=\"5088\"\/>Oleksandr Buhai, milit\u00e6rlege og oberst i Ukrainas medisinske styrker, sjekker medisinsk utstyr i en vogn utformet for \u00e5 evakuere alvorlig skadede. Kyiv, mars 2026.  Foto: Alina Smutko \/ Reuters \/ NTB\u2013 N\u00f8dvendig budskap<\/p>\n<p class=\"_paragraph_145nj_4 _paragraph_6fko5_10 layout-component text-serif-m layout-normal text-serif-m layout-padded\">Helseministeren erkjenner at bestillingen om 7000 sengeplasser kan komme til \u00e5 vekke sterke f\u00f8lelser i befolkningen.<\/p>\n<p class=\"_paragraph_145nj_4 _paragraph_6fko5_10 layout-component text-serif-m layout-normal text-serif-m layout-padded\">\u2013 Er dere redde for \u00e5 skremme folk med dette tallet?<\/p>\n<p class=\"_paragraph_145nj_4 _paragraph_6fko5_10 layout-component text-serif-m layout-normal text-serif-m layout-padded\">\u2013  Jeg tror folk er opptatt av at regjeringen har gode beredskapsplaner. Befolkningen ser det som skjer i Ukraina, og i verden. Jeg tror mange tar inn over seg at situasjonen er annerledes enn den var for f\u00e5 \u00e5r siden, sier Vestre, og legger til:<\/p>\n<p class=\"_paragraph_145nj_4 _paragraph_6fko5_10 layout-component text-serif-m layout-normal text-serif-m layout-padded\">\u2013 Det er ikke et hyggelig budskap, det er et alvorlig budskap med et alvorlig bakteppe, men ogs\u00e5 et helt n\u00f8dvendig budskap.<\/p>\n<p><img decoding=\"async\" alt=\"Bilde av Tore O. Sandvik (Ap)\" class=\"_image_148z4_25\" height=\"27\" itemprop=\"image\" loading=\"lazy\"  src=\"https:\/\/www.europesays.com\/no\/wp-content\/uploads\/2026\/05\/3f54aa2a-3358-30ce-b98c-c42d31b0c1af.jpeg\"  width=\"40\"\/><strong class=\"_name_148z4_34 title-serif-xs\">Tore O. Sandvik (Ap)<\/strong><\/p>\n<p class=\"_paragraph_145nj_4 text-sans-m _description_148z4_39\">Forsvarsminister <\/p>\n<p class=\"_paragraph_145nj_4 _paragraph_6fko5_10 layout-component text-serif-m layout-normal text-serif-m layout-padded\">Forsvarsminister Tore O. Sandvik (Ap) p\u00e5peker at selv om det ikke vurderes som sannsynlig at en krig kan ramme Norge i n\u00e6r fremtid, m\u00e5 ogs\u00e5 helsesektoren ha beredskapsplaner for \u00e5 h\u00e5ndtere krig og situasjoner \u00f8verst i krisespekteret.<\/p>\n<p class=\"_paragraph_145nj_4 _paragraph_6fko5_10 layout-component text-serif-m layout-normal text-serif-m layout-padded\">\u2013 Det inneb\u00e6rer en plan for \u00e5 kunne prioritere sengeplasser til krigsskadde pasienter, sier han. <\/p>\n<p><img alt=\"Vestre ved en boligblokk i Solomianskyi-distriktet i Kyiv i fjor sommer, som ble truffet av russiske missiler 17. juni 2025. 23 d\u00f8de, og over 140 ble skadet.  Foto: Oleksandr Techynskyi \/ Norges ambassade i Kyiv\" class=\"_image_jw3bv_65 layout-component layout-normal\" data-fullscreen- data-track-element-type=\"Article image fullscreen\" data-track-name=\"ImageFullscreen\" decoding=\"async\" loading=\"lazy\" height=\"4672\" itemprop=\"image\"  src=\"https:\/\/www.europesays.com\/no\/wp-content\/uploads\/2026\/05\/7a6370f5-1ed9-3bbd-9670-1becc0fdf6e5.jpeg\"  style=\"object-position:0% 0%\" width=\"7008\"\/>Vestre ved en boligblokk i Solomianskyi-distriktet i Kyiv i fjor sommer, som ble truffet av russiske missiler 17. juni 2025. 23 d\u00f8de, og over 140 ble skadet.  Foto: Oleksandr Techynskyi \/ Norges ambassade i Kyiv<\/p>\n<p class=\"_paragraph_145nj_4 _paragraph_6fko5_10 layout-component text-serif-m layout-normal text-serif-m layout-padded\">Helse- og forsvarsmyndighetene vil f\u00f8lge opp hvordan sykehus og kommuner jobber med beredskap, fremhever Vestre, som ogs\u00e5 har invitert kommuner og statsforvaltere til et m\u00f8te etter pressekonferansen. <\/p>\n<p><img alt=\"Gjennom Medevac samarbeider Norge med andre land om evakuering av skadede ukrainske soldater til sykehus i Europa. Her blir Yurii Hyrskyi fraktet fra en milit\u00e6r flyplass i Polen til Ullev\u00e5l sykehus, i et fly som er bygget om til en flyvende intensivavdeling.  Foto: Helge Mikalsen \/ VG\" class=\"_image_jw3bv_65 layout-component layout-normal\" data-fullscreen- data-track-element-type=\"Article image fullscreen\" data-track-name=\"ImageFullscreen\" decoding=\"async\" loading=\"lazy\" height=\"5352\" itemprop=\"image\"  src=\"https:\/\/www.europesays.com\/no\/wp-content\/uploads\/2026\/05\/1f301e60-a207-3d4e-b721-221ed3acd85b.jpeg\"  style=\"object-position:0% 0%\" width=\"7811\"\/>Gjennom Medevac samarbeider Norge med andre land om evakuering av skadede ukrainske soldater til sykehus i Europa. Her blir Yurii Hyrskyi fraktet fra en milit\u00e6r flyplass i Polen til Ullev\u00e5l sykehus, i et fly som er bygget om til en flyvende intensivavdeling.  Foto: Helge Mikalsen \/ VG<\/p>\n<p class=\"_paragraph_145nj_4 _paragraph_6fko5_10 layout-component text-serif-m layout-normal text-serif-m layout-padded\">\u2013 Har du troen p\u00e5 at dette vil g\u00e5 smidig for seg?<\/p>\n<p class=\"_paragraph_145nj_4 _paragraph_6fko5_10 layout-component text-serif-m layout-normal text-serif-m layout-padded\">\u2013 Det er utfordringer i Helse Norge som vi jobber med \u00e5 l\u00f8seutfordringer i Helse Norge som vi jobber med \u00e5 l\u00f8seVestre sier regjeringen jobber med \u00e5 sikre nok helsepersonell, f\u00e5 ned ventetidene, \u00f8ke tempoet p\u00e5 digitalisering og styrke samarbeidet mellom kommunene og spesialisthelsetjenesten., og vi kan ikke gj\u00f8re alt samtidig. Det er viktig at vi prioriterer godt og ivaretar beredskapsfunksjonene p\u00e5 en god m\u00e5te.<\/p>\n<p class=\"_paragraph_145nj_4 _paragraph_6fko5_10 layout-component text-serif-m layout-normal layout-padded\"><strong class=\"_strong_145nj_25\">Les ogs\u00e5:<\/strong> <a href=\"https:\/\/www.vg.no\/i\/165zxK\" data-track-element-type=\"Link\" data-track-id=\"link:165zxK\" class=\"_link_145nj_39\" rel=\"nofollow noopener\" target=\"_blank\">\u00abCold Response\u00bb-\u00f8velsen: Stresstester Narvik <\/a><\/p>\n","protected":false},"excerpt":{"rendered":"Regjeringen vil at norske sykehus og kommuner planlegger for 7000 sengeplasser for s\u00e5rede ved en potensiell krig. Helseminister&hellip;\n","protected":false},"author":2,"featured_media":243492,"comment_status":"","ping_status":"","sticky":false,"template":"","format":"standard","meta":{"footnotes":"","_share_on_mastodon":"0"},"categories":[10],"tags":[3851,20,21,24,25,15,736,661,474,22,23,13,30,28,29,14,16,16012,948,26,27],"class_list":["post-243491","post","type-post","status-publish","format-standard","has-post-thumbnail","category-norge","tag-beredskap","tag-breaking-news","tag-breakingnews","tag-featured-news","tag-featurednews","tag-headlines","tag-helse","tag-kommune","tag-krig","tag-latest-news","tag-latestnews","tag-news","tag-no","tag-norge","tag-norway","tag-nyheter","tag-overskrifter","tag-plan","tag-sykehus","tag-top-stories","tag-topstories"],"share_on_mastodon":{"url":"https:\/\/pubeurope.com\/@no\/116611241030990670","error":""},"_links":{"self":[{"href":"https:\/\/www.europesays.com\/no\/wp-json\/wp\/v2\/posts\/243491","targetHints":{"allow":["GET"]}}],"collection":[{"href":"https:\/\/www.europesays.com\/no\/wp-json\/wp\/v2\/posts"}],"about":[{"href":"https:\/\/www.europesays.com\/no\/wp-json\/wp\/v2\/types\/post"}],"author":[{"embeddable":true,"href":"https:\/\/www.europesays.com\/no\/wp-json\/wp\/v2\/users\/2"}],"replies":[{"embeddable":true,"href":"https:\/\/www.europesays.com\/no\/wp-json\/wp\/v2\/comments?post=243491"}],"version-history":[{"count":0,"href":"https:\/\/www.europesays.com\/no\/wp-json\/wp\/v2\/posts\/243491\/revisions"}],"wp:featuredmedia":[{"embeddable":true,"href":"https:\/\/www.europesays.com\/no\/wp-json\/wp\/v2\/media\/243492"}],"wp:attachment":[{"href":"https:\/\/www.europesays.com\/no\/wp-json\/wp\/v2\/media?parent=243491"}],"wp:term":[{"taxonomy":"category","embeddable":true,"href":"https:\/\/www.europesays.com\/no\/wp-json\/wp\/v2\/categories?post=243491"},{"taxonomy":"post_tag","embeddable":true,"href":"https:\/\/www.europesays.com\/no\/wp-json\/wp\/v2\/tags?post=243491"}],"curies":[{"name":"wp","href":"https:\/\/api.w.org\/{rel}","templated":true}]}}