{"id":243770,"date":"2026-05-21T12:06:22","date_gmt":"2026-05-21T12:06:22","guid":{"rendered":"https:\/\/www.europesays.com\/no\/243770\/"},"modified":"2026-05-21T12:06:22","modified_gmt":"2026-05-21T12:06:22","slug":"politikk-modum-morten-wold-tilbake-pa-stortinget","status":"publish","type":"post","link":"https:\/\/www.europesays.com\/no\/243770\/","title":{"rendered":"Politikk, Modum | Morten Wold tilbake p\u00e5 Stortinget"},"content":{"rendered":"\n<p>Etter \u00e5 ha hatt permisjon siden p\u00e5ske da han ble tatt for fyllekj\u00f8ring, er Frps stortingsrepresentant Morten Wold tilbake p\u00e5 Stortinget.<\/p>\n<p> Wold trakk seg som f\u00f8rste visepresident p\u00e5 Stortinget og ble innvilget permisjon etter \u00e5 ha innr\u00f8mmet alkoholproblemer, men n\u00e5 er han tilbake bekrefter han overfor <a href=\"https:\/\/www.nrk.no\/buskerud\/morten-wold-tilbake-pa-stortinget-1.17891933\" rel=\"nofollow noopener\" target=\"_blank\"> NRK. <\/a><\/p>\n<p>Han \u00f8nsker ikke \u00e5 kommentere saken noe utover det \u2013 hverken overfor NRK eller Bygdeposten. <\/p>\n<p>I en pressemelding skrev stortingsrepresentanten fra Buskerud at han over tid har hatt utfordringer, og at han har gjort alvorlige feil. <\/p>\n<p>Morten Wold ble valgt inn p\u00e5 Stortinget for Frp i Buskerud i 2013. Siden 2017 har han sittet i presidentskapet, b\u00e5de som andre, tredje og f\u00f8rste visepresident.<\/p>\n<p>Wold ble i p\u00e5sken stoppet av politiet p\u00e5 E18 ved Sandvika og bl\u00e5ste til over lovlig verdi. Politiet har tidligere opplyst til NRK at det blir et rettsm\u00f8te i l\u00f8pet av juni. Wolds forvarer John Christian Elden har sagt at de \u00f8nsker saken til p\u00e5d\u00f8mmelse s\u00e5 raskt som mulig.<\/p>\n","protected":false},"excerpt":{"rendered":"Etter \u00e5 ha hatt permisjon siden p\u00e5ske da han ble tatt for fyllekj\u00f8ring, er Frps stortingsrepresentant Morten Wold&hellip;\n","protected":false},"author":2,"featured_media":243771,"comment_status":"","ping_status":"","sticky":false,"template":"","format":"standard","meta":{"footnotes":"","_share_on_mastodon":"0"},"categories":[10],"tags":[36,20,21,24,25,15,22,23,6087,8556,13,30,28,29,14,16,41,1510,26,27],"class_list":["post-243770","post","type-post","status-publish","format-standard","has-post-thumbnail","category-norge","tag-art","tag-breaking-news","tag-breakingnews","tag-featured-news","tag-featurednews","tag-headlines","tag-latest-news","tag-latestnews","tag-modum","tag-morten-wold","tag-news","tag-no","tag-norge","tag-norway","tag-nyheter","tag-overskrifter","tag-politikk","tag-story","tag-top-stories","tag-topstories"],"share_on_mastodon":{"url":"https:\/\/pubeurope.com\/@no\/116612483446970089","error":""},"_links":{"self":[{"href":"https:\/\/www.europesays.com\/no\/wp-json\/wp\/v2\/posts\/243770","targetHints":{"allow":["GET"]}}],"collection":[{"href":"https:\/\/www.europesays.com\/no\/wp-json\/wp\/v2\/posts"}],"about":[{"href":"https:\/\/www.europesays.com\/no\/wp-json\/wp\/v2\/types\/post"}],"author":[{"embeddable":true,"href":"https:\/\/www.europesays.com\/no\/wp-json\/wp\/v2\/users\/2"}],"replies":[{"embeddable":true,"href":"https:\/\/www.europesays.com\/no\/wp-json\/wp\/v2\/comments?post=243770"}],"version-history":[{"count":0,"href":"https:\/\/www.europesays.com\/no\/wp-json\/wp\/v2\/posts\/243770\/revisions"}],"wp:featuredmedia":[{"embeddable":true,"href":"https:\/\/www.europesays.com\/no\/wp-json\/wp\/v2\/media\/243771"}],"wp:attachment":[{"href":"https:\/\/www.europesays.com\/no\/wp-json\/wp\/v2\/media?parent=243770"}],"wp:term":[{"taxonomy":"category","embeddable":true,"href":"https:\/\/www.europesays.com\/no\/wp-json\/wp\/v2\/categories?post=243770"},{"taxonomy":"post_tag","embeddable":true,"href":"https:\/\/www.europesays.com\/no\/wp-json\/wp\/v2\/tags?post=243770"}],"curies":[{"name":"wp","href":"https:\/\/api.w.org\/{rel}","templated":true}]}}