{"id":243871,"date":"2026-05-21T14:09:54","date_gmt":"2026-05-21T14:09:54","guid":{"rendered":"https:\/\/www.europesays.com\/no\/243871\/"},"modified":"2026-05-21T14:09:54","modified_gmt":"2026-05-21T14:09:54","slug":"sheryl-crow-om-bruddet-med-lance-armstrong-og-kreftdiagnosen","status":"publish","type":"post","link":"https:\/\/www.europesays.com\/no\/243871\/","title":{"rendered":"Sheryl Crow om bruddet med Lance Armstrong og kreftdiagnosen"},"content":{"rendered":"<p class=\"kicker \" style=\"\">Sheryl Crow:\u00a0<\/p>\n<p>    Artisten forteller om sorgen etter at hun fant ut at forloveden datet en verdensber\u00f8mt skuespiller &#8211; rett etter at hun hadde f\u00e5tt kreftbeskjeden.\u00a0<\/p>\n<p>\n    TOUR DE FRANCE: Lance Armstrong kysser kj\u00e6resten Sheryl Crow etter at laget hans vant den fjerde etappen av Tour de France i 2005. Fem m\u00e5neder etter forlovelsen kunngjorde paret at de gikk fra hverandre. Foto: Jean-Christophe Moreau \/ AFP \/ NTB\n  <\/p>\n<p>Artisten Sheryl Crow (64) \u00e5pner opp\u00a0om den brutale perioden etter bruddet med Lance Armstrong for tjue \u00e5r siden.<\/p>\n<p>Samme uke som forholdet tok slutt, fikk hun diagnosen brystkreft. Kort tid etter fikk hun vite at eksforloveden datet en annen verdensber\u00f8mt skuespiller.<\/p>\n<p>&#8211; Gikk samme uke\t<\/p>\n<p>Det forteller Crow (64) i podkasten \u00abThe Bobbycast\u00bb med Bobby Bones, if\u00f8lge <a href=\"https:\/\/pagesix.com\/2026\/05\/20\/celebrity-news\/sheryl-crow-found-out-ex-lance-armstrong-was-dating-real-famous-actress-in-wake-of-her-cancer-battle\/\" rel=\"nofollow noopener\" target=\"_blank\">Page Six<\/a>.\u00a0 I samtalen ser hun tilbake p\u00e5 2006 og \u00e5ret da b\u00e5de privatlivet og helsa ble snudd p\u00e5 hodet.<\/p>\n<p>&#8211; Jeg var forlovet, jeg hadde tre vakre stebarn, jeg \u00f8nsket \u00e5 f\u00e5 barn med denne personen, sier artisten.<\/p>\n<p>        <img loading=\"lazy\" decoding=\"async\" src=\"https:\/\/www.europesays.com\/no\/wp-content\/uploads\/2026\/05\/1779372590_126_84651954.webp\" width=\"667\" height=\"888\" alt=\"\" class=\"\" style=\"--aspect-ratio-image: 0.75; \"\/><\/p>\n<p>\n        SJEKK RINGEN: Lance Armstrong og Sheryl Crow var forlovet i knappe seks m\u00e5neder f\u00f8r det sa slutt. Foto: Kevin Winter \/ AFP \/ NTB\n    <\/p>\n<p>Hun nevner ikke eks-forloveden ved navn i intervjuet, men forholdet mellom de to er godt kjent.\u00a0<\/p>\n<p>Crow, kjent for l\u00e5ter som \u00abAll I Wanna Do\u00bb, \u00abSoak Up the Sun\u00bb og \u00abIf It Makes You Happy\u00bb, var sammen med Armstrong fra slutten av 2003 til februar 2006.\u00a0<\/p>\n<p>I denne perioden var Armstrong fortsatt en av verdens mest ber\u00f8mte idrettsut\u00f8vere, og Crow ble flere ganger sett ved hans side under Tour de France.<\/p>\n<p>        R\u00d8PTE PLANENE: \u00abGod morgen Norge\u00bb-profilen forsnakket seg om egne forlovelsesplaner f\u00f8r han hadde fridd. Reporter: Sanne Holt\/ R\u00f8d L\u00f8per. Video: Karolina Grace\/ R\u00f8d L\u00f8per, Instagram\/ @simonnitsche<\/p>\n<p>Hun heiet ogs\u00e5 p\u00e5 ham under to av hans sju Tour de France-seiere. Seirene ble seinere fratatt ham etter dopingskandalen som til slutt felte hele Armstrongs etterm\u00e6le.<\/p>\n<p>I februar 2006 var det slutt mellom dem.\u00a0Den samme uken kom kreftbeskjeden.<\/p>\n<p>    <a itemprop=\"url\" href=\"https:\/\/www.dagbladet.no\/kjendis\/slaktes-etter-trans-utspill\/79671206\" rel=\"nofollow noopener\" target=\"_blank\"><\/p>\n<p>        <img loading=\"lazy\" decoding=\"async\" src=\"https:\/\/www.europesays.com\/no\/wp-content\/uploads\/2026\/05\/1779372591_151_72494326.webp\" width=\"980\" height=\"441\" alt=\"\" class=\"lazyload\" style=\"--aspect-ratio-image: 2.22; \"\/><\/p>\n<p>        Slaktes etter trans-utspill<\/p>\n<p>    <\/a><\/p>\n<p>&#8211; Vi gikk fra hverandre samme uke som jeg fikk diagnosen brystkreft, og jeg fant ut at han datet en veldig kjent skuespiller, sier Crow. <\/p>\n<p>\u00a0Hun nevner ingen navn, men Lance Armstrong ble avbildet flere ganger i 2006 med skuespilleren Eva Longoria (51).\u00a0<\/p>\n<p>        <img loading=\"lazy\" decoding=\"async\" src=\"https:\/\/www.europesays.com\/no\/wp-content\/uploads\/2026\/05\/1779372593_746_84651948.webp\" width=\"667\" height=\"974\" alt=\"\" class=\"\" style=\"--aspect-ratio-image: 0.68; \"\/><\/p>\n<p>\n        KAN DET V\u00c6RE? Eva Longoria og Lance Armstrong skapte spekulasjoner om en mulig romanse i 2006. Samtidig satt hans eks-forlovede i kreftbehandling. Foto: Jim Smeal\/BEI\/REX\/NTB\n    <\/p>\n<p>Hun forteller at m\u00e5nedene som fulgte ble sv\u00e6rt vanskelige.\u00a0<\/p>\n<p>&#8211; Jeg gikk gjennom rundt ni m\u00e5neder med str\u00e5ling, sorg og sinne.<\/p>\n<p>&#8211; Hun ville ha barn\t<\/p>\n<p>Bruddet mellom Crow og Armstrong skal ha handlet om ulike \u00f8nsker for fremtida.<\/p>\n<p>I boka \u00abLance: The Making of the World\u2019s Greatest Champion\u00bb fra 2009 skrev Armstrong at Crow \u00f8nsket ekteskap og barn, mens han selv ikke var klar for det p\u00e5 det tidspunktet.<\/p>\n<p>        \u00abTHE VOICE\u00bb: Plutselig skjer dette under andre livesending av \u00abThe Voice\u00bb. Video: Nora Skavhaug\/R\u00f8d L\u00f8per, \u00abThe Voice\u00bb\/TV 2. <\/p>\n<p class=\"font-weight-bold m-font-weight-bold\" data-lab-font_weight=\"font-weight-bold\">&#8211; Hun ville gifte seg, hun ville ha barn, skrev han.\u00a0<\/p>\n<p>Armstrong hadde da nylig v\u00e6rt gift med Kristin Richard, som han har tre barn med. I boken skrev han at han ikke var imot tanken, men at tidspunktet ble vanskelig.<\/p>\n<p>        <img loading=\"lazy\" decoding=\"async\" src=\"https:\/\/www.europesays.com\/no\/wp-content\/uploads\/2026\/05\/1779372594_435_84651973.webp\" width=\"667\" height=\"754\" alt=\"\" class=\"\" style=\"--aspect-ratio-image: 0.88; \"\/><\/p>\n<p>\n        HYLLET: Lance Armstrong peker ut noe for sin dav\u00e6rende kone, Kristin, under en parade til \u00e6re for ham i Austin i Texas i 1999, etter hans f\u00f8rste Tour de France-seier. Foto: Jack Plunkett \/ AP \/ NTB\n    <\/p>\n<p>&#8211; Ikke at jeg ikke ville det, men jeg ville det ikke da, fordi jeg nettopp hadde kommet ut av et ekteskap, og nettopp hadde f\u00e5tt barn, reflekterte han.\u00a0<\/p>\n<p>Han la til at presset rundt Crows biologiske klokke var det som til slutt \u00absprakk\u00bb forholdet.<\/p>\n<p>Armstrong giftet seg seinere med Anna Hansen i 2022. De hadde da v\u00e6rt sammen siden 2008, og har to barn sammen.<\/p>\n<p>        <img loading=\"lazy\" decoding=\"async\" src=\"https:\/\/www.europesays.com\/no\/wp-content\/uploads\/2026\/05\/1779372594_872_84651975.webp\" width=\"667\" height=\"654\" alt=\"\" class=\"\" style=\"--aspect-ratio-image: 1.02; \"\/><\/p>\n<p>\n        SAMMEN: Lance Armstrong og Anna Hansen p\u00e5 Vanity Fairs Oscar-fest i Los Angeles i 2012. De giftet seg ti \u00e5r senere. Foto: Matt Baron\/BEI\/REX \/ NTB\n    <\/p>\n<p>Crow bygget p\u00e5 sin side familien hun hadde \u00f8nsket seg. I 2007 adopterte hun s\u00f8nnen Wyatt, og i 2010 adopterte hun s\u00f8nnen Levi.<\/p>\n","protected":false},"excerpt":{"rendered":"Sheryl Crow:\u00a0 Artisten forteller om sorgen etter at hun fant ut at forloveden datet en verdensber\u00f8mt skuespiller &#8211;&hellip;\n","protected":false},"author":2,"featured_media":243872,"comment_status":"","ping_status":"","sticky":false,"template":"","format":"standard","meta":{"footnotes":"","_share_on_mastodon":"0"},"categories":[58],"tags":[2138,71,479,22084,30,28,29,22083,72],"class_list":["post-243871","post","type-post","status-publish","format-standard","has-post-thumbnail","category-underholdning","tag-brystkreft","tag-entertainment","tag-kjendis","tag-lance-armstrong","tag-no","tag-norge","tag-norway","tag-sheryl-crow","tag-underholdning"],"share_on_mastodon":{"url":"https:\/\/pubeurope.com\/@no\/116612971542674519","error":""},"_links":{"self":[{"href":"https:\/\/www.europesays.com\/no\/wp-json\/wp\/v2\/posts\/243871","targetHints":{"allow":["GET"]}}],"collection":[{"href":"https:\/\/www.europesays.com\/no\/wp-json\/wp\/v2\/posts"}],"about":[{"href":"https:\/\/www.europesays.com\/no\/wp-json\/wp\/v2\/types\/post"}],"author":[{"embeddable":true,"href":"https:\/\/www.europesays.com\/no\/wp-json\/wp\/v2\/users\/2"}],"replies":[{"embeddable":true,"href":"https:\/\/www.europesays.com\/no\/wp-json\/wp\/v2\/comments?post=243871"}],"version-history":[{"count":0,"href":"https:\/\/www.europesays.com\/no\/wp-json\/wp\/v2\/posts\/243871\/revisions"}],"wp:featuredmedia":[{"embeddable":true,"href":"https:\/\/www.europesays.com\/no\/wp-json\/wp\/v2\/media\/243872"}],"wp:attachment":[{"href":"https:\/\/www.europesays.com\/no\/wp-json\/wp\/v2\/media?parent=243871"}],"wp:term":[{"taxonomy":"category","embeddable":true,"href":"https:\/\/www.europesays.com\/no\/wp-json\/wp\/v2\/categories?post=243871"},{"taxonomy":"post_tag","embeddable":true,"href":"https:\/\/www.europesays.com\/no\/wp-json\/wp\/v2\/tags?post=243871"}],"curies":[{"name":"wp","href":"https:\/\/api.w.org\/{rel}","templated":true}]}}