{"id":24411,"date":"2025-09-01T22:53:09","date_gmt":"2025-09-01T22:53:09","guid":{"rendered":"https:\/\/www.europesays.com\/no\/24411\/"},"modified":"2025-09-01T22:53:09","modified_gmt":"2025-09-01T22:53:09","slug":"oscar-nominerte-graham-greene-er-dod","status":"publish","type":"post","link":"https:\/\/www.europesays.com\/no\/24411\/","title":{"rendered":"Oscar-nominerte Graham Greene er d\u00f8d"},"content":{"rendered":"\n<p class=\"_lead_1bvmi_2 _lead_xtcu6_50 layout-component text-serif-m layout-normal text-serif-l layout-component layout-wide layout-padded _wide_17hqh_1 layout-padded\">Den kanadiske skuespilleren ble 72 \u00e5r gammel.<\/p>\n<p><img alt=\"Graham Greene Foto: BRYAN R. SMITH \/ AFP \/ NTB\" class=\"_image_qp4xg_65 layout-component layout-wide\" data-fullscreen- data-track-element-type=\"Article image fullscreen\" data-track-name=\"ImageFullscreen\" fetchpriority=\"high\" decoding=\"sync\" loading=\"eager\" height=\"1941\" itemprop=\"image\"  src=\"https:\/\/www.europesays.com\/no\/wp-content\/uploads\/2025\/09\/3c90d294-9183-40bb-bdea-8e44bf2efd7e\"  style=\"object-position:0% 0%\" width=\"3128\"\/>Graham Greene Foto: BRYAN R. SMITH \/ AFP \/ NTB<\/p>\n<ul aria-hidden=\"true\" class=\"_images_1y6fe_106\">\n<li><a class=\"_link_1y6fe_111\" href=\"https:\/\/www.vg.no\/forfatter\/kari-aarstad-aase\" style=\"z-index:1\" title=\"Kari Aarstad Aase\" rel=\"nofollow noopener\" target=\"_blank\"><img alt=\"Bilde av Kari Aarstad Aase\" class=\"_image_1y6fe_88\" fetchpriority=\"low\" loading=\"lazy\" decoding=\"async\" itemprop=\"image\"  src=\"https:\/\/www.europesays.com\/no\/wp-content\/uploads\/2025\/09\/0dbde33e-6d8e-4680-8e4f-e2a64281e2b8\"  width=\"480\"\/><\/a><\/li>\n<\/ul>\n<p> Oppdatert tirsdag 2. september kl. 00:27     <\/p>\n<p class=\"_paragraph_1bvmi_4 _paragraph_xtcu6_10 layout-component text-serif-m layout-normal text-serif-m layout-padded\">Graham Greene, som ble Oscar-nominert for sin rolle i \u00abDances With Wolves\u00bb, d\u00f8de 1. september p\u00e5 sykehus i Toronto etter lang tids sykdom. Han ble 72 \u00e5r gammel, melder <a href=\"https:\/\/deadline.com\/2025\/09\/graham-greene-dead-dances-with-wolves-wind-river-1236502962\/\" class=\"_link_1bvmi_39\" rel=\"nofollow noopener\" target=\"_blank\">Deadline<\/a>.<\/p>\n<p class=\"_paragraph_1bvmi_4 _paragraph_xtcu6_10 layout-component text-serif-m layout-normal text-serif-m layout-padded\">Greene var en banebrytende skuespiller som \u00e5pnet d\u00f8rer for urfolksakt\u00f8rer i Hollywood. Han ble f\u00f8dt p\u00e5 Six Nations Reserve i Canada i 1952 og jobbet i forskjellige yrker f\u00f8r han satset p\u00e5 \u00e5 bli skuespiller.<\/p>\n<p class=\"_paragraph_1bvmi_4 _paragraph_xtcu6_10 layout-component text-serif-m layout-normal text-serif-m layout-padded\">Gjennombruddet kom i 1990 da <a href=\"https:\/\/www.vg.no\/tag\/kevin-costner?utm_source=vg-article&amp;utm_medium=auto-tagger&amp;utm_campaign=Gyk9LB\" class=\"_link_1bvmi_39\" rel=\"nofollow noopener\" target=\"_blank\">Kevin Costner<\/a> castet ham som Kicking Bird i westernfilmen \u00abDances With Wolves\u00bb. Filmen fikk tolv Oscar-nominasjoner, inkludert en for Greene i kategorien beste birolle. Filmen vant syv priser, blant annet for beste film.<\/p>\n<p><img alt=\"Guvern\u00f8r Mary Simon overrakte skuespiller Graham Greene prisen for livslang kunstnerisk innsats under utdelingen av Governor General\u2019s Performing Arts Awards i Rideau Hall i Ottawa, fredag 13. juni 2025.  Foto: PATRICK DOYLE \/ Pa Photos \/ NTB\" class=\"_image_qp4xg_65 layout-component layout-normal\" data-fullscreen- data-track-element-type=\"Article image fullscreen\" data-track-name=\"ImageFullscreen\" decoding=\"async\" loading=\"lazy\" height=\"4950\" itemprop=\"image\"  src=\"https:\/\/www.europesays.com\/no\/wp-content\/uploads\/2025\/09\/b1115d1b-825a-4fb3-a6b6-ada00d76d1e1\"  style=\"object-position:0% 0%\" width=\"7396\"\/>Guvern\u00f8r Mary Simon overrakte skuespiller Graham Greene prisen for livslang kunstnerisk innsats under utdelingen av Governor General\u2019s Performing Arts Awards i Rideau Hall i Ottawa, fredag 13. juni 2025.  Foto: PATRICK DOYLE \/ Pa Photos \/ NTB<\/p>\n<p class=\"_paragraph_1bvmi_4 _paragraph_xtcu6_10 layout-component text-serif-m layout-normal text-serif-m layout-padded\">Etter suksessen i \u00abDances With Wolves\u00bb spilte Greene i flere store Hollywood-produksjoner. Han var med i \u00abMaverick\u00bb med Mel Gibson, \u00abDie Hard With a Vengeance\u00bb med Bruce Willis og \u00abThe Green Mile\u00bb med Tom Hanks.<\/p>\n<p class=\"_paragraph_1bvmi_4 _paragraph_xtcu6_10 layout-component text-serif-m layout-normal text-serif-m layout-padded\">I senere \u00e5r hadde han roller i \u00abWind River\u00bb og TV-seriene \u00ab1883\u00bb og \u00abTulsa King\u00bb.<\/p>\n<p class=\"_paragraph_1bvmi_4 _paragraph_xtcu6_10 layout-component text-serif-m layout-normal text-serif-m layout-padded\">\u2013 Han var en stor mann med moral, etikk og karakter og vil bli savnet for evig, sier agenten Michael Greene i en uttalelse til Deadline.<\/p>\n<p class=\"_paragraph_1bvmi_4 _paragraph_xtcu6_10 layout-component text-serif-m layout-normal text-serif-m layout-padded\">Greene etterlater seg kona Hilary Blackmore, datteren Lilly Lazare-Greene og barnebarnet Tarlo.<\/p>\n","protected":false},"excerpt":{"rendered":"Den kanadiske skuespilleren ble 72 \u00e5r gammel. Graham Greene Foto: BRYAN R. SMITH \/ AFP \/ NTB Oppdatert&hellip;\n","protected":false},"author":2,"featured_media":24412,"comment_status":"","ping_status":"","sticky":false,"template":"","format":"standard","meta":{"footnotes":""},"categories":[58],"tags":[3321,1456,71,3899,3900,30,28,29,3901,72,46],"class_list":{"0":"post-24411","1":"post","2":"type-post","3":"status-publish","4":"format-standard","5":"has-post-thumbnail","7":"category-underholdning","8":"tag-bruce-willis","9":"tag-canada","10":"tag-entertainment","11":"tag-kevin-costner","12":"tag-mel-gibson","13":"tag-no","14":"tag-norge","15":"tag-norway","16":"tag-six-nations","17":"tag-underholdning","18":"tag-vgai"},"share_on_mastodon":{"url":"","error":""},"_links":{"self":[{"href":"https:\/\/www.europesays.com\/no\/wp-json\/wp\/v2\/posts\/24411","targetHints":{"allow":["GET"]}}],"collection":[{"href":"https:\/\/www.europesays.com\/no\/wp-json\/wp\/v2\/posts"}],"about":[{"href":"https:\/\/www.europesays.com\/no\/wp-json\/wp\/v2\/types\/post"}],"author":[{"embeddable":true,"href":"https:\/\/www.europesays.com\/no\/wp-json\/wp\/v2\/users\/2"}],"replies":[{"embeddable":true,"href":"https:\/\/www.europesays.com\/no\/wp-json\/wp\/v2\/comments?post=24411"}],"version-history":[{"count":0,"href":"https:\/\/www.europesays.com\/no\/wp-json\/wp\/v2\/posts\/24411\/revisions"}],"wp:featuredmedia":[{"embeddable":true,"href":"https:\/\/www.europesays.com\/no\/wp-json\/wp\/v2\/media\/24412"}],"wp:attachment":[{"href":"https:\/\/www.europesays.com\/no\/wp-json\/wp\/v2\/media?parent=24411"}],"wp:term":[{"taxonomy":"category","embeddable":true,"href":"https:\/\/www.europesays.com\/no\/wp-json\/wp\/v2\/categories?post=24411"},{"taxonomy":"post_tag","embeddable":true,"href":"https:\/\/www.europesays.com\/no\/wp-json\/wp\/v2\/tags?post=24411"}],"curies":[{"name":"wp","href":"https:\/\/api.w.org\/{rel}","templated":true}]}}