{"id":244191,"date":"2026-05-21T19:29:15","date_gmt":"2026-05-21T19:29:15","guid":{"rendered":"https:\/\/www.europesays.com\/no\/244191\/"},"modified":"2026-05-21T19:29:15","modified_gmt":"2026-05-21T19:29:15","slug":"barn-og-unge-utdanning-barn-og-unge-i-elverum-far-600-000-kroner","status":"publish","type":"post","link":"https:\/\/www.europesays.com\/no\/244191\/","title":{"rendered":"Barn og unge, Utdanning | Barn og unge i Elverum f\u00e5r 600.000 kroner"},"content":{"rendered":"\n<p>I dag f\u00e5r kommuner over hele landet \u00f8remerkede midler til innkj\u00f8p av b\u00f8ker til barnehager og skoler. Totalt f\u00e5r kommunene i Innlandet 8 849 175 kr.<\/p>\n<p>\u2013 Arbeiderparti-regjeringen har satt i gang en historisk satsing p\u00e5 lesing, som en del av regjeringens plan for Norge. Aldri f\u00f8r har kommunene f\u00e5tt s\u00e5 mye penger til fysiske l\u00e6reb\u00f8ker. I \u00e5r har vi ogs\u00e5 prioritert b\u00f8ker til barnehagen, slik at barn fra tidlig alder f\u00e5r tilgang til gode leseopplevelser, sier kunnskapsminister Kari Nessa Nordtun i en pressemelding.<\/p>\n<p> Midlene fordeles etter hvor mange barnehagebarn og elever kommunene har.<\/p>\n<p>Bedre balanse mellom skjerm og bok<\/p>\n<p>De siste \u00e5rene har regjeringen, gjennom budsjettsamarbeid p\u00e5 Stortinget, \u00f8remerket godt over en halv milliard kroner til innkj\u00f8p av trykte l\u00e6reb\u00f8ker til skolen.<\/p>\n<p>I \u00e5r f\u00e5r kommunene 140 millioner kroner til innkj\u00f8p av trykte l\u00e6reb\u00f8ker. Nordtun understreke at de nye midlene kommer i tillegg til de l\u00e6reb\u00f8kene kommunene allerede skal kj\u00f8pe over egne budsjetter.<\/p>\n<p>\u2013 I flere \u00e5r ble digitale l\u00e6remidler prioritert foran fysiske l\u00e6reb\u00f8ker p\u00e5 mange skoler. Den utviklingen er i ferd med \u00e5 snu. L\u00e6rerne m\u00e5 ha reell frihet til \u00e5 velge det som fungerer best i undervisningen, ogs\u00e5 trykte l\u00e6reb\u00f8ker, sier hun.<\/p>\n<p>Regjeringen mener utviklingen allerede er i gang.<\/p>\n<p> \u2013 Vi ser at f\u00e6rre f\u00f8rsteklassinger f\u00e5r eget nettbrett eller PC i skolen. Det er veldig positivt. De yngste barna trenger f\u00f8rst og fremst \u00e5 l\u00e6re \u00e5 lese, skrive og konsentrere seg, ikke mer skjermtid, sier Nordtun.<\/p>\n<p>Samtidig er det n\u00f8dvendig at de elevene som trenger digitale l\u00e6remidler f\u00e5r det. Nytt i \u00e5r er at det ogs\u00e5 er \u00e5pnet for at kommunene kan bruke inntil 10 prosent av midlene til digitale versjoner av de fysiske l\u00e6remidlene, til elever med for eksempel dysleksi.<\/p>\n<p>Leseglede fra tidlig alder<\/p>\n<p>I \u00e5r har kommunene for f\u00f8rste gang kunnet s\u00f8ke p\u00e5 en pott p\u00e5 10 millioner kroner til \u00e5 kj\u00f8pe inn b\u00f8ker i barnehagene.<\/p>\n<p>En rekke unders\u00f8kelser har over tid vist at norske barn og unge har svakere leseprestasjoner og lavere leselyst enn tidligere. Det er s\u00e6rlig bekymringsfullt fordi lesing er inngangen til all annen l\u00e6ring. <\/p>\n<p>I en studie fra Nasjonalt lesesenter sier en av tre foreldre at de ikke leser for barna sine.<\/p>\n<p> \u2013 Dette bekymrer meg, s\u00e6rlig fordi h\u00f8ytlesning kan gj\u00f8re underverker for barns spr\u00e5kutvikling. Derfor satser vi p\u00e5 flere b\u00f8ker i barnehagen, slik at alle barn kan oppleve leseglede uavhengig av hva skal bakgrunn og forutsetninger de har, sier Nordtun.<\/p>\n<p>Midlene som deles ut, fordeles etter hvor mange barnehagebarn og elever kommunene har.<\/p>\n","protected":false},"excerpt":{"rendered":"I dag f\u00e5r kommuner over hele landet \u00f8remerkede midler til innkj\u00f8p av b\u00f8ker til barnehager og skoler. Totalt&hellip;\n","protected":false},"author":2,"featured_media":244192,"comment_status":"","ping_status":"","sticky":false,"template":"","format":"standard","meta":{"footnotes":"","_share_on_mastodon":"0"},"categories":[10],"tags":[4178,7554,36,575,524,20,21,1070,8137,24,25,4179,15,410,22,23,1272,13,30,28,29,14,2932,16,2256,7555,1510,4176,26,27,2040,4177,132,1986],"class_list":["post-244191","post","type-post","status-publish","format-standard","has-post-thumbnail","category-norge","tag-alvdal","tag-amot","tag-art","tag-asnes","tag-barn-og-unge","tag-breaking-news","tag-breakingnews","tag-elverum","tag-engerdal","tag-featured-news","tag-featurednews","tag-folldal","tag-headlines","tag-kultur","tag-latest-news","tag-latestnews","tag-loten","tag-news","tag-no","tag-norge","tag-norway","tag-nyheter","tag-os","tag-overskrifter","tag-rendalen","tag-stor-elvdal","tag-story","tag-tolga","tag-top-stories","tag-topstories","tag-trysil","tag-tynset","tag-utdanning","tag-valer"],"share_on_mastodon":{"url":"https:\/\/pubeurope.com\/@no\/116614225520989475","error":""},"_links":{"self":[{"href":"https:\/\/www.europesays.com\/no\/wp-json\/wp\/v2\/posts\/244191","targetHints":{"allow":["GET"]}}],"collection":[{"href":"https:\/\/www.europesays.com\/no\/wp-json\/wp\/v2\/posts"}],"about":[{"href":"https:\/\/www.europesays.com\/no\/wp-json\/wp\/v2\/types\/post"}],"author":[{"embeddable":true,"href":"https:\/\/www.europesays.com\/no\/wp-json\/wp\/v2\/users\/2"}],"replies":[{"embeddable":true,"href":"https:\/\/www.europesays.com\/no\/wp-json\/wp\/v2\/comments?post=244191"}],"version-history":[{"count":0,"href":"https:\/\/www.europesays.com\/no\/wp-json\/wp\/v2\/posts\/244191\/revisions"}],"wp:featuredmedia":[{"embeddable":true,"href":"https:\/\/www.europesays.com\/no\/wp-json\/wp\/v2\/media\/244192"}],"wp:attachment":[{"href":"https:\/\/www.europesays.com\/no\/wp-json\/wp\/v2\/media?parent=244191"}],"wp:term":[{"taxonomy":"category","embeddable":true,"href":"https:\/\/www.europesays.com\/no\/wp-json\/wp\/v2\/categories?post=244191"},{"taxonomy":"post_tag","embeddable":true,"href":"https:\/\/www.europesays.com\/no\/wp-json\/wp\/v2\/tags?post=244191"}],"curies":[{"name":"wp","href":"https:\/\/api.w.org\/{rel}","templated":true}]}}