{"id":244287,"date":"2026-05-21T21:03:12","date_gmt":"2026-05-21T21:03:12","guid":{"rendered":"https:\/\/www.europesays.com\/no\/244287\/"},"modified":"2026-05-21T21:03:12","modified_gmt":"2026-05-21T21:03:12","slug":"fem-pagrepet-i-manchester-etter-mistanke-om-valgfusk","status":"publish","type":"post","link":"https:\/\/www.europesays.com\/no\/244287\/","title":{"rendered":"Fem p\u00e5grepet i Manchester etter mistanke om valgfusk:"},"content":{"rendered":"<p><strong>Fem personer er p\u00e5grepet i forbindelse med mistanke om valgfusk under lokalvalget i Tameside, skriver <a href=\"https:\/\/www.telegraph.co.uk\/politics\/2026\/05\/21\/five-arrested-in-tameside-over-local-election-fraud\/\" rel=\"nofollow noopener\" target=\"_blank\">The Telegraph.<\/a><\/strong><\/p>\n<p>If\u00f8lge Greater Manchester Police er de mistenkt for bedragerikonspirasjon knyttet til kandidater i St Peter\u2019s-valgkretsen.<\/p>\n<p><strong>Plasserte falske kandidater<\/strong><\/p>\n<p>Bakgrunnen er p\u00e5stander om at falske uavhengige kandidater skal ha blitt stilt til valg for \u00e5 splitte stemmene til opposisjonen og styrke Labour-kandidaten i kretsen.<\/p>\n<p>\u2013 Vi etterforsker hvordan kandidater ble nominert og fremstilt i valgkretsen, og om dette fulgte relevant lovgivning og valgprosedyrer, sier politiet i en uttalelse gjengitt av avisen.<\/p>\n<p>The Telegraph viser til en unders\u00f8kelse fra nettstedet Manchester Mill, som hevder interne meldinger i tilknytning til Labour-milj\u00f8et diskuterte \u00e5 plassere falske kandidater p\u00e5 stemmeseddelen.<\/p>\n<p><strong>Visste ikke selv at hun var p\u00e5 listen<\/strong><\/p>\n<p>En kvinne skal if\u00f8lge lokalavisen Tameside Correspondent ha oppdaget at hun sto oppf\u00f8rt som kandidat uten \u00e5 vite det selv.<\/p>\n<p>Labour Party avviser enhver kobling til saken.<\/p>\n<p>\u2013 Vi avviser kategorisk enhver p\u00e5stand om at partiet var involvert, sier en talsperson for Labour til avisen.<\/p>\n<p>Politiet opplyser at de fem p\u00e5grepne fortsatt sitter i avh\u00f8r, mens etterforskningen p\u00e5g\u00e5r.<\/p>\n","protected":false},"excerpt":{"rendered":"Fem personer er p\u00e5grepet i forbindelse med mistanke om valgfusk under lokalvalget i Tameside, skriver The Telegraph. If\u00f8lge&hellip;\n","protected":false},"author":2,"featured_media":244288,"comment_status":"","ping_status":"","sticky":false,"template":"","format":"standard","meta":{"footnotes":"","_share_on_mastodon":"0"},"categories":[12],"tags":[20,21,4835,24,25,15,22,23,7832,13,30,28,29,14,16,26,27,7036,42,43,44,45],"class_list":["post-244287","post","type-post","status-publish","format-standard","has-post-thumbnail","category-verden","tag-breaking-news","tag-breakingnews","tag-england","tag-featured-news","tag-featurednews","tag-headlines","tag-latest-news","tag-latestnews","tag-manchester","tag-news","tag-no","tag-norge","tag-norway","tag-nyheter","tag-overskrifter","tag-top-stories","tag-topstories","tag-valgfusk","tag-verden","tag-world","tag-world-news","tag-worldnews"],"share_on_mastodon":{"url":"https:\/\/pubeurope.com\/@no\/116614594888857672","error":""},"_links":{"self":[{"href":"https:\/\/www.europesays.com\/no\/wp-json\/wp\/v2\/posts\/244287","targetHints":{"allow":["GET"]}}],"collection":[{"href":"https:\/\/www.europesays.com\/no\/wp-json\/wp\/v2\/posts"}],"about":[{"href":"https:\/\/www.europesays.com\/no\/wp-json\/wp\/v2\/types\/post"}],"author":[{"embeddable":true,"href":"https:\/\/www.europesays.com\/no\/wp-json\/wp\/v2\/users\/2"}],"replies":[{"embeddable":true,"href":"https:\/\/www.europesays.com\/no\/wp-json\/wp\/v2\/comments?post=244287"}],"version-history":[{"count":0,"href":"https:\/\/www.europesays.com\/no\/wp-json\/wp\/v2\/posts\/244287\/revisions"}],"wp:featuredmedia":[{"embeddable":true,"href":"https:\/\/www.europesays.com\/no\/wp-json\/wp\/v2\/media\/244288"}],"wp:attachment":[{"href":"https:\/\/www.europesays.com\/no\/wp-json\/wp\/v2\/media?parent=244287"}],"wp:term":[{"taxonomy":"category","embeddable":true,"href":"https:\/\/www.europesays.com\/no\/wp-json\/wp\/v2\/categories?post=244287"},{"taxonomy":"post_tag","embeddable":true,"href":"https:\/\/www.europesays.com\/no\/wp-json\/wp\/v2\/tags?post=244287"}],"curies":[{"name":"wp","href":"https:\/\/api.w.org\/{rel}","templated":true}]}}