{"id":244354,"date":"2026-05-21T23:55:11","date_gmt":"2026-05-21T23:55:11","guid":{"rendered":"https:\/\/www.europesays.com\/no\/244354\/"},"modified":"2026-05-21T23:55:11","modified_gmt":"2026-05-21T23:55:11","slug":"henrettelse-avlyst-etter-mislykket-forsok-pa-a-finne-blodare","status":"publish","type":"post","link":"https:\/\/www.europesays.com\/no\/244354\/","title":{"rendered":"Henrettelse avlyst etter mislykket fors\u00f8k p\u00e5 \u00e5 finne blod\u00e5re"},"content":{"rendered":"\n<p class=\"_lead_145nj_2 _lead_6fko5_53 layout-component text-serif-m layout-normal text-serif-l layout-component layout-wide layout-padded _wide_17hqh_1 layout-padded\">D\u00f8dsd\u00f8mte Tony Carruthers f\u00e5r leve i ett \u00e5r til etter dramaet i Tennessee.<\/p>\n<p><img alt=\"Tony Carruthers Foto: AP \/ NTB\" class=\"_image_jw3bv_65 layout-component layout-wide\" data-fullscreen- data-track-element-type=\"Article image fullscreen\" data-track-name=\"ImageFullscreen\" fetchpriority=\"high\" decoding=\"sync\" loading=\"eager\" height=\"450\" itemprop=\"image\"  src=\"https:\/\/www.europesays.com\/no\/wp-content\/uploads\/2026\/05\/06ab92ec-4678-3793-9ac1-727ac9966eb4.jpeg\"  style=\"object-position:0% 0%\" width=\"338\"\/>Tony Carruthers Foto: AP \/ NTB<\/p>\n<ul aria-hidden=\"true\" class=\"_images_ntbth_112\">\n<li><a class=\"_link_ntbth_117\" href=\"https:\/\/www.vg.no\/forfatter\/kari-aarstad-aase\" style=\"z-index:1\" title=\"Kari Aarstad Aase\" rel=\"nofollow noopener\" target=\"_blank\"><img alt=\"Bilde av Kari Aarstad Aase\" class=\"_image_ntbth_93\" fetchpriority=\"low\" loading=\"lazy\" decoding=\"async\" itemprop=\"image\"  src=\"https:\/\/www.europesays.com\/no\/wp-content\/uploads\/2026\/05\/1779407711_499_0dbde33e-6d8e-4680-8e4f-e2a64281e2b8.jpeg\"  width=\"480\"\/><\/a><\/li>\n<\/ul>\n<p> Oppdatert fredag 22. mai kl. 01:05     <\/p>\n<p class=\"_paragraph_145nj_4 _paragraph_6fko5_10 layout-component text-serif-m layout-normal text-serif-m layout-padded\">Den d\u00f8dsd\u00f8mte fangen Tony Carruthers skulle henrettes ved giftspr\u00f8yte torsdag, men henrettelsen ble avlyst etter at det medisinske personalet ikke klarte \u00e5 finne en egnet blod\u00e5re, melder <a href=\"https:\/\/www.bbc.com\/news\/articles\/c93xj503kg9o\" class=\"_link_145nj_39\" rel=\"nofollow noopener\" target=\"_blank\">BBC<\/a>.<\/p>\n<p class=\"_paragraph_145nj_4 _paragraph_6fko5_10 layout-component text-serif-m layout-normal text-serif-m layout-padded\">If\u00f8lge fengselsmyndighetene i Tennessee fikk teamet p\u00e5 plass det prim\u00e6re venekateteret, men slet med \u00e5 finne en annen passende \u00e5re til reserveslangen, som er p\u00e5krevd etter protokollen.<\/p>\n<p class=\"_paragraph_145nj_4 _paragraph_6fko5_10 layout-component text-serif-m layout-normal text-serif-m layout-padded\">\u2013 Teamet fors\u00f8kte \u00e5 sette inn et sentralt venekateter i tr\u00e5d med protokollen, men prosedyren mislyktes. Henrettelsen ble da avlyst, opplyser fengselsvesenet i en uttalelse.<\/p>\n<p class=\"_paragraph_145nj_4 _paragraph_6fko5_10 layout-component text-serif-m layout-normal text-serif-m layout-padded\">Guvern\u00f8r Bill Lee har gitt Carruthers utsettelse av henrettelsen i ett \u00e5r.<\/p>\n<p class=\"_paragraph_145nj_4 _paragraph_6fko5_10 layout-component text-serif-m layout-normal text-serif-m layout-padded\">Carruthers ble d\u00f8mt i 1996 for \u00e5 ha kidnappet og drept Marcellos Anderson, hans mor Delois Anderson og Frederick Tucker i 1994. De tre ofrene ble sl\u00e5tt, skutt og begravd levende p\u00e5 en kirkeg\u00e5rd i Memphis.<\/p>\n<p class=\"_paragraph_145nj_4 _paragraph_6fko5_10 layout-component text-serif-m layout-normal text-serif-m layout-padded\">Saken har vakt nasjonal oppmerksomhet. Den amerikanske borgerrettighetsorganisasjonen ACLU mener rettssaken var full av feil, blant annet at Carruthers ble tvunget til \u00e5 forsvare seg selv. Han har hele tiden hevdet sin uskyld.<\/p>\n<p class=\"_paragraph_145nj_4 _paragraph_6fko5_10 layout-component text-serif-m layout-normal text-serif-m layout-padded\">\u2013 Det fantes ingen fysiske bevis knyttet til ham. Bevisene mot ham kom fra informanter som senere har trukket forklaringene sine tilbake eller blitt diskreditert, skriver ACLU.<\/p>\n<p class=\"_paragraph_145nj_4 _paragraph_6fko5_10 layout-component text-serif-m layout-normal text-serif-m layout-padded\">Forrige uke engasjerte ogs\u00e5 <a href=\"https:\/\/www.vg.no\/tag\/kim-kardashian?utm_source=vg-article&amp;utm_medium=auto-tagger&amp;utm_campaign=OkE3nV\" class=\"_link_145nj_39\" rel=\"nofollow noopener\" target=\"_blank\">Kim Kardashian<\/a> seg i saken og oppfordret f\u00f8lgerne sine til \u00e5 kontakte guvern\u00f8ren for \u00e5 kreve DNA-testing, if\u00f8lge BBC.<\/p>\n","protected":false},"excerpt":{"rendered":"D\u00f8dsd\u00f8mte Tony Carruthers f\u00e5r leve i ett \u00e5r til etter dramaet i Tennessee. Tony Carruthers Foto: AP \/&hellip;\n","protected":false},"author":2,"featured_media":244355,"comment_status":"","ping_status":"","sticky":false,"template":"","format":"standard","meta":{"footnotes":"","_share_on_mastodon":"0"},"categories":[12],"tags":[20,21,3512,24,25,15,1861,22,23,22107,13,30,28,29,14,16,26,27,42,46,43,44,45],"class_list":["post-244354","post","type-post","status-publish","format-standard","has-post-thumbnail","category-verden","tag-breaking-news","tag-breakingnews","tag-dodsstraff","tag-featured-news","tag-featurednews","tag-headlines","tag-kim-kardashian","tag-latest-news","tag-latestnews","tag-memphis","tag-news","tag-no","tag-norge","tag-norway","tag-nyheter","tag-overskrifter","tag-top-stories","tag-topstories","tag-verden","tag-vgai","tag-world","tag-world-news","tag-worldnews"],"share_on_mastodon":{"url":"https:\/\/pubeurope.com\/@no\/116615271623216145","error":""},"_links":{"self":[{"href":"https:\/\/www.europesays.com\/no\/wp-json\/wp\/v2\/posts\/244354","targetHints":{"allow":["GET"]}}],"collection":[{"href":"https:\/\/www.europesays.com\/no\/wp-json\/wp\/v2\/posts"}],"about":[{"href":"https:\/\/www.europesays.com\/no\/wp-json\/wp\/v2\/types\/post"}],"author":[{"embeddable":true,"href":"https:\/\/www.europesays.com\/no\/wp-json\/wp\/v2\/users\/2"}],"replies":[{"embeddable":true,"href":"https:\/\/www.europesays.com\/no\/wp-json\/wp\/v2\/comments?post=244354"}],"version-history":[{"count":0,"href":"https:\/\/www.europesays.com\/no\/wp-json\/wp\/v2\/posts\/244354\/revisions"}],"wp:featuredmedia":[{"embeddable":true,"href":"https:\/\/www.europesays.com\/no\/wp-json\/wp\/v2\/media\/244355"}],"wp:attachment":[{"href":"https:\/\/www.europesays.com\/no\/wp-json\/wp\/v2\/media?parent=244354"}],"wp:term":[{"taxonomy":"category","embeddable":true,"href":"https:\/\/www.europesays.com\/no\/wp-json\/wp\/v2\/categories?post=244354"},{"taxonomy":"post_tag","embeddable":true,"href":"https:\/\/www.europesays.com\/no\/wp-json\/wp\/v2\/tags?post=244354"}],"curies":[{"name":"wp","href":"https:\/\/api.w.org\/{rel}","templated":true}]}}