{"id":244532,"date":"2026-05-22T07:50:09","date_gmt":"2026-05-22T07:50:09","guid":{"rendered":"https:\/\/www.europesays.com\/no\/244532\/"},"modified":"2026-05-22T07:50:09","modified_gmt":"2026-05-22T07:50:09","slug":"bergens-far-ble-sjokkert-av-fyllekalas-i-sentrum-pa-17-mai","status":"publish","type":"post","link":"https:\/\/www.europesays.com\/no\/244532\/","title":{"rendered":"Bergens-far ble sjokkert av fyllekalas i sentrum p\u00e5 17.mai"},"content":{"rendered":"\n<ul class=\"_list_145nj_3 _list_64s2r_85 _unordered_145nj_106 text-sans-m\">\n<li class=\"_item_145nj_30\">Hans Eirik Systad Tyssen ble sjokkert over \u00e5 se hundrevis av fulle ungdommer i Bergen sentrum p\u00e5 17. mai.<\/li>\n<li class=\"_item_145nj_30\">Han mener voksengenerasjonen har endret 17. mai til en alkoholdag, og oppfordrer til \u00e5 gi ungdom alternative arrangementer.<\/li>\n<li class=\"_item_145nj_30\">Byr\u00e5dsleder Christine Meyer vil m\u00f8te politiet for \u00e5 diskutere l\u00f8sninger.<\/li>\n<li class=\"_item_145nj_30\">Ogs\u00e5 i Troms\u00f8 er det reaksjoner p\u00e5 lignende problemer p\u00e5 nasjonaldagen.<\/li>\n<\/ul>\n<p>Vis mer <\/p>\n<p class=\"_paragraph_145nj_4 _paragraph_6fko5_10 layout-component text-serif-m layout-normal text-serif-m layout-padded\">\u2013 Jeg s\u00e5 hundrevis, om ikke tusenvis, av stupfulle ungdommer som hang rundt hverandre. Det var spy. Det var s\u00f8ppel, forteller han p\u00e5 telefon til VG.<\/p>\n<p class=\"_paragraph_145nj_4 _paragraph_6fko5_10 layout-component text-serif-m layout-normal text-serif-m layout-padded\">Klokken var bare halv tre p\u00e5 ettermiddagen p\u00e5 nasjonaldagen da far og datter gikk over Torgallmenningen i <a href=\"https:\/\/www.vg.no\/tag\/bergen?utm_source=vg-article&amp;utm_medium=auto-tagger&amp;utm_campaign=16qQ5q\" class=\"_link_145nj_39\" rel=\"nofollow noopener\" target=\"_blank\">Bergen<\/a>.<\/p>\n<p class=\"_paragraph_145nj_4 _paragraph_6fko5_10 layout-component text-serif-m layout-normal text-serif-m layout-padded\">\u2013 Ungdommen der var ute av stand til \u00e5 ta skikkelig vare p\u00e5 seg selv, sier han.<\/p>\n<p class=\"_paragraph_145nj_4 _paragraph_6fko5_10 layout-component text-serif-m layout-normal text-serif-m layout-padded\">Tyssen vil ansl\u00e5 at mange av de fulle ungdommene var mellom 13 og 17 \u00e5r.<\/p>\n<p class=\"_paragraph_145nj_4 _paragraph_6fko5_10 layout-component text-serif-m layout-normal text-serif-m layout-padded\">Han mener at fyllekalaset som utspilte seg i byen midt p\u00e5 lyse dagen gj\u00f8r at andre \u2013 s\u00e6rlig barn \u2013 blir ekskludert.<\/p>\n<p class=\"_paragraph_145nj_4 _paragraph_6fko5_10 layout-component text-serif-m layout-normal text-serif-m layout-padded\">\u2013 Med slik festing er ikke lenger Torgallmenningen en allmenning \u2013 alts\u00e5 et sted alle kan ha tilgang til.<\/p>\n<p><img alt=\"Hans Eirik Systad Tyssen sammen med datteren (7) p\u00e5 17. mai.  Foto: Privat\" class=\"_image_jw3bv_65 layout-component layout-normal\" data-fullscreen- data-track-element-type=\"Article image fullscreen\" data-track-name=\"ImageFullscreen\" decoding=\"async\" loading=\"lazy\" height=\"5712\" itemprop=\"image\"  src=\"https:\/\/www.europesays.com\/no\/wp-content\/uploads\/2026\/05\/ac21bcbb-4f6e-36da-a536-32a197fd0e58.jpeg\"  style=\"object-position:0% 0%\" width=\"4284\"\/>Hans Eirik Systad Tyssen sammen med datteren (7) p\u00e5 17. mai.  Foto: Privat<\/p>\n<p class=\"_paragraph_145nj_4 _paragraph_6fko5_10 layout-component text-serif-m layout-normal text-serif-m layout-padded\">Tyssen skrev f\u00f8rst en kronikk om dette i<a href=\"https:\/\/www.ba.no\/hans-eirik-systad-tyssen-og-dottera-pa-7-skulle-berre-kjope-is-pa-narvesen-pa-barnas-dag-turen-fra-markeveien-til-kiosken-og-attende-er-det-minst-barnevenlege-eg-har-hatt-ho-med-pa-nokon-gong\/o\/5-8-3408575\" class=\"_link_145nj_39\" rel=\"nofollow noopener\" target=\"_blank\"> Bergensavisen.<\/a><\/p>\n<p class=\"_paragraph_145nj_4 _paragraph_6fko5_10 layout-component text-serif-m layout-normal text-serif-m layout-padded\">Der beskriver han at han holdt armen rundt datteren sin da de gikk gjennom byen:<\/p>\n<p class=\"_paragraph_145nj_4 _paragraph_6fko5_10 layout-component text-serif-m layout-normal text-serif-m layout-padded\"><strong class=\"_strong_145nj_25\">\u00abTo gonger hindra den armen at ho fekk ein stupfull 14-\u00e5ring i hovudet. Ho gjekk med fingrane i \u00f8yra for \u00e5 dempe kvina fr\u00e5 ten\u00e5ringsjentene. Eg nikka stivt d\u00e5 ein tidlegare elev, ein elles ganske reservert type, hylte namnet mitt.\u00bb<\/strong><\/p>\n<p class=\"_paragraph_145nj_4 _paragraph_6fko5_10 layout-component text-serif-m layout-normal text-serif-m layout-padded\">Politiet har startet etterforskning etter denne voldshendelsen i Bergen:<\/p>\n<p>   Mener voksne har lagt grunnlaget<\/p>\n<p class=\"_paragraph_145nj_4 _paragraph_6fko5_10 layout-component text-serif-m layout-normal text-serif-m layout-padded\">Faren er tydelig p\u00e5 at han ikke vil legge skylden p\u00e5 ungdommene selv. Han mener det kan v\u00e6re voksengenerasjonen som har endret 17. mai til \u00e5 bli en \u00abalkoholdag\u00bb.<\/p>\n<p class=\"_paragraph_145nj_4 _paragraph_6fko5_10 layout-component text-serif-m layout-normal text-serif-m layout-padded\">\u2013 Mange voksne starter dagen med \u00e5 drikke champagne. Selv i Frankrike drikker de det f\u00f8rst til en sen lunsj, sier han og fortsetter:<\/p>\n<p class=\"_paragraph_145nj_4 _paragraph_6fko5_10 layout-component text-serif-m layout-normal text-serif-m layout-padded\">\u2013 Ta deg et glass champagne til frokost, men la det v\u00e6re med det.<\/p>\n<p class=\"_paragraph_145nj_4 _paragraph_6fko5_10 layout-component text-serif-m layout-normal text-serif-m layout-padded\"><strong class=\"_strong_145nj_25\">Men Tyssen vil ikke bli en \u00abavholdsinfluencer\u00bb, og han mener ungdommene skal utforske og utfordre. Han mener bare at det burde skje en annen dag eller et annet sted. <\/strong><\/p>\n<p class=\"_paragraph_145nj_4 _paragraph_6fko5_10 layout-component text-serif-m layout-normal text-serif-m layout-padded\">\u2013 Ungdommen har ikke de samme mulighetene som eldre festglade. De kan ikke drikke p\u00e5 uteservering. De mangler et sted \u00e5 v\u00e6re, sier han.<\/p>\n<p class=\"_paragraph_145nj_4 _paragraph_6fko5_10 layout-component text-serif-m layout-normal text-serif-m layout-padded\">Hans Eirik Systad Tyssen er ikke den eneste som lot seg forferde. <\/p>\n<p class=\"_paragraph_145nj_4 _paragraph_6fko5_10 layout-component text-serif-m layout-normal text-serif-m layout-padded\">Trude Drevland fikk ogs\u00e5 sjokk da hun gikk gjennom Strandgaten p\u00e5 ettermiddagen 17. mai.<\/p>\n<p><img decoding=\"async\" alt=\"Bilde av Trude Drevland\" class=\"_image_148z4_25\" height=\"27\" itemprop=\"image\" loading=\"lazy\"  src=\"https:\/\/www.europesays.com\/no\/wp-content\/uploads\/2026\/05\/437cae1c-1cd3-327c-ad4e-bc0098bc71e5.jpeg\"  width=\"40\"\/><strong class=\"_name_148z4_34 title-serif-xs\">Trude Drevland<\/strong><\/p>\n<p class=\"_paragraph_145nj_4 text-sans-m _description_148z4_39\">Tidligere ordf\u00f8rer i Bergen<\/p>\n<p class=\"_paragraph_145nj_4 _paragraph_6fko5_10 layout-component text-serif-m layout-normal text-serif-m layout-padded\">\u2013 Hva s\u00e5 du?<\/p>\n<p class=\"_paragraph_145nj_4 _paragraph_6fko5_10 layout-component text-serif-m layout-normal text-serif-m layout-padded\">\u2013 Drita fulle unger fra 12 til 15\u201316 \u00e5r, som ravet rundt og ga fra seg ukvemslyder. Noen var nok p\u00e5virket av andre ting enn alkohol. <\/p>\n<p class=\"_paragraph_145nj_4 _paragraph_6fko5_10 layout-component text-serif-m layout-normal text-serif-m layout-padded\">\u2013 Hva syns du om dette?<\/p>\n<p class=\"_paragraph_145nj_4 _paragraph_6fko5_10 layout-component text-serif-m layout-normal text-serif-m layout-padded\">\u2013 Det er trist. Jeg f\u00f8ler p\u00e5 en dyp fortvilelse overfor disse ungdommene. Det var russcener jeg ikke \u00f8nsket \u00e5 se. <\/p>\n<p class=\"_paragraph_145nj_4 _paragraph_6fko5_10 layout-component text-serif-m layout-normal text-serif-m layout-padded\">\u2013 Hva b\u00f8r gj\u00f8res?<\/p>\n<p class=\"_paragraph_145nj_4 _paragraph_6fko5_10 layout-component text-serif-m layout-normal text-serif-m layout-padded\">\u2013 Hvem er jeg til \u00e5 komme med r\u00e5d? Jeg tror ikke n\u00f8dvendigvis p\u00e5 kommunale tiltak. Foreldrene m\u00e5 passe p\u00e5 ungene sine. De har ikke fri n\u00e5r 12-\u00e5ringen drar til byen. <\/p>\n<p class=\"_paragraph_145nj_4 _paragraph_6fko5_10 layout-component text-serif-m layout-normal text-serif-m layout-padded\">Per Magnus Vab\u00f8 var innsatsleder i Bergen sentrum p\u00e5 nasjonaldagen. <\/p>\n<p><img decoding=\"async\" alt=\"Bilde av Per Magnus Vab\u00f8\" class=\"_image_148z4_25\" height=\"47\" itemprop=\"image\" loading=\"lazy\"  src=\"https:\/\/www.europesays.com\/no\/wp-content\/uploads\/2026\/05\/7dd919ba-37fa-33db-98bc-6c8f6fbe50c0.png\"  width=\"40\"\/><strong class=\"_name_148z4_34 title-serif-xs\">Per Magnus Vab\u00f8<\/strong><\/p>\n<p class=\"_paragraph_145nj_4 text-sans-m _description_148z4_39\">Innsatsleder i politiet i Bergen<\/p>\n<p class=\"_paragraph_145nj_4 _paragraph_6fko5_10 layout-component text-serif-m layout-normal text-serif-m layout-padded\">Overfor <a href=\"https:\/\/www.ba.no\/klar-oppfordring-til-foreldre-hold-dere-edru\/s\/5-8-3408138\" class=\"_link_145nj_39\" rel=\"nofollow noopener\" target=\"_blank\">Bergensavisen<\/a> bekrefter han at det var flust med berusede ungdommer i byen.<\/p>\n<p class=\"_paragraph_145nj_4 _paragraph_6fko5_10 layout-component text-serif-m layout-normal text-serif-m layout-padded\">Flere frivillige fra R\u00f8de Kors og Natteravnene bisto politiet p\u00e5 17. mai.<\/p>\n<p class=\"_paragraph_145nj_4 _paragraph_6fko5_10 layout-component text-serif-m layout-normal text-serif-m layout-padded\">B\u00e5de Tyssen og Drevland mener de har sett en endring de siste \u00e5rene, og at fyllefesten er et nytt fenomen som har eskalert etter pandemien.<\/p>\n<p> \u2013 Et kollektivt ansvar<\/p>\n<p class=\"_paragraph_145nj_4 _paragraph_6fko5_10 layout-component text-serif-m layout-normal text-serif-m layout-padded\">Bergenspappaen Tyssen mener at ogs\u00e5 kommunen har et ansvar for \u00e5 gi ungdommen alternative arrangementer.<\/p>\n<p class=\"_paragraph_145nj_4 _paragraph_6fko5_10 layout-component text-serif-m layout-normal text-serif-m layout-padded\">\u2013 Festen kan for eksempel flyttes til 16. mai, foresl\u00e5r han.<\/p>\n<p class=\"_paragraph_145nj_4 _paragraph_6fko5_10 layout-component text-serif-m layout-normal text-serif-m layout-padded\">Han har troen p\u00e5 at 17. mai kan bli barnas dag igjen.<\/p>\n<p class=\"_paragraph_145nj_4 _paragraph_6fko5_10 layout-component text-serif-m layout-normal text-serif-m layout-padded\">Faren peker p\u00e5 at lignende endringer er gjort f\u00f8r.<\/p>\n<p class=\"_paragraph_145nj_4 _paragraph_6fko5_10 layout-component text-serif-m layout-normal text-serif-m layout-padded\">\u2013 Langt tilbake i tid var 17. mai preget av fulle folk og slagsm\u00e5l. Men Henrik Wergeland gjorde det til en dag for de yngste.<\/p>\n<p class=\"_paragraph_145nj_4 _paragraph_6fko5_10 layout-component text-serif-m layout-normal text-serif-m layout-padded\">Byr\u00e5dsleder i Bergen, Christine Meyer, synes det gj\u00f8r inntrykk \u00e5 h\u00f8re fra bergensere som forteller om br\u00e5k og utrygghet i sentrum. N\u00e5 vil hun ta grep:<\/p>\n<p><img decoding=\"async\" alt=\"Bilde av Christine H. Meyer\" class=\"_image_148z4_25\" height=\"38\" itemprop=\"image\" loading=\"lazy\"  src=\"https:\/\/www.europesays.com\/no\/wp-content\/uploads\/2026\/05\/b0fccfd4-140d-32ef-99d3-eae5f20e596b.jpeg\"  width=\"40\"\/><strong class=\"_name_148z4_34 title-serif-xs\">Christine H. Meyer<\/strong><\/p>\n<p class=\"_paragraph_145nj_4 text-sans-m _description_148z4_39\">Byr\u00e5dsleder i Bergen<\/p>\n<p class=\"_paragraph_145nj_4 _paragraph_6fko5_10 layout-component text-serif-m layout-normal text-serif-m layout-padded\">\u2013 Jeg vil sammen med ordf\u00f8reren ta initiativ til et m\u00f8te med politiet for \u00e5 diskutere \u00e5rets gjennomf\u00f8ring av 17. mai. Det var mange arrangementer for ungdom p\u00e5 ettermiddags- og kveldstid i sentrum, og det var uheldig at det samlet seg mange mindre\u00e5rige ungdommer p\u00e5 samme sted. Vi vil blant annet se p\u00e5 om spredning av ungdomsarrangementene til ulike bydeler kan v\u00e6re et tiltak for \u00e5 hindre at dette skjer igjen.<\/p>\n<p class=\"_paragraph_145nj_4 _paragraph_6fko5_10 layout-component text-serif-m layout-normal text-serif-m layout-padded\">Hun skriver i en e-post til VG at utfordringen m\u00e5 l\u00f8ses i fellesskap.<\/p>\n<p class=\"_paragraph_145nj_4 _paragraph_6fko5_10 layout-component text-serif-m layout-normal text-serif-m layout-padded\">\u2013 Vi har mye som fungerer godt p\u00e5 17. mai i Bergen, men den utviklingen vi har sett de siste \u00e5rene m\u00e5 vi klare \u00e5 ta tak i, og t\u00f8rre \u00e5 snakke om, sier hun.<\/p>\n<p><img alt=\"S\u00f8ppelet fl\u00f8t i gatene etter 17. mai-feiringen i Troms\u00f8 i 2024.  Foto: Louise Holst Andersen\" class=\"_image_jw3bv_65 layout-component layout-normal\" data-fullscreen- data-track-element-type=\"Article image fullscreen\" data-track-name=\"ImageFullscreen\" decoding=\"async\" loading=\"lazy\" height=\"3024\" itemprop=\"image\"  src=\"https:\/\/www.europesays.com\/no\/wp-content\/uploads\/2026\/05\/a5beb3aa-1275-3d04-9329-83560696f5ef.jpeg\"  style=\"object-position:0% 0%\" width=\"4032\"\/>S\u00f8ppelet fl\u00f8t i gatene etter 17. mai-feiringen i Troms\u00f8 i 2024.  Foto: Louise Holst Andersen<\/p>\n<p class=\"_paragraph_145nj_4 _paragraph_6fko5_10 layout-component text-serif-m layout-normal text-serif-m layout-padded\">Bergensere er ikke alene om \u00e5 oppleve at festen tar av i sentrum.<\/p>\n<p class=\"_paragraph_145nj_4 _paragraph_6fko5_10 layout-component text-serif-m layout-normal text-serif-m layout-padded\">Ogs\u00e5 i Troms\u00f8 har flere reagert. Varaordf\u00f8rer Sigrid Bj\u00f8rnhaum Hammar (SV) skrev blant annet dette i <a href=\"https:\/\/www.nordnorskdebatt.no\/flatfyll-17-mai-er-ikke-festlig-det-er-flaut\/o\/5-124-429816\" class=\"_link_145nj_39\" rel=\"nofollow noopener\" target=\"_blank\">Nordnorsk-debatt<\/a>:<\/p>\n<p class=\"_paragraph_145nj_4 _paragraph_6fko5_10 layout-component text-serif-m layout-normal text-serif-m layout-padded\"><strong class=\"_strong_145nj_25\">\u00abMens barnehagebarn gikk i tog, sto folk og hoiet med alkohol i hendene.\u00bb<\/strong><\/p>\n<p class=\"_paragraph_145nj_4 _paragraph_6fko5_10 layout-component text-serif-m layout-normal text-serif-m layout-padded\">Ordf\u00f8rer Gunnar Wilhelmsen sier Arbeiderpartiet n\u00e5 <a href=\"https:\/\/www.nordlys.no\/17-mai-fylla-na-skal-vi-ta-grep\/s\/5-34-2327569\" class=\"_link_145nj_39\" rel=\"nofollow noopener\" target=\"_blank\">skal ta grep<\/a>.<\/p>\n","protected":false},"excerpt":{"rendered":"Hans Eirik Systad Tyssen ble sjokkert over \u00e5 se hundrevis av fulle ungdommer i Bergen sentrum p\u00e5 17.&hellip;\n","protected":false},"author":2,"featured_media":244533,"comment_status":"","ping_status":"","sticky":false,"template":"","format":"standard","meta":{"footnotes":"","_share_on_mastodon":"0"},"categories":[10],"tags":[14670,1095,444,1982,20,21,10354,24,25,15,21914,22,23,22121,13,30,28,29,14,16,26,27,14200,263],"class_list":["post-244532","post","type-post","status-publish","format-standard","has-post-thumbnail","category-norge","tag-17-mai","tag-alkohol","tag-bergen","tag-bergen-sentrum","tag-breaking-news","tag-breakingnews","tag-christine-meyer","tag-featured-news","tag-featurednews","tag-headlines","tag-henrik-wergeland","tag-latest-news","tag-latestnews","tag-natteravnene","tag-news","tag-no","tag-norge","tag-norway","tag-nyheter","tag-overskrifter","tag-top-stories","tag-topstories","tag-torgallmenningen","tag-tromso"],"share_on_mastodon":{"url":"https:\/\/pubeurope.com\/@no\/116617139261278052","error":""},"_links":{"self":[{"href":"https:\/\/www.europesays.com\/no\/wp-json\/wp\/v2\/posts\/244532","targetHints":{"allow":["GET"]}}],"collection":[{"href":"https:\/\/www.europesays.com\/no\/wp-json\/wp\/v2\/posts"}],"about":[{"href":"https:\/\/www.europesays.com\/no\/wp-json\/wp\/v2\/types\/post"}],"author":[{"embeddable":true,"href":"https:\/\/www.europesays.com\/no\/wp-json\/wp\/v2\/users\/2"}],"replies":[{"embeddable":true,"href":"https:\/\/www.europesays.com\/no\/wp-json\/wp\/v2\/comments?post=244532"}],"version-history":[{"count":0,"href":"https:\/\/www.europesays.com\/no\/wp-json\/wp\/v2\/posts\/244532\/revisions"}],"wp:featuredmedia":[{"embeddable":true,"href":"https:\/\/www.europesays.com\/no\/wp-json\/wp\/v2\/media\/244533"}],"wp:attachment":[{"href":"https:\/\/www.europesays.com\/no\/wp-json\/wp\/v2\/media?parent=244532"}],"wp:term":[{"taxonomy":"category","embeddable":true,"href":"https:\/\/www.europesays.com\/no\/wp-json\/wp\/v2\/categories?post=244532"},{"taxonomy":"post_tag","embeddable":true,"href":"https:\/\/www.europesays.com\/no\/wp-json\/wp\/v2\/tags?post=244532"}],"curies":[{"name":"wp","href":"https:\/\/api.w.org\/{rel}","templated":true}]}}