{"id":244562,"date":"2026-05-22T08:28:22","date_gmt":"2026-05-22T08:28:22","guid":{"rendered":"https:\/\/www.europesays.com\/no\/244562\/"},"modified":"2026-05-22T08:28:22","modified_gmt":"2026-05-22T08:28:22","slug":"dennis-hauger-historisk-i-indy-500-det-blir-en-vill-stemning","status":"publish","type":"post","link":"https:\/\/www.europesays.com\/no\/244562\/","title":{"rendered":"Dennis Hauger historisk i Indy 500: \u2013 Det blir en vill stemning"},"content":{"rendered":"\n<p class=\"_lead_145nj_2 _lead_6fko5_53 layout-component text-serif-m layout-normal text-serif-l layout-component layout-wide layout-padded _wide_17hqh_1 layout-padded\">Dennis Hauger (23) blir historisk n\u00e5r startskuddet for gigantl\u00f8pet Indy 500 g\u00e5r av stabelen s\u00f8ndag.<\/p>\n<p><img alt=\" Foto: Javad Parsa \/ NTB\" class=\"_image_jw3bv_65 layout-component layout-wide\" data-fullscreen- data-track-element-type=\"Article image fullscreen\" data-track-name=\"ImageFullscreen\" fetchpriority=\"high\" decoding=\"sync\" loading=\"eager\" height=\"5760\" itemprop=\"image\"  src=\"https:\/\/www.europesays.com\/no\/wp-content\/uploads\/2026\/05\/7a1f5a0e-b4ef-3b31-8ba7-b9b21b0b7776.jpeg\"  style=\"object-position:0% 0%\" width=\"8640\"\/> Foto: Javad Parsa \/ NTB<\/p>\n<ul aria-hidden=\"true\" class=\"_images_ntbth_112\">\n<li><a class=\"_link_ntbth_117\" href=\"https:\/\/www.vg.no\/forfatter\/ntb\" style=\"z-index:1\" title=\"NTB\" rel=\"nofollow noopener\" target=\"_blank\"><img alt=\"Bilde av NTB\" class=\"_image_ntbth_93\" fetchpriority=\"low\" loading=\"lazy\" decoding=\"async\" itemprop=\"image\"  src=\"https:\/\/www.europesays.com\/no\/wp-content\/uploads\/2026\/05\/1779438501_799_c33980b0-5d07-4027-84a1-813f90a7c8d6.jpeg\"  width=\"480\"\/><\/a><\/li>\n<\/ul>\n<p> Oppdatert fredag 22. mai kl. 07:14    <\/p>\n<ul class=\"_list_145nj_3 _list_64s2r_85 _unordered_145nj_106 text-sans-m\">\n<li class=\"_item_145nj_30\">Dennis Hauger skal bli f\u00f8rste nordmann siden 1916 som deltar i Indy 500, motorsportens st\u00f8rste bill\u00f8p.<\/li>\n<li class=\"_item_145nj_30\">Han starter fra 29.-plass i det verdensber\u00f8mte l\u00f8pet med over 300.000 tilskuere.<\/li>\n<li class=\"_item_145nj_30\">Hauger h\u00e5per \u00e5 jobbe seg opp i feltet og fullf\u00f8re, til tross for at kj\u00f8ring p\u00e5 ovalbane er nytt for ham.<\/li>\n<\/ul>\n<p>Vis mer <\/p>\n<p class=\"_paragraph_145nj_4 _paragraph_6fko5_10 layout-component text-serif-m layout-normal text-serif-m layout-padded\">Hauger blir f\u00f8rste nordmann siden 1916 til \u00e5 delta i det som er motorsportens st\u00f8rste bill\u00f8p med over 300.000 tilskuere p\u00e5 plass p\u00e5 Indianapolis Motor Speedway i delstaten Indiana.<\/p>\n<p class=\"_paragraph_145nj_4 _paragraph_6fko5_10 layout-component text-serif-m layout-normal text-serif-m layout-padded\">\u2013 Det blir en vill stemning med mye folk og fullsatte tribuner, men jeg kommer til \u00e5 v\u00e6re i min egen boble, sier Hauger til NTB dager f\u00f8r det braker l\u00f8s.<\/p>\n<p><img alt=\"Indy 500 er blant verdens st\u00f8rste idrettsarrangementer. Et folkehav venter Dennis Hauger og co. s\u00f8ndag.   Foto: Michael Conroy \/ AP \/ NTB\" class=\"_image_jw3bv_65 layout-component layout-normal\" data-fullscreen- data-track-element-type=\"Article image fullscreen\" data-track-name=\"ImageFullscreen\" decoding=\"async\" loading=\"lazy\" height=\"3786\" itemprop=\"image\"  src=\"https:\/\/www.europesays.com\/no\/wp-content\/uploads\/2026\/05\/72ef3538-7720-3c3d-8b5d-86e1acf6c98a.jpeg\"  style=\"object-position:0% 0%\" width=\"5678\"\/>Indy 500 er blant verdens st\u00f8rste idrettsarrangementer. Et folkehav venter Dennis Hauger og co. s\u00f8ndag.   Foto: Michael Conroy \/ AP \/ NTB<\/p>\n<p class=\"_paragraph_145nj_4 _paragraph_6fko5_10 layout-component text-serif-m layout-normal text-serif-m layout-padded\">Gil Andersen deltok i de seks f\u00f8rste l\u00f8pene fra 1911 til 1916, men siden har det v\u00e6rt norsk t\u00f8rke.<\/p>\n<p class=\"_paragraph_145nj_4 _paragraph_6fko5_10 layout-component text-serif-m layout-normal text-serif-m layout-padded\">\u2013 Da var det faktisk et par nordmenn som hadde flyttet til USA som deltok, men det var det ingen i Norge som fikk med seg den gangen. Det var jo helt fremmed, sier Viaplay-kommentator Atle Gulbrandsen.<\/p>\n<p class=\"_paragraph_145nj_4 _paragraph_6fko5_10 layout-component text-serif-m layout-normal text-serif-m layout-padded\">Han snakker med NTB mens han er p\u00e5 vei til USA for \u00e5 f\u00f8lge l\u00f8pet \u00abringside\u00bb. Gulbrandsen har i mange \u00e5r fulgt Haugers karriere tett. N\u00e5 f\u00e5r han se nordmannen i Indy 500.<\/p>\n<p class=\"_paragraph_145nj_4 _paragraph_6fko5_10 layout-component text-serif-m layout-normal text-serif-m layout-padded\">\u2013 Det regnes som verdens st\u00f8rste idrettsarrangement n\u00e5r du teller antall tilskuere p\u00e5 \u00e9n stadion p\u00e5 \u00e9n dag, sier Gulbrandsen.<\/p>\n<p>   Nytt<\/p>\n<p class=\"_paragraph_145nj_4 _paragraph_6fko5_10 layout-component text-serif-m layout-normal text-serif-m layout-padded\">At Norge n\u00e5 har en profil p\u00e5 start, betyr mye.<\/p>\n<p class=\"_paragraph_145nj_4 _paragraph_6fko5_10 layout-component text-serif-m layout-normal text-serif-m layout-padded\">\u2013 Det er heftig. Dette er et l\u00f8p alle amerikanere har et forhold til. Uansett om du er interessert eller ikke, har du h\u00f8rt om Indy 500, sier Gulbrandsen.<\/p>\n<p class=\"_paragraph_145nj_4 _paragraph_6fko5_10 layout-component text-serif-m layout-normal text-serif-m layout-padded\">L\u00f8pet kj\u00f8res p\u00e5 den ikoniske ovalbanen i Indianapolis. Hauger var i aksjon der ogs\u00e5 for to uker siden, selv om de da bare brukte deler av ovalbanen i det som var et gatel\u00f8p.<\/p>\n<p class=\"_paragraph_145nj_4 _paragraph_6fko5_10 layout-component text-serif-m layout-normal text-serif-m layout-padded\">Kj\u00f8ring p\u00e5 ovalbane er nytt for Hauger. I sin tid i Formel-seriene i Europa ble det kj\u00f8rt p\u00e5 gatebaner.<\/p>\n<p><img alt=\"Indy 500 g\u00e5r av stabelen s\u00f8ndag.   Foto: Darron Cummings \/ AP \/ NTB\" class=\"_image_jw3bv_65 layout-component layout-normal\" data-fullscreen- data-track-element-type=\"Article image fullscreen\" data-track-name=\"ImageFullscreen\" decoding=\"async\" loading=\"lazy\" height=\"2884\" itemprop=\"image\"  src=\"https:\/\/www.europesays.com\/no\/wp-content\/uploads\/2026\/05\/1bf5ee1b-c75a-3183-8099-ed786389d01f.jpeg\"  style=\"object-position:0% 0%\" width=\"4326\"\/>Indy 500 g\u00e5r av stabelen s\u00f8ndag.   Foto: Darron Cummings \/ AP \/ NTBVil fullf\u00f8re<\/p>\n<p class=\"_paragraph_145nj_4 _paragraph_6fko5_10 layout-component text-serif-m layout-normal text-serif-m layout-padded\">Hauger kj\u00f8rte inn til 31.-plass i sist helgs kvalifisering til Indy 500, men hoppet senere opp til 29.-plass etter at noen f\u00f8rere fikk straff. 33 biler deltar.<\/p>\n<p class=\"_paragraph_145nj_4 _paragraph_6fko5_10 layout-component text-serif-m layout-normal text-serif-m layout-padded\">\u2013 M\u00e5lsettingen er \u00e5 jobbe meg opp i feltet og ikke minst pr\u00f8ve \u00e5 komme meg helskinnet i m\u00e5l, sier Hauger, som ikke sl\u00e5r fra seg dr\u00f8mmen om \u00e5 vinne.<\/p>\n<p class=\"_paragraph_145nj_4 _paragraph_6fko5_10 layout-component text-serif-m layout-normal text-serif-m layout-padded\">\u2013 Selv om jeg ikke sitter i den beste bilen, er selvf\u00f8lgelig m\u00e5lsettingen \u00e5 vinne.<\/p>\n<p class=\"_paragraph_145nj_4 _paragraph_6fko5_10 layout-component text-serif-m layout-normal text-serif-m layout-padded\">Hauger er inne i sin f\u00f8rste sesong i Indycar og er en av fire som debuterer i Indy 500. Opprykket til toppklassen fikk han etter \u00e5 ha vunnet fjor\u00e5rets IndyNXT.<\/p>\n<p class=\"_paragraph_145nj_4 _paragraph_6fko5_10 layout-component text-serif-m layout-normal text-serif-m layout-padded\">\u2013 Jeg har ikke veldig h\u00f8ye forh\u00e5pninger. Det er f\u00f8rste gang han deltar, s\u00e5 forh\u00e5pentlig greier han \u00e5 fullf\u00f8re. Alt kan skje, men jeg forventer ikke at han skal v\u00e6re i toppen, sier Gulbrandsen om Haugers muligheter.<\/p>\n<p class=\"_paragraph_145nj_4 _paragraph_6fko5_10 layout-component text-serif-m layout-normal text-serif-m layout-padded\">Hauger satset i mange \u00e5r i Formel 2 og Formel 3, men fikk aldri muligheten i Formel 1. Han hadde i 2024 flere tilbud om \u00e5 fortsette i Formel 2, men \u00f8nsket et milj\u00f8skifte. Dermed flyttet han til USA.<\/p>\n<p class=\"_paragraph_145nj_4 _paragraph_6fko5_10 layout-component text-serif-m layout-normal text-serif-m layout-padded\">Det mener Gulbrandsen var viktig for karrieren.<\/p>\n<p class=\"_paragraph_145nj_4 _paragraph_6fko5_10 layout-component text-serif-m layout-normal text-serif-m layout-padded\">\u2013 Jeg tror at Dennis kommer til \u00e5 etablere seg som en toppf\u00f8rer i Indycar, og det er en flott karriere. Han vil jo selvf\u00f8lgelig ikke bli like kjent som Max Verstappen (Formel 1-stjerne), men han kan f\u00e5 en kjempefin karriere der.<\/p>\n<p>   Regjerende mester<\/p>\n<p class=\"_paragraph_145nj_4 _paragraph_6fko5_10 layout-component text-serif-m layout-normal text-serif-m layout-padded\">Spanske Alex Palou vant Indy 500 i fjor og jakter p\u00e5 en ny seier etter \u00e5 ha v\u00e6rt raskest i kvalifiseringen. <\/p>\n<p class=\"_paragraph_145nj_4 _paragraph_6fko5_10 layout-component text-serif-m layout-normal text-serif-m layout-padded\">\u2013 Han er favoritten, sl\u00e5r Gulbrandsen fast.<\/p>\n<p class=\"_paragraph_145nj_4 _paragraph_6fko5_10 layout-component text-serif-m layout-normal text-serif-m layout-padded\">Rett ved siden av seg p\u00e5 start har Palou ogs\u00e5 en tidligere vinner i Alexander Rossi, men amerikaneren har gjennom uken v\u00e6rt usikker som f\u00f8lge av en stygg krasj p\u00e5 mandagens trening. Han uttalte sist p\u00e5 onsdag at han hadde til hensikt \u00e5 delta.<\/p>\n<p class=\"_paragraph_145nj_4 _paragraph_6fko5_10 layout-component text-serif-m layout-normal text-serif-m layout-padded\">Brasilianeren Helio Castroneves har vunnet l\u00f8pet rekordmange fire ganger og er den eneste blant de fire med s\u00e5 mange triumfer som ogs\u00e5 stiller i \u00e5r.<\/p>\n<p class=\"_paragraph_145nj_4 _paragraph_6fko5_10 layout-component text-serif-m layout-normal text-serif-m layout-padded\">Indy 500 starter s\u00f8ndag klokken 18.45 norsk tid og g\u00e5r over 200 runder. Det er meldt usikkert v\u00e6r, noe som kan f\u00f8re til endringer. Det kj\u00f8res ikke p\u00e5 ovalbaner dersom det regner.<\/p>\n<p class=\"_paragraph_145nj_4 _paragraph_6fko5_10 layout-component text-serif-m layout-normal text-serif-m layout-padded\">Den h\u00f8ye farten er grunnen til at en slik risiko ikke tas. I kvalifiseringen var snitthastigheten ekstreme 375 kilometer i timen.<\/p>\n","protected":false},"excerpt":{"rendered":"Dennis Hauger (23) blir historisk n\u00e5r startskuddet for gigantl\u00f8pet Indy 500 g\u00e5r av stabelen s\u00f8ndag. Foto: Javad Parsa&hellip;\n","protected":false},"author":2,"featured_media":244563,"comment_status":"","ping_status":"","sticky":false,"template":"","format":"standard","meta":{"footnotes":"","_share_on_mastodon":"0"},"categories":[59],"tags":[1119,3104,2041,30,28,29,83,82],"class_list":["post-244562","post","type-post","status-publish","format-standard","has-post-thumbnail","category-sport","tag-dennis-hauger","tag-indy-500","tag-lop","tag-no","tag-norge","tag-norway","tag-sport","tag-sports"],"share_on_mastodon":{"url":"https:\/\/pubeurope.com\/@no\/116617288847774000","error":""},"_links":{"self":[{"href":"https:\/\/www.europesays.com\/no\/wp-json\/wp\/v2\/posts\/244562","targetHints":{"allow":["GET"]}}],"collection":[{"href":"https:\/\/www.europesays.com\/no\/wp-json\/wp\/v2\/posts"}],"about":[{"href":"https:\/\/www.europesays.com\/no\/wp-json\/wp\/v2\/types\/post"}],"author":[{"embeddable":true,"href":"https:\/\/www.europesays.com\/no\/wp-json\/wp\/v2\/users\/2"}],"replies":[{"embeddable":true,"href":"https:\/\/www.europesays.com\/no\/wp-json\/wp\/v2\/comments?post=244562"}],"version-history":[{"count":0,"href":"https:\/\/www.europesays.com\/no\/wp-json\/wp\/v2\/posts\/244562\/revisions"}],"wp:featuredmedia":[{"embeddable":true,"href":"https:\/\/www.europesays.com\/no\/wp-json\/wp\/v2\/media\/244563"}],"wp:attachment":[{"href":"https:\/\/www.europesays.com\/no\/wp-json\/wp\/v2\/media?parent=244562"}],"wp:term":[{"taxonomy":"category","embeddable":true,"href":"https:\/\/www.europesays.com\/no\/wp-json\/wp\/v2\/categories?post=244562"},{"taxonomy":"post_tag","embeddable":true,"href":"https:\/\/www.europesays.com\/no\/wp-json\/wp\/v2\/tags?post=244562"}],"curies":[{"name":"wp","href":"https:\/\/api.w.org\/{rel}","templated":true}]}}