{"id":244677,"date":"2026-05-22T10:45:17","date_gmt":"2026-05-22T10:45:17","guid":{"rendered":"https:\/\/www.europesays.com\/no\/244677\/"},"modified":"2026-05-22T10:45:17","modified_gmt":"2026-05-22T10:45:17","slug":"vaer-forbruker-advarer-om-uvanlig-sterk-uv-straling-i-dag","status":"publish","type":"post","link":"https:\/\/www.europesays.com\/no\/244677\/","title":{"rendered":"V\u00e6r, Forbruker | Advarer om uvanlig sterk UV-str\u00e5ling i dag"},"content":{"rendered":"\n<p>\u2013 Vi forventer at UV-indeksen de neste dagene vil bli h\u00f8yere enn 5 flere steder i S\u00f8r-Norge. Det er h\u00f8yt, og henger sammen med tynnere ozonlag i kombinasjon med sol og fint v\u00e6r, sier seniorr\u00e5dgiver Dan Henrik Stender i DSA i en <a href=\"https:\/\/www.dsa.no\/nyheter\/varsler-uvanlig-sterk-uv-straling\" rel=\"nofollow noopener\" target=\"_blank\">pressemelding<\/a>.<\/p>\n<p>Det er ventet UV-indeks p\u00e5 5,5 flere steder i Norge fredag. DSA anbefaler solbeskyttelse n\u00e5r indeksen er p\u00e5 3 eller h\u00f8yere. Skalaen g\u00e5r fra 1 til 11+, hvor h\u00f8yere tall indikerer sterkere str\u00e5ling fra sola.<\/p>\n<p>UV p\u00e5 6<\/p>\n<p>Kraftigst blir sola i indre Vestland og deler av Rogaland, hvor det er varslet inntil 6. Hele S\u00f8r-Norge f\u00e5r UV p\u00e5 over 5, if\u00f8lge <a href=\"https:\/\/uvdata.nilu.no\/\" rel=\"nofollow noopener\" target=\"_blank\">oversikten<\/a> fra forskningsinstituttet NILU.<\/p>\n<p>\u2013 Det viktigste du kan gj\u00f8re er \u00e5 begrense tiden i sterk sol. Vi anbefaler \u00e5 opps\u00f8ke skygge, bruke kl\u00e6r, noe p\u00e5 hodet og solbriller og rikelig med solkrem med h\u00f8y faktor, sier Stender.<\/p>\n<p>Det er vanlig at tykkelsen p\u00e5 ozonlaget varierer noe fra dag til dag, if\u00f8lge DSA. Dermed varierer ogs\u00e5 UV-indeksen p\u00e5 ulike dager. Fra mars-april st\u00e5r solen stadig h\u00f8yere p\u00e5 himmelen, og UV-str\u00e5lingen blir sterkere dag for dag. Jo h\u00f8yere UV-indeks, jo sterkere str\u00e5ling og desto viktigere er det \u00e5 beskytte seg mot solen.<\/p>\n<p>Fint i \u00d8st, regn i Vest<\/p>\n<p>Meteorologene melder om best v\u00e6r p\u00e5 S\u00f8r- og \u00d8stlandet i pinsehelgen, med temperaturer inntil 25 grader. Likevel meldes det regn over store deler av landet l\u00f8rdag.<\/p>\n<p>I resten av landet blir det mellom 10 og 20 grader, og det blir varmest fredag.<\/p>\n<p>Vestlandet m\u00e5 belage seg p\u00e5 en regntung pinsehelg. I Bergen melder Meteorologisk institutt mellom 5 og 10 millimeter regn og overskyet hele helgen. Ogs\u00e5 i Tr\u00f8ndelag blir det regn og gr\u00e5tt, noe som kan sette et punktum for skogbrannfaren. I Nord-Norge blir det v\u00e5test s\u00f8ndag, med inntil 10 millimeter regn i Troms\u00f8.<\/p>\n<p>(\u00a9NTB)<\/p>\n","protected":false},"excerpt":{"rendered":"\u2013 Vi forventer at UV-indeksen de neste dagene vil bli h\u00f8yere enn 5 flere steder i S\u00f8r-Norge. Det&hellip;\n","protected":false},"author":2,"featured_media":244678,"comment_status":"","ping_status":"","sticky":false,"template":"","format":"standard","meta":{"footnotes":"","_share_on_mastodon":"0"},"categories":[10],"tags":[36,20,21,24,25,823,1552,15,22,23,1272,13,30,28,29,14,16,1435,1551,1510,26,27,553],"class_list":["post-244677","post","type-post","status-publish","format-standard","has-post-thumbnail","category-norge","tag-art","tag-breaking-news","tag-breakingnews","tag-featured-news","tag-featurednews","tag-forbruker","tag-hamar","tag-headlines","tag-latest-news","tag-latestnews","tag-loten","tag-news","tag-no","tag-norge","tag-norway","tag-nyheter","tag-overskrifter","tag-ringsaker","tag-stange","tag-story","tag-top-stories","tag-topstories","tag-vaer"],"share_on_mastodon":{"url":"https:\/\/pubeurope.com\/@no\/116617827109772196","error":""},"_links":{"self":[{"href":"https:\/\/www.europesays.com\/no\/wp-json\/wp\/v2\/posts\/244677","targetHints":{"allow":["GET"]}}],"collection":[{"href":"https:\/\/www.europesays.com\/no\/wp-json\/wp\/v2\/posts"}],"about":[{"href":"https:\/\/www.europesays.com\/no\/wp-json\/wp\/v2\/types\/post"}],"author":[{"embeddable":true,"href":"https:\/\/www.europesays.com\/no\/wp-json\/wp\/v2\/users\/2"}],"replies":[{"embeddable":true,"href":"https:\/\/www.europesays.com\/no\/wp-json\/wp\/v2\/comments?post=244677"}],"version-history":[{"count":0,"href":"https:\/\/www.europesays.com\/no\/wp-json\/wp\/v2\/posts\/244677\/revisions"}],"wp:featuredmedia":[{"embeddable":true,"href":"https:\/\/www.europesays.com\/no\/wp-json\/wp\/v2\/media\/244678"}],"wp:attachment":[{"href":"https:\/\/www.europesays.com\/no\/wp-json\/wp\/v2\/media?parent=244677"}],"wp:term":[{"taxonomy":"category","embeddable":true,"href":"https:\/\/www.europesays.com\/no\/wp-json\/wp\/v2\/categories?post=244677"},{"taxonomy":"post_tag","embeddable":true,"href":"https:\/\/www.europesays.com\/no\/wp-json\/wp\/v2\/tags?post=244677"}],"curies":[{"name":"wp","href":"https:\/\/api.w.org\/{rel}","templated":true}]}}