{"id":24473,"date":"2025-09-02T04:13:12","date_gmt":"2025-09-02T04:13:12","guid":{"rendered":"https:\/\/www.europesays.com\/no\/24473\/"},"modified":"2025-09-02T04:13:12","modified_gmt":"2025-09-02T04:13:12","slug":"vaepnet-ran-veitvet-politiet-jakter-to-personer-etter-knivran-i-leilighet-pa-veitvet-utsatt-for-vold","status":"publish","type":"post","link":"https:\/\/www.europesays.com\/no\/24473\/","title":{"rendered":"V\u00e6pnet ran, Veitvet | Politiet jakter to personer etter knivran i leilighet p\u00e5 Veitvet: \u2013 Utsatt for vold"},"content":{"rendered":"\n<p>\u2013 Vi er p\u00e5 en melding om mulig hjemmeran, sier operasjonsleder Gabriel Langfeldt til AO.<\/p>\n<p>En person skal ha blitt ranet med kniv i sin egen leilighet, opplyser han.<\/p>\n<p><b>\u2013 Forn\u00e6rmede er ogs\u00e5 blitt utsatt for vold, og er unders\u00f8kt av ambulanse. Vi er i s\u00f8k etter to gjerningspersoner i omr\u00e5det. <\/b><\/p>\n<p>Den forn\u00e6rmede skal v\u00e6re en mann i 60-\u00e5rene.<\/p>\n<p>Politiet s\u00f8ker i omr\u00e5det med drone og flere patruljer.<\/p>\n<p>\u2013 <b>Uklart om forn\u00e6rmede er fraranet noen gjenstander.<\/b><\/p>\n<p>Den forn\u00e6rmede skal v\u00e6re lettere skadet. Politiet gjennomf\u00f8rer avh\u00f8r av vedkommende.<\/p>\n<p>Klokken 22:39 melder politiet at det fremdeles ikke er noen personer som er p\u00e5grepet i saken.<\/p>\n<p>Politiet oppretter sak.<\/p>\n<p>  <a href=\"https:\/\/www.ao.no\/5-128-1133637\" class=\"related-teaser default-story-teaser article--c-eRUmMG article--c-eRUmMG-jKCPdD-design-default article--c-eRUmMG-kpKLOW-cv\" rel=\"nofollow noopener\" target=\"_blank\"><\/p>\n<p>\n            Les ogs\u00e5<\/p>\n<p>              N\u00f8detatene rykket ut til mystisk lukt: \u2013 S\u00f8lt ut salmiakk\n        <\/p>\n<p>  <\/a><\/p>\n<p>  <a href=\"https:\/\/www.ao.no\/5-128-1133568\" class=\"related-teaser has-image default-story-teaser article--c-eRUmMG article--c-eRUmMG-jKCPdD-design-default\" rel=\"nofollow noopener\" target=\"_blank\"><\/p>\n<p>    <img decoding=\"async\" loading=\"lazy\"  src=\"https:\/\/www.europesays.com\/no\/wp-content\/uploads\/2025\/09\/_MG_9747.JPG\" alt=\"\" class=\"brick-c-cFOWSL\" style=\"\"\/><\/p>\n<p>\n            Les ogs\u00e5<\/p>\n<p>              Kollisjon mellom bilist og syklist p\u00e5 Lambertseter\n        <\/p>\n<p>  <\/a><\/p>\n<p>Les mer om: artikkelemnene<\/p>\n","protected":false},"excerpt":{"rendered":"\u2013 Vi er p\u00e5 en melding om mulig hjemmeran, sier operasjonsleder Gabriel Langfeldt til AO. En person skal&hellip;\n","protected":false},"author":2,"featured_media":24474,"comment_status":"","ping_status":"","sticky":false,"template":"","format":"standard","meta":{"footnotes":""},"categories":[10],"tags":[36,3922,20,21,3923,24,25,15,983,22,23,13,30,28,29,14,16,254,1510,26,27,3920,3921],"class_list":{"0":"post-24473","1":"post","2":"type-post","3":"status-publish","4":"format-standard","5":"has-post-thumbnail","7":"category-norge","8":"tag-art","9":"tag-bjerke","10":"tag-breaking-news","11":"tag-breakingnews","12":"tag-drone","13":"tag-featured-news","14":"tag-featurednews","15":"tag-headlines","16":"tag-krim","17":"tag-latest-news","18":"tag-latestnews","19":"tag-news","20":"tag-no","21":"tag-norge","22":"tag-norway","23":"tag-nyheter","24":"tag-overskrifter","25":"tag-politi","26":"tag-story","27":"tag-top-stories","28":"tag-topstories","29":"tag-vaepnet-ran","30":"tag-veitvet"},"share_on_mastodon":{"url":"","error":""},"_links":{"self":[{"href":"https:\/\/www.europesays.com\/no\/wp-json\/wp\/v2\/posts\/24473","targetHints":{"allow":["GET"]}}],"collection":[{"href":"https:\/\/www.europesays.com\/no\/wp-json\/wp\/v2\/posts"}],"about":[{"href":"https:\/\/www.europesays.com\/no\/wp-json\/wp\/v2\/types\/post"}],"author":[{"embeddable":true,"href":"https:\/\/www.europesays.com\/no\/wp-json\/wp\/v2\/users\/2"}],"replies":[{"embeddable":true,"href":"https:\/\/www.europesays.com\/no\/wp-json\/wp\/v2\/comments?post=24473"}],"version-history":[{"count":0,"href":"https:\/\/www.europesays.com\/no\/wp-json\/wp\/v2\/posts\/24473\/revisions"}],"wp:featuredmedia":[{"embeddable":true,"href":"https:\/\/www.europesays.com\/no\/wp-json\/wp\/v2\/media\/24474"}],"wp:attachment":[{"href":"https:\/\/www.europesays.com\/no\/wp-json\/wp\/v2\/media?parent=24473"}],"wp:term":[{"taxonomy":"category","embeddable":true,"href":"https:\/\/www.europesays.com\/no\/wp-json\/wp\/v2\/categories?post=24473"},{"taxonomy":"post_tag","embeddable":true,"href":"https:\/\/www.europesays.com\/no\/wp-json\/wp\/v2\/tags?post=24473"}],"curies":[{"name":"wp","href":"https:\/\/api.w.org\/{rel}","templated":true}]}}