{"id":244773,"date":"2026-05-22T12:29:34","date_gmt":"2026-05-22T12:29:34","guid":{"rendered":"https:\/\/www.europesays.com\/no\/244773\/"},"modified":"2026-05-22T12:29:34","modified_gmt":"2026-05-22T12:29:34","slug":"nyhet-buss-for-tog-toget-forsvinner-i-ukesvis-dette-blir-den-nye-reisehverdagen","status":"publish","type":"post","link":"https:\/\/www.europesays.com\/no\/244773\/","title":{"rendered":"Nyhet, Buss for tog | Toget forsvinner i ukesvis: Dette blir den nye reisehverdagen"},"content":{"rendered":"\n<p>Buss for tog har lenge v\u00e6rt en sommerrutine i Follo, selv om det varierer litt fra \u00e5r til \u00e5r hvor lange perioder det er snakk om, og hvem som blir mest ber\u00f8rt.<\/p>\n<p>Stasjon og bru<\/p>\n<p>N\u00e5 har Bane Nor g\u00e5tt ut med \u00e5rets planer i en pressemelding. Der g\u00e5r det fram at det vil skje en god del p\u00e5 flere jernbanestrekninger ogs\u00e5 denne sommeren.<\/p>\n<p><b>\u2013 Takk for t\u00e5lmodigheten til alle naboer som bor tett p\u00e5 arbeidene vi skal gj\u00f8re og passasjerene som m\u00e5 reise med buss i stedet for tog, sier Victor Hansen, direkt\u00f8r for kunde- og trafikkinformasjon i Bane NOR. <\/b><\/p>\n<p>Blant strekningene hvor det skjer mye for tiden, og hvor det ogs\u00e5 vil skje mye i sommer, er L2 p\u00e5 \u00d8stfoldbanen gjennom Kolbotn. <a href=\"https:\/\/www.oblad.no\/stasjonen-er-godt-i-rute-vi-regner-med-at-den-kan-tas-i-bruk-for-fristen\/s\/5-68-1800012\" rel=\"Follow nofollow noopener\" target=\"_blank\">Der har byggingen av ny stasjon preget omr\u00e5det<\/a> i lengre tid, og det vil det gj\u00f8re ogs\u00e5 i sommer.<\/p>\n<p>  <a href=\"https:\/\/www.oblad.no\/5-68-1804148\" class=\"related-teaser has-image article--c-MkAkR\" rel=\"nofollow noopener\" target=\"_blank\"><\/p>\n<p>    <img decoding=\"async\" width=\"155\"  loading=\"lazy\"  src=\"https:\/\/www.europesays.com\/no\/wp-content\/uploads\/2026\/05\/Untitled+design+%2871%29.png\" alt=\"\" class=\"brick-c-cFOWSL\" style=\"\"\/><\/p>\n<p>\n            Les ogs\u00e5<\/p>\n<p>            Beboeren har klaget i ett \u00e5r: \u2013 Helt h\u00e5pl\u00f8st\n        <\/p>\n<p>  <\/a><\/p>\n<p>Arbeidene p\u00e5virker hele strekningen. Fra l\u00f8rdag 4. juli til og med s\u00f8ndag 2. august blir det stengt mellom Oslo S og Ski. Blixtunnelen vil imidlertid v\u00e6re \u00e5pen.<\/p>\n<p>\u2013 Vi bygger nye Kolbotn stasjon. P\u00e5 deler av strekningen skal vi oppgradere plattformer, gj\u00f8re bruarbeider og skifte kontaktledning, st\u00e5r det.<\/p>\n<p>Samtidig som togene st\u00e5r p\u00e5 denne strekningen, <a href=\"https:\/\/www.oblad.no\/full-stopp-i-et-halvt-ar-vil-i-perioder-medfore-stoy-rystelser-og-okt-anleggstrafikk\/s\/5-68-1816147\" rel=\"Follow nofollow noopener\" target=\"_blank\">skal ogs\u00e5 den nye brua over jernbanelinjen p\u00e5 Oppeg\u00e5rd bygges.<\/a> Den gamle brua skal i midlertid rives i god tid f\u00f8r det. Rivearbeidene er planlagt \u00e5 starte n\u00e5r under et brudd den 6. &#8211; 7. juni.<\/p>\n<p>  <a href=\"https:\/\/www.oblad.no\/5-68-1816147\" class=\"related-teaser has-image article--c-MkAkR\" rel=\"nofollow noopener\" target=\"_blank\"><\/p>\n<p>    <img decoding=\"async\" width=\"155\"  loading=\"lazy\"  src=\"https:\/\/www.europesays.com\/no\/wp-content\/uploads\/2026\/05\/IMG_8232.jpg\" alt=\"\" class=\"brick-c-cFOWSL\" style=\"\"\/><\/p>\n<p>\n            Les ogs\u00e5<\/p>\n<p>            Full stopp i et halvt \u00e5r: \u2013 Vil i perioder medf\u00f8re st\u00f8y, rystelser og \u00f8kt anleggstrafikk\n        <\/p>\n<p>  <\/a><br \/>\n  M\u00e5 bruker Ruter<\/p>\n<p>Vy skriver dette om det planlagte arbeidet mellom Oslo S og Ski i sommer:<\/p>\n<p><b>\u2013 Bane NOR jobber p\u00e5 strekningen Oslo S\u2013Ski fra l\u00f8rdag 4. juli kl. 02:00 til mandag 3. aug. kl. 02:00. Dette ber\u00f8rer bare lokaltog L2. Vi kj\u00f8rer buss for tog mens arbeidet p\u00e5g\u00e5r. <\/b><\/p>\n<p>Skal du til eller fra Nordstrand, Ljan, Hauketo, Holmlia, Rosenholm, Kolbotn, Solbr\u00e5tan eller Myrvoll m\u00e5 du bruke Ruters busstilbud.<\/p>\n<p>\u2013 Du finner informasjon om rutetider og stoppesteder i reises\u00f8ket i Vy-appen og p\u00e5 vy.no omtrent \u00e9n m\u00e5ned f\u00f8r arbeidet starter, opplyser Vy.<\/p>\n<p>Som \u00d8B har skrevet tidligere, skjer det arbeider p\u00e5 Oslo S allerede f\u00f8rstkommende helg, noe som medf\u00f8rer at strekningene mellom Oslo S og Ski, og Oslo S og Holmlia blir stengt for trafikk fra klokken 05:00 l\u00f8rdag 23. mai til klokken 04:00 s\u00f8ndag 24. mai.<\/p>\n<p>  <a href=\"https:\/\/www.oblad.no\/5-68-1800012\" class=\"related-teaser has-image article--c-MkAkR\" rel=\"nofollow noopener\" target=\"_blank\"><\/p>\n<p>    <img decoding=\"async\" width=\"155\"  loading=\"lazy\"  src=\"https:\/\/www.europesays.com\/no\/wp-content\/uploads\/2026\/05\/image_EA7DD2B9-F8F0-40AE-9705-83CCBA5780E6_1774517803.jpeg\" alt=\"\" class=\"brick-c-cFOWSL\" style=\"\"\/><\/p>\n<p>\n            Les ogs\u00e5<\/p>\n<p>            Stasjonen er godt i rute: \u2013 Vi regner med at den kan tas i bruk f\u00f8r fristen\n        <\/p>\n<p>  <\/a><br \/>\n  Reduserer risiko<\/p>\n<p>P\u00e5 \u00d8stfoldbanens \u00f8stre linje mellom Ski og Rakkestad blir det stengt fra mandag 27. juli til og med s\u00f8ndag 2. august.<\/p>\n<p>Der skal de jobbe med en sporveksel p\u00e5 Tomter og vedlikehold av kulverter i Askim og Mysen.<\/p>\n<p>Dette p\u00e5virker linje R22.<\/p>\n<p>\u2013 N\u00e5r vi stenger deler av togtrafikken i et lengre tidsrom som i sommer, f\u00e5r vi gjort st\u00f8rre og mer omfattende arbeider p\u00e5 en gang. Vedlikeholdet av jernbanen reduserer risikoen for akutte feil, og oppgraderingene gj\u00f8r at flere passasjerer kan reise raskt, trygt og komfortabelt, sier Hansen i Bane Nor.<\/p>\n<p>Dette er de lengre stengingene p\u00e5 \u00d8stfoldbanen i sommer. Men det vil ogs\u00e5 v\u00e6re nattestenginger, helgestenginger og s\u00e5 videre i tillegg. Oversikt over de planlagte stengingene finner man p\u00e5 <a href=\"https:\/\/www.banenor.no\/reise-og-trafikk\/trafikkmeldinger\/?tab=ongoing\" rel=\"Follow nofollow noopener\" target=\"_blank\">Trafikkmeldinger p\u00e5 nettsiden til Bane Nor.<\/a><\/p>\n<p>I tillegg skjer det mye p\u00e5 flere andre toglinjer rundt i Norge, spesielt p\u00e5 \u00d8stlandet.<\/p>\n<p>  <a href=\"https:\/\/www.oblad.no\/5-68-1816284\" class=\"related-teaser has-image article--c-MkAkR\" rel=\"nofollow noopener\" target=\"_blank\"><\/p>\n<p>    <img decoding=\"async\" width=\"155\"  loading=\"lazy\"  src=\"https:\/\/www.europesays.com\/no\/wp-content\/uploads\/2026\/05\/IMG_3706-2.jpg\" alt=\"\" class=\"brick-c-cFOWSL\" style=\"\"\/><\/p>\n<p>\n            Les ogs\u00e5<\/p>\n<p>            M\u00e5tte halvere staben: \u2013 Det var som \u00e5 sl\u00e5 av en bryter\n        <\/p>\n<p>  <\/a><br \/>\n  Gult<\/p>\n<p>Togselskapene, Ruter, Statens vegvesen og Bane Nor samarbeider, slik at vei og jernbane ikke er stengt p\u00e5 samme strekning samtidig.<\/p>\n<p>Det er togselskapene som setter opp alternativ transport p\u00e5 strekningene som blir ber\u00f8rt. Bane Nor har imidlertid ansvaret for \u00e5 gi god informasjon om folks kollektivreise.<\/p>\n<p>If\u00f8lge Bane Nor er m\u00e5let at det skal v\u00e6re lett for dem som reiser \u00e5 finne ut hvor man skal g\u00e5 for \u00e5 finne bussen.<\/p>\n<p><b>\u2013 Se etter gule skilt, plakater og flagg. Vi bruker alltid gul farge for informasjon om buss for tog eller andre avvik fra det normale, oppfordrer Hansen. <\/b><\/p>\n<p>Han minner ogs\u00e5 om at reisen kan ta lengre tid med buss, og at det tar tid \u00e5 bytte mellom buss og tog.<\/p>\n<p>\u2013 Vi har forst\u00e5else for at det er en ulempe. Vi anbefaler at du sjekker hvordan din reise p\u00e5virkes p\u00e5 forh\u00e5nd og at du har litt t\u00e5lmodighet med p\u00e5 turen, sier Hansen, og viser til at man finner informasjon om reisen i togselskapenes reiseplanleggere og apper.<\/p>\n<p>            Tips til deg som skal ta buss for tog<\/p>\n<ul>\n<li>Planlegg reisen din i reiseapp eller p\u00e5 nettsidene til togselskapene eller Entur<\/li>\n<li>Bussen kan bruke andre stoppesteder enn toget<\/li>\n<li>Avgangs- og ankomsttider kan v\u00e6re annerledes enn du er vant til<\/li>\n<li>Reisen kan ta lengre tid med buss, og det tar tid \u00e5 bytte mellom buss og tog<\/li>\n<li>Se etter gule skilt, s\u00e5 du finner frem<\/li>\n<li>Kj\u00f8p billett f\u00f8r du g\u00e5r om bord<\/li>\n<li>Ta med en flaske vann om det er varmt<\/li>\n<\/ul>\n<p><a class=\"brick-c-hOTghF\" href=\"#skip-\">Hopp over karusellen.<\/a><\/p>\n<p data-static=\"\" class=\"brick-c-fgNmNC\" id=\"carousel-title-\">Innholdskarusell med 10 artikler.<\/p>\n<ul data-static=\"\" aria-label=\"Navigasjon for innholdskarusell\" class=\"carousel-nav\">\n<li>\n<\/li>\n<li>\n<\/li>\n<\/ul>\n","protected":false},"excerpt":{"rendered":"Buss for tog har lenge v\u00e6rt en sommerrutine i Follo, selv om det varierer litt fra \u00e5r til&hellip;\n","protected":false},"author":2,"featured_media":244774,"comment_status":"","ping_status":"","sticky":false,"template":"","format":"standard","meta":{"footnotes":"","_share_on_mastodon":"0"},"categories":[10],"tags":[36,20,21,3725,24,25,15,22,23,13,30,28,29,447,14,16,5944,9514,22128,1510,1923,26,27],"class_list":["post-244773","post","type-post","status-publish","format-standard","has-post-thumbnail","category-norge","tag-art","tag-breaking-news","tag-breakingnews","tag-buss-for-tog","tag-featured-news","tag-featurednews","tag-headlines","tag-latest-news","tag-latestnews","tag-news","tag-no","tag-norge","tag-norway","tag-nyhet","tag-nyheter","tag-overskrifter","tag-ostfoldbanen","tag-pendling","tag-sommeren-2026","tag-story","tag-tog","tag-top-stories","tag-topstories"],"share_on_mastodon":{"url":"https:\/\/pubeurope.com\/@no\/116618236272087898","error":""},"_links":{"self":[{"href":"https:\/\/www.europesays.com\/no\/wp-json\/wp\/v2\/posts\/244773","targetHints":{"allow":["GET"]}}],"collection":[{"href":"https:\/\/www.europesays.com\/no\/wp-json\/wp\/v2\/posts"}],"about":[{"href":"https:\/\/www.europesays.com\/no\/wp-json\/wp\/v2\/types\/post"}],"author":[{"embeddable":true,"href":"https:\/\/www.europesays.com\/no\/wp-json\/wp\/v2\/users\/2"}],"replies":[{"embeddable":true,"href":"https:\/\/www.europesays.com\/no\/wp-json\/wp\/v2\/comments?post=244773"}],"version-history":[{"count":0,"href":"https:\/\/www.europesays.com\/no\/wp-json\/wp\/v2\/posts\/244773\/revisions"}],"wp:featuredmedia":[{"embeddable":true,"href":"https:\/\/www.europesays.com\/no\/wp-json\/wp\/v2\/media\/244774"}],"wp:attachment":[{"href":"https:\/\/www.europesays.com\/no\/wp-json\/wp\/v2\/media?parent=244773"}],"wp:term":[{"taxonomy":"category","embeddable":true,"href":"https:\/\/www.europesays.com\/no\/wp-json\/wp\/v2\/categories?post=244773"},{"taxonomy":"post_tag","embeddable":true,"href":"https:\/\/www.europesays.com\/no\/wp-json\/wp\/v2\/tags?post=244773"}],"curies":[{"name":"wp","href":"https:\/\/api.w.org\/{rel}","templated":true}]}}