{"id":244785,"date":"2026-05-22T12:49:15","date_gmt":"2026-05-22T12:49:15","guid":{"rendered":"https:\/\/www.europesays.com\/no\/244785\/"},"modified":"2026-05-22T12:49:15","modified_gmt":"2026-05-22T12:49:15","slug":"dennis-hauger-motorsport-hauger-bryter-norsk-torke-i-usa-vill-stemning","status":"publish","type":"post","link":"https:\/\/www.europesays.com\/no\/244785\/","title":{"rendered":"Dennis Hauger, Motorsport | Hauger bryter norsk t\u00f8rke i USA: \u2013 Vill stemning"},"content":{"rendered":"\n<p>Hauger blir f\u00f8rste nordmann siden 1916 til \u00e5 delta i det som er motorsportens st\u00f8rste bill\u00f8p med over 300.000 tilskuere p\u00e5 plass p\u00e5 Indianapolis Motor Speedway i delstaten Indiana.<\/p>\n<p>\u2013 Det blir en vill stemning med mye folk og fullsatte tribuner, men jeg kommer til \u00e5 v\u00e6re i min egen boble, sier Hauger til NTB dager f\u00f8r det braker l\u00f8s.<\/p>\n<p>Gil Andersen deltok i de seks f\u00f8rste l\u00f8pene fra 1911 til 1916, men siden har det v\u00e6rt norsk t\u00f8rke.<\/p>\n<p>\u2013 Da var det faktisk et par nordmenn som hadde flyttet til USA som deltok, men det var det ingen i Norge som fikk med seg den gangen. Det var jo helt fremmed, sier Viaplay-kommentator Atle Gulbrandsen.<\/p>\n<p>Han snakker med NTB mens han er p\u00e5 vei til USA for \u00e5 f\u00f8lge l\u00f8pet \u00abringside\u00bb. Gulbrandsen har i mange \u00e5r fulgt Haugers karriere tett. N\u00e5 f\u00e5r han se nordmannen i Indy 500.<\/p>\n<p>\u2013 Det regnes som verdens st\u00f8rste idrettsarrangement n\u00e5r du teller antall tilskuere p\u00e5 \u00e9n stadion p\u00e5 \u00e9n dag, sier Gulbrandsen.<\/p>\n<p>   <img decoding=\"async\" width=\"8640\" height=\"5760\" fetchpriority=\"low\"  loading=\"lazy\"  src=\"https:\/\/www.europesays.com\/no\/wp-content\/uploads\/2026\/05\/NTB_62wCOBInoeA.jpg\" alt=\"Oslo 20250923. &#10;Dennis Hauger under en pressekonferanse p\u00e5 Amerikalinjen Hotell i Oslo. Hauger skal i 2026 kj\u00f8re Indycar for Dale Coyne Racings Honda.&#10;Foto: Javad Parsa \/ NTB\" class=\"brick-c-cFOWSL\" style=\"--brick-image-ratio: 8640 \/ 5760;\"\/><\/p>\n<p>      Dennis Hauger kj\u00f8rer et av verdens st\u00f8rste bill\u00f8p s\u00f8ndag.<br \/>\n      Foto: Javad Parsa \/ NTB\n    <\/p>\n<p>  Nytt<\/p>\n<p>At Norge n\u00e5 har en profil p\u00e5 start, betyr mye.<\/p>\n<p>\u2013 Det er heftig. Dette er et l\u00f8p alle amerikanere har et forhold til. Uansett om du er interessert eller ikke, har du h\u00f8rt om Indy 500, sier Gulbrandsen.<\/p>\n<p>L\u00f8pet kj\u00f8res p\u00e5 den ikoniske ovalbanen i Indianapolis. Hauger var i aksjon der ogs\u00e5 for to uker siden, selv om de da bare brukte deler av ovalbanen i det som var et gatel\u00f8p.<\/p>\n<p>Kj\u00f8ring p\u00e5 ovalbane er nytt for Hauger. I sin tid i Formel-seriene i Europa ble det kj\u00f8rt p\u00e5 gatebaner.<\/p>\n<p>Vil fullf\u00f8re<\/p>\n<p>Hauger kj\u00f8rte inn til 31.-plass i sist helgs kvalifisering til Indy 500, men hoppet senere opp til 29.-plass etter at noen f\u00f8rere fikk straff. 33 biler deltar.<\/p>\n<p>\u2013 M\u00e5lsettingen er \u00e5 jobbe meg opp i feltet og ikke minst pr\u00f8ve \u00e5 komme meg helskinnet i m\u00e5l, sier Hauger, som ikke sl\u00e5r fra seg dr\u00f8mmen om \u00e5 vinne.<\/p>\n<p>\u2013 Selv om jeg ikke sitter i den beste bilen, er selvf\u00f8lgelig m\u00e5lsettingen \u00e5 vinne.<\/p>\n<p>Hauger er inne i sin f\u00f8rste sesong i Indycar og er en av fire som debuterer i Indy 500. Opprykket til toppklassen fikk han etter \u00e5 ha vunnet fjor\u00e5rets IndyNXT.<\/p>\n<p>\u2013 Jeg har ikke veldig h\u00f8ye forh\u00e5pninger. Det er f\u00f8rste gang han deltar, s\u00e5 forh\u00e5pentlig greier han \u00e5 fullf\u00f8re. Alt kan skje, men jeg forventer ikke at han skal v\u00e6re i toppen, sier Gulbrandsen om Haugers muligheter.<\/p>\n<p>Hauger satset i mange \u00e5r i Formel 2 og Formel 3, men fikk aldri muligheten i Formel 1. Han hadde i 2024 flere tilbud om \u00e5 fortsette i Formel 2, men \u00f8nsket et milj\u00f8skifte. Dermed flyttet han til USA.<\/p>\n<p>Det mener Gulbrandsen var viktig for karrieren.<\/p>\n<p>\u2013 Jeg tror at Dennis kommer til \u00e5 etablere seg som en toppf\u00f8rer i Indycar, og det er en flott karriere. Han vil jo selvf\u00f8lgelig ikke bli like kjent som Max Verstappen (Formel 1-stjerne), men han kan f\u00e5 en kjempefin karriere der.<\/p>\n<p>Regjerende mester<\/p>\n<p>Spanske Alex Palou vant Indy 500 i fjor og jakter p\u00e5 en ny seier etter \u00e5 ha v\u00e6rt raskest i kvalifiseringen.<\/p>\n<p>\u2013 Han er favoritten, sl\u00e5r Gulbrandsen fast.<\/p>\n<p>Rett ved siden av seg p\u00e5 start har Palou ogs\u00e5 en tidligere vinner i Alexander Rossi, men amerikaneren har gjennom uken v\u00e6rt usikker som f\u00f8lge av en stygg krasj p\u00e5 mandagens trening. Han uttalte sist p\u00e5 onsdag at han hadde til hensikt \u00e5 delta.<\/p>\n<p>Brasilianeren Helio Castroneves har vunnet l\u00f8pet rekordmange fire ganger og er den eneste blant de fire med s\u00e5 mange triumfer som ogs\u00e5 stiller i \u00e5r.<\/p>\n<p>Indy 500 starter s\u00f8ndag klokken 18.45 norsk tid og g\u00e5r over 200 runder. Det er meldt usikkert v\u00e6r, noe som kan f\u00f8re til endringer. Det kj\u00f8res ikke p\u00e5 ovalbaner dersom det regner.<\/p>\n<p>Den h\u00f8ye farten er grunnen til at en slik risiko ikke tas. I kvalifiseringen var snitthastigheten ekstreme 375 kilometer i timen.<\/p>\n<p>(\u00a9NTB)<\/p>\n","protected":false},"excerpt":{"rendered":"Hauger blir f\u00f8rste nordmann siden 1916 til \u00e5 delta i det som er motorsportens st\u00f8rste bill\u00f8p med over&hellip;\n","protected":false},"author":2,"featured_media":244786,"comment_status":"","ping_status":"","sticky":false,"template":"","format":"standard","meta":{"footnotes":"","_share_on_mastodon":"0"},"categories":[59],"tags":[36,1177,1119,1120,30,28,29,83,82,1510],"class_list":["post-244785","post","type-post","status-publish","format-standard","has-post-thumbnail","category-sport","tag-art","tag-aurskog-holand","tag-dennis-hauger","tag-motorsport","tag-no","tag-norge","tag-norway","tag-sport","tag-sports","tag-story"],"share_on_mastodon":{"url":"https:\/\/pubeurope.com\/@no\/116618314933358255","error":""},"_links":{"self":[{"href":"https:\/\/www.europesays.com\/no\/wp-json\/wp\/v2\/posts\/244785","targetHints":{"allow":["GET"]}}],"collection":[{"href":"https:\/\/www.europesays.com\/no\/wp-json\/wp\/v2\/posts"}],"about":[{"href":"https:\/\/www.europesays.com\/no\/wp-json\/wp\/v2\/types\/post"}],"author":[{"embeddable":true,"href":"https:\/\/www.europesays.com\/no\/wp-json\/wp\/v2\/users\/2"}],"replies":[{"embeddable":true,"href":"https:\/\/www.europesays.com\/no\/wp-json\/wp\/v2\/comments?post=244785"}],"version-history":[{"count":0,"href":"https:\/\/www.europesays.com\/no\/wp-json\/wp\/v2\/posts\/244785\/revisions"}],"wp:featuredmedia":[{"embeddable":true,"href":"https:\/\/www.europesays.com\/no\/wp-json\/wp\/v2\/media\/244786"}],"wp:attachment":[{"href":"https:\/\/www.europesays.com\/no\/wp-json\/wp\/v2\/media?parent=244785"}],"wp:term":[{"taxonomy":"category","embeddable":true,"href":"https:\/\/www.europesays.com\/no\/wp-json\/wp\/v2\/categories?post=244785"},{"taxonomy":"post_tag","embeddable":true,"href":"https:\/\/www.europesays.com\/no\/wp-json\/wp\/v2\/tags?post=244785"}],"curies":[{"name":"wp","href":"https:\/\/api.w.org\/{rel}","templated":true}]}}