{"id":24509,"date":"2025-09-02T05:41:23","date_gmt":"2025-09-02T05:41:23","guid":{"rendered":"https:\/\/www.europesays.com\/no\/24509\/"},"modified":"2025-09-02T05:41:23","modified_gmt":"2025-09-02T05:41:23","slug":"valg-2025-meningsmaling-vegard-kan-smile-hele-veien-til-valgurnen-frp-fosser-fram","status":"publish","type":"post","link":"https:\/\/www.europesays.com\/no\/24509\/","title":{"rendered":"Valg 2025, Meningsm\u00e5ling | Vegard kan smile hele veien til valgurnen: Frp fosser fram"},"content":{"rendered":"\n<p>Partiet f\u00e5r 26,2 prosent av stemmene i fylket i denne meningsm\u00e5lingen. Hvis dette blir valgresultatet f\u00e5r Fremskrittspartiet inn tre stortingsrepresentanter fra Buskerud. Det er mer enn en dobling fra valgresultatet for fire \u00e5r siden.<\/p>\n<p>\u2013 Veldig forn\u00f8yd<\/p>\n<p>Arbeiderpartiet er bare litt st\u00f8rre med 27,0 prosent i oppslutning. Det gir ogs\u00e5 tre representanter p\u00e5 Stortinget, mens H\u00f8yre stuper og f\u00e5r en oppslutning p\u00e5 13,6 prosent. Dersom dette blir valgresultatet mister Sandra Bruflot (H) stortingsplassen og Trond Helleland m\u00e5 m\u00f8te alene p\u00e5 Stortinget. Utjevningsmandatet fra Buskerud er ikke fordelt i denne meningsm\u00e5lingen.<\/p>\n<p>            Meningsm\u00e5lingen<\/p>\n<p>Sentio har p\u00e5 vegne av Drammens Tidende, Laagendalsposten, Bygdeposten og Ringerikes Blad gjennomf\u00f8rt meningsm\u00e5lingen i Buskerud.<\/p>\n<p>1.000 personer ble ringt opp, og arbeidet ble avsluttet fredag kveld.<\/p>\n<p>M\u00e5lingen har en feilmargin p\u00e5 inntil 3,1 prosent for de st\u00f8rste partiene og 1,5 for de minste.<\/p>\n<p><b>\u2013 Det er et veldig flott resultat for oss. Jeg synes det er g\u00f8y med gode meningsm\u00e5linger og det gir en boost til \u00e5 st\u00e5 p\u00e5 den siste uken, sier Persvold til Ringerikes Blad. <\/b><\/p>\n<p>Valgdagen er mandag 8. september.<\/p>\n<p>Tallene fra meningsm\u00e5lingen er ogs\u00e5 brutt ned p\u00e5 regionniv\u00e5. I Ringeriksregionen er fortsatt Arbeiderpartiet st\u00f8rst med 27 prosent, mens Fremskrittspartiet er hakk i h\u00e6l med 24 prosent. H\u00f8yre oppn\u00e5r bare 12 prosent av stemmene i denne meningsm\u00e5lingen i Ringeriksregionen. Det er enda mindre enn i Buskerud selv om Sandra Bruflot er en lokal kandidat.<\/p>\n<p>  <a href=\"https:\/\/www.ringblad.no\/5-45-2102279\" class=\"related-teaser has-image default-story-teaser article--c-eRUmMG article--c-eRUmMG-jKCPdD-design-default\" rel=\"nofollow noopener\" target=\"_blank\"><\/p>\n<p>    <img decoding=\"async\" loading=\"lazy\"  src=\"https:\/\/www.europesays.com\/no\/wp-content\/uploads\/2025\/09\/_FRO2530.JPG\" alt=\"\" class=\"brick-c-cFOWSL\" style=\"\"\/><\/p>\n<p>\n            Les ogs\u00e5<\/p>\n<p>              Sandra er ute av Stortinget i ny m\u00e5ling: \u2013 For d\u00e5rlig\n        <\/p>\n<p>  <\/a><\/p>\n<p>\u2013 Hva tror du er \u00e5rsaken til Fremskrittspartiets framgang?<\/p>\n<p>\u2013 Jeg mener det skyldes hardt arbeid. Vi har gode kandidater. De har st\u00e5tt p\u00e5 dag og natt og reist mye rundt i fylket. Hardt arbeid gir resultater, svarer Persvold.<\/p>\n<p>Han mener Frp har v\u00e6rt tydelige p\u00e5 \u00e5 f\u00e5 fram sin politikk, og ikke snakket s\u00e5 mye om posisjoner i valgkampen selv om H\u00f8yre-leder Erna Solberg og Frp-leder Sylvi Listhaug hadde en uenighet om dette i helga.<\/p>\n<p>Kriminalitet<\/p>\n<p>\u2013 Lokalt tenker jeg at vi har v\u00e6rt veldig tydelig n\u00e5r det gjelder FRE16 som Morten Wold har tatt opp ved mange anledninger. Det har vi ogs\u00e5 v\u00e6rt n\u00e5r det gjelder ungdomskriminalitet. Vi \u00f8nsker \u00e5 senke den kriminelle lavalder, og innf\u00f8re flere plasser i ungdomsfengsel. Vi s\u00e5 jo helt nylig saken i Ringerikes Blad om en 14-\u00e5ring som ble <a href=\"https:\/\/www.ringblad.no\/14-aring-narko-tatt-underbygger-mistanken-vi-har-hatt\/s\/5-45-2101840\" rel=\"Follow nofollow noopener\" target=\"_blank\">tatt for \u00e5 selge narkotika. <\/a>S\u00e5nn kan vi ikke ha det, sier Persvold.<\/p>\n<p>  <a href=\"https:\/\/www.ringblad.no\/5-45-2102292\" class=\"related-teaser has-image default-story-teaser article--c-eRUmMG article--c-eRUmMG-jKCPdD-design-default\" rel=\"nofollow noopener\" target=\"_blank\"><\/p>\n<p>    <img decoding=\"async\" loading=\"lazy\"  src=\"https:\/\/www.europesays.com\/no\/wp-content\/uploads\/2025\/09\/20250901_075408.jpg\" alt=\"\" class=\"brick-c-cFOWSL\" style=\"\"\/><\/p>\n<p>\n            Les ogs\u00e5<\/p>\n<p>              Ungdommer tatt med narkotika: \u2013 Gjemte penger p\u00e5 barnehageomr\u00e5de\n        <\/p>\n<p>  <\/a><\/p>\n<p>FRE16 er fellesprosjektet Ringeriksbanen og ny E16 fram til H\u00f8nefoss.<\/p>\n<p>N\u00e5 ser han spent fram mot valgdagen.<\/p>\n<p>\u2013 Det blir spennende og veldig jevnt. Jeg har fortsatt trua p\u00e5 at det kan bli regjeringsskifte, sier Persvold.<\/p>\n<p>  <a href=\"https:\/\/www.ringblad.no\/5-45-2099541\" class=\"related-teaser has-image default-story-teaser article--c-eRUmMG article--c-eRUmMG-jKCPdD-design-default\" rel=\"nofollow noopener\" target=\"_blank\"><\/p>\n<p>    <img decoding=\"async\" loading=\"lazy\"  src=\"https:\/\/www.europesays.com\/no\/wp-content\/uploads\/2025\/09\/431457525_422253520339959_7112405099779384508_n.jpg\" alt=\"\" class=\"brick-c-cFOWSL\" style=\"\"\/><\/p>\n<p>\n            Les ogs\u00e5<\/p>\n<p>              Fersk partim\u00e5ling: H\u00f8yre faller og Sandra kan miste stortingsplassen\n        <\/p>\n<p>  <\/a><br \/>\n  Sperregrensen<\/p>\n<p>Partiet Venstre f\u00e5r i denne meningsm\u00e5lingen 3,6 prosent i Buskerud, og 3 prosent i Ringeriksregionen. Venstre kjemper mot den ber\u00f8mmelige sperregrensa p\u00e5 fire prosent. Kommer de under den m\u00e5 de trolig n\u00f8ye seg med to-tre stortingsrepresentanter. Kommer de over den f\u00e5r de fort 5\u20136 flere mandater.<\/p>\n<p>\u2013 Hvorvidt Venstre kommer over eller under sperregrensen kan avgj\u00f8re Ringeriksbanens utvikling de neste \u00e5rene. Skal vi f\u00e5 et nytt flertall som faktisk prioriterer Ringeriksbanen, m\u00e5 Venstre komme over den. Derfor mener jeg at Venstre over sperregrensa kan bli helt avgj\u00f8rende for om banen faktisk blir virkelighet. Det er utrolig viktig for utviklingen i regionen v\u00e5r, sier Even Jacobsen (V).<\/p>\n<p>   <img decoding=\"async\" width=\"4000\" height=\"3000\" fetchpriority=\"low\"  loading=\"lazy\"  src=\"https:\/\/www.europesays.com\/no\/wp-content\/uploads\/2025\/09\/Even+Jacobsen-kommunestyret.jpg\" alt=\"\" class=\"brick-c-cFOWSL\" style=\"--brick-image-ratio: 4000 \/ 3000;\"\/><\/p>\n<p>    UROLIG: Even Jacobsen (V) h\u00e5per Venstre kommer seg over sperregrensen og mener det er viktig i forhold til \u00e5 komme i gang med \u00e5 bygge Ringeriksbanen.<br \/>\n    Foto: Espen \u00d8deg\u00e5rd\n  <\/p>\n<p>Han sitter i kommunestyret i Ringerike og er p\u00e5 tredjeplass p\u00e5 Buskerud Venstres stortingsvalgliste. Jacobsen mener Arbeiderpartiet og Senterpartiet har sviktet n\u00e5r det gjelder \u00e5 levere i forhold til Ringeriksbanen, og mener valgresultatet til Venstre blir s\u00e6rlig viktig for om Ringeriksbanen vil bli gjennomf\u00f8rt eller ikke. <\/p>\n<p>  <a href=\"https:\/\/www.ringblad.no\/5-45-2099360\" class=\"related-teaser has-image default-story-teaser article--c-eRUmMG article--c-eRUmMG-jKCPdD-design-default\" rel=\"nofollow noopener\" target=\"_blank\"><\/p>\n<p>    <img decoding=\"async\" loading=\"lazy\"  src=\"https:\/\/www.europesays.com\/no\/wp-content\/uploads\/2025\/09\/_DSC7136.jpg\" alt=\"\" class=\"brick-c-cFOWSL\" style=\"\"\/><\/p>\n<p>\n            Les ogs\u00e5<\/p>\n<p>              Valgl\u00f8ftene ble brutt: \u2013 Pinlig at vi st\u00e5r her fire \u00e5r etterp\u00e5 uten \u00e5 ha kommet ett skritt lenger\n        <\/p>\n<p>  <\/a><br \/>\n  Hver stemme teller<\/p>\n<p><b>\u2013 Venstre holder stand p\u00e5 m\u00e5lingene, men vi m\u00e5 bli st\u00f8rre. Vi vipper rundt sperregrensa, og det betyr at hver eneste stemme kan bli avgj\u00f8rende. Uten Venstre over sperregrensa, blir det ikke en ny regjering.<\/b><\/p>\n<p>\u2013 P\u00e5 siste NRK-m\u00e5ling var Julie Vaage (f\u00f8rstekandidat) bare 300 stemmer unna \u00e5 komme inn p\u00e5 Stortinget. Vi konkurrerer med partier som R\u00f8dt om det siste mandatet, som b\u00e5de vil \u00f8ke skattene og som lokalt er mot Ringeriksbanen, legger Jacobsen til.<\/p>\n","protected":false},"excerpt":{"rendered":"Partiet f\u00e5r 26,2 prosent av stemmene i fylket i denne meningsm\u00e5lingen. Hvis dette blir valgresultatet f\u00e5r Fremskrittspartiet inn&hellip;\n","protected":false},"author":2,"featured_media":24510,"comment_status":"","ping_status":"","sticky":false,"template":"","format":"standard","meta":{"footnotes":""},"categories":[10],"tags":[36,20,21,3929,24,25,680,15,22,23,775,13,30,28,29,14,16,1282,1510,26,27,845,3928,3930],"class_list":{"0":"post-24509","1":"post","2":"type-post","3":"status-publish","4":"format-standard","5":"has-post-thumbnail","7":"category-norge","8":"tag-art","9":"tag-breaking-news","10":"tag-breakingnews","11":"tag-even-jacobsen","12":"tag-featured-news","13":"tag-featurednews","14":"tag-frp","15":"tag-headlines","16":"tag-latest-news","17":"tag-latestnews","18":"tag-meningsmaling","19":"tag-news","20":"tag-no","21":"tag-norge","22":"tag-norway","23":"tag-nyheter","24":"tag-overskrifter","25":"tag-politikk-og-samfunn","26":"tag-story","27":"tag-top-stories","28":"tag-topstories","29":"tag-valg-2025","30":"tag-vegard-persvold","31":"tag-venstre"},"share_on_mastodon":{"url":"","error":""},"_links":{"self":[{"href":"https:\/\/www.europesays.com\/no\/wp-json\/wp\/v2\/posts\/24509","targetHints":{"allow":["GET"]}}],"collection":[{"href":"https:\/\/www.europesays.com\/no\/wp-json\/wp\/v2\/posts"}],"about":[{"href":"https:\/\/www.europesays.com\/no\/wp-json\/wp\/v2\/types\/post"}],"author":[{"embeddable":true,"href":"https:\/\/www.europesays.com\/no\/wp-json\/wp\/v2\/users\/2"}],"replies":[{"embeddable":true,"href":"https:\/\/www.europesays.com\/no\/wp-json\/wp\/v2\/comments?post=24509"}],"version-history":[{"count":0,"href":"https:\/\/www.europesays.com\/no\/wp-json\/wp\/v2\/posts\/24509\/revisions"}],"wp:featuredmedia":[{"embeddable":true,"href":"https:\/\/www.europesays.com\/no\/wp-json\/wp\/v2\/media\/24510"}],"wp:attachment":[{"href":"https:\/\/www.europesays.com\/no\/wp-json\/wp\/v2\/media?parent=24509"}],"wp:term":[{"taxonomy":"category","embeddable":true,"href":"https:\/\/www.europesays.com\/no\/wp-json\/wp\/v2\/categories?post=24509"},{"taxonomy":"post_tag","embeddable":true,"href":"https:\/\/www.europesays.com\/no\/wp-json\/wp\/v2\/tags?post=24509"}],"curies":[{"name":"wp","href":"https:\/\/api.w.org\/{rel}","templated":true}]}}