{"id":24524,"date":"2025-09-02T06:16:08","date_gmt":"2025-09-02T06:16:08","guid":{"rendered":"https:\/\/www.europesays.com\/no\/24524\/"},"modified":"2025-09-02T06:16:08","modified_gmt":"2025-09-02T06:16:08","slug":"sivil-ulydighetsaksjon-var-plikt","status":"publish","type":"post","link":"https:\/\/www.europesays.com\/no\/24524\/","title":{"rendered":"Sivil ulydighetsaksjon: \u2013 V\u00e5r plikt"},"content":{"rendered":"\n<p class=\"_lead_1bvmi_2 _lead_xtcu6_50 layout-component text-serif-m layout-normal text-serif-l layout-component layout-wide layout-padded _wide_17hqh_1 layout-padded\">Aksjonister vil stanse gruvedrift og fjorddeponi i Repparfjorden, og har blokkert inngangen til n\u00e6ringsdepartementet.<\/p>\n<p><img alt=\" Foto: Thomas Andreassen, VG\" class=\"_image_qp4xg_65 layout-component layout-wide\" data-fullscreen- data-track-element-type=\"Article image fullscreen\" data-track-name=\"ImageFullscreen\" fetchpriority=\"high\" decoding=\"sync\" loading=\"eager\" height=\"4284\" itemprop=\"image\"  src=\"https:\/\/www.europesays.com\/no\/wp-content\/uploads\/2025\/09\/c77a4af4-a38d-4538-bcdc-a050c4ef76fc\"  style=\"object-position:0% 0%\" width=\"5712\"\/> Foto: Thomas Andreassen, VG<\/p>\n<ul aria-hidden=\"true\" class=\"_images_1y6fe_106\">\n<li><a class=\"_link_1y6fe_111\" href=\"https:\/\/www.vg.no\/forfatter\/martin-laegland\" style=\"z-index:2\" title=\"Martin L\u00e6gland\" rel=\"nofollow noopener\" target=\"_blank\"><img alt=\"Bilde av Martin L\u00e6gland\" class=\"_image_1y6fe_88\" fetchpriority=\"low\" loading=\"lazy\" decoding=\"async\" itemprop=\"image\"  src=\"https:\/\/www.europesays.com\/no\/wp-content\/uploads\/2025\/09\/1d252117-c6eb-46e9-84ad-c09428caf56e\"  width=\"480\"\/><\/a><\/li>\n<li><a class=\"_link_1y6fe_111\" href=\"https:\/\/www.vg.no\/forfatter\/thomas-andreassen\" style=\"z-index:1\" title=\"Thomas Andreassen (foto)\" rel=\"nofollow noopener\" target=\"_blank\"><img alt=\"Bilde av Thomas Andreassen (foto)\" class=\"_image_1y6fe_88\" fetchpriority=\"low\" loading=\"lazy\" decoding=\"async\" itemprop=\"image\"  src=\"https:\/\/www.europesays.com\/no\/wp-content\/uploads\/2025\/09\/738e2f3e-0bab-483a-8069-19d492b48201\"  width=\"480\"\/><\/a><\/li>\n<\/ul>\n<p> Oppdatert tirsdag 2. september kl. 07:53     <\/p>\n<p class=\"_paragraph_1bvmi_4 _paragraph_xtcu6_10 layout-component text-serif-m layout-normal text-serif-m layout-padded\">Artist og aktivist <a href=\"https:\/\/www.vg.no\/tag\/ella-marie-haetta-isaksen?utm_source=vg-article&amp;utm_medium=auto-tagger&amp;utm_campaign=25rxaR\" class=\"_link_1bvmi_39\" rel=\"nofollow noopener\" target=\"_blank\">Ella Marie H\u00e6tta Isaksen<\/a> er en av rundt 20 aksjonister som blokkerer n\u00e6rings- og fiskeridepartementet. De har lenket seg fast til garasje og hovedinngang. <\/p>\n<p class=\"_paragraph_1bvmi_4 _paragraph_xtcu6_10 layout-component text-serif-m layout-normal text-serif-m layout-padded\">\u2013 Vi har hatt alle mann p\u00e5 dekk og aksjonert ved Repparfjord siden de begynte \u00e5 sprenge i fjellet i juni. Og det er fortsatt en leir for aksjonistene der. N\u00e5 starter vi \u00e5 aksjonere i Oslo ogs\u00e5, sier hun i forkant av aksjonen som startet tirsdag morgen.<\/p>\n<p class=\"_paragraph_1bvmi_4 _paragraph_xtcu6_10 layout-component text-serif-m layout-normal text-serif-m layout-padded\">\u2013 Vi har f\u00e5tt fornyet h\u00e5p etter seieren om F\u00f8rdefjorden, hvor <a href=\"https:\/\/www.vg.no\/nyheter\/i\/qP572e\/hun-la-merke-til-at-jeg-utviklet-en-fobi-for-mobiltelefonen-min-kunne-ikke-gaa-inn-paa-arbeidsplassen-min-uten-at-han-var-der-altsaa-kanalene-mine\" data-track-element-type=\"Link\" data-track-id=\"link:qP572e\" class=\"_link_1bvmi_39\" rel=\"nofollow noopener\" target=\"_blank\">utslippstillatelse ble kjent ugyldige<\/a>. Dette er helt identiske tillatelser.<\/p>\n<p><img alt=\"Foto: Thomas Andreassen, VG\" class=\"_image_qp4xg_65 layout-component layout-normal\" data-fullscreen- data-track-element-type=\"Article image fullscreen\" data-track-name=\"ImageFullscreen\" decoding=\"async\" loading=\"lazy\" height=\"4284\" itemprop=\"image\"  src=\"https:\/\/www.europesays.com\/no\/wp-content\/uploads\/2025\/09\/85e03aa4-ba7e-47ab-a456-7c02dea4d551\"  style=\"object-position:0% 0%\" width=\"5712\"\/>Foto: Thomas Andreassen, VG<\/p>\n<p class=\"_paragraph_1bvmi_4 _paragraph_xtcu6_10 layout-component text-serif-m layout-normal text-serif-m layout-padded\">Aksjonistene best\u00e5r b\u00e5de av b\u00e5de Natur og Ungdom-medlemmer, samiske aksjonister og andre som engasjerer seg i saken. De ber regjeringen trekke tilbake tillattelsene for gruveprosjektet, som fikk sin tillatelse for nesten ti \u00e5r siden.<\/p>\n<p class=\"_paragraph_1bvmi_4 _paragraph_xtcu6_10 layout-component text-serif-m layout-normal text-serif-m layout-padded\">Hun var en av aksjonistene som bak Fosen-demonstrasjonene utenfor regjeringskvartalet vinteren 2023. Den gang fikk demonstrasjonene gjennomslag og regjeringen <a href=\"https:\/\/www.vg.no\/nyheter\/i\/2BjObv\/moeter-pressen-etter-krisemoete\" data-track-element-type=\"Link\" data-track-id=\"link:2BjObv\" class=\"_link_1bvmi_39\" rel=\"nofollow noopener\" target=\"_blank\">beklaget i etterkant til reindriftssamene p\u00e5 Fosen<\/a>. I tillegg konkluderte H\u00f8yesterett nylig med at demonstrantene <a href=\"https:\/\/www.vg.no\/nyheter\/i\/73amR8\/hoeyesterett-fosen-aksjonistene-kan-ikke-straffes\" data-track-element-type=\"Link\" data-track-id=\"link:73amR8\" class=\"_link_1bvmi_39\" rel=\"nofollow noopener\" target=\"_blank\">skulle slippe \u00e5 betale b\u00f8ter<\/a>. <\/p>\n<p><img alt=\"2023: Slik s\u00e5 det ut da Ella Marie H\u00e6tta Isaksen og resten av demonstrantene aksjonerte foran Olje- og energidepartementet i 2023.  Foto: Hallgeir V\u00e5genes \/ VG\" class=\"_image_qp4xg_65 layout-component layout-normal\" data-fullscreen- data-track-element-type=\"Article image fullscreen\" data-track-name=\"ImageFullscreen\" decoding=\"async\" loading=\"lazy\" height=\"3872\" itemprop=\"image\"  src=\"https:\/\/www.europesays.com\/no\/wp-content\/uploads\/2025\/09\/66cf7c09-bd12-49fb-b7e3-c29a621a2da0\"  style=\"object-position:0% 0%\" width=\"5808\"\/>2023: Slik s\u00e5 det ut da Ella Marie H\u00e6tta Isaksen og resten av demonstrantene aksjonerte foran Olje- og energidepartementet i 2023.  Foto: Hallgeir V\u00e5genes \/ VG<\/p>\n<p class=\"_paragraph_1bvmi_4 _paragraph_xtcu6_10 layout-component text-serif-m layout-normal text-serif-m layout-padded\">H\u00e6tta Isaksen forteller at Repparfjord-aksjonistene er klare for \u00e5 ty til sivil ulydighet, og at de ikke vil flytte seg etter p\u00e5legg fra politiet. <\/p>\n<p class=\"_paragraph_1bvmi_4 _paragraph_xtcu6_10 layout-component text-serif-m layout-normal text-serif-m layout-padded\">\u2013 Det er en individuell vurdering hver enkelt m\u00e5 gj\u00f8re, men vi 50 som deltar har sagt oss villig til \u00e5 beg\u00e5 sivil ulydighet.<\/p>\n<p class=\"_paragraph_1bvmi_4 _paragraph_xtcu6_10 layout-component text-serif-m layout-normal text-serif-m layout-padded\">\u2013 Det er allerede gjort irreversible inngrep i fjellet og i reinbeitedistriktet. Vi vurderer dette som en akutt situasjon, og vi aksjonister f\u00f8ler p\u00e5 at det er v\u00e5r plikt \u00e5 gj\u00f8re v\u00e5rt ytterste for \u00e5 stanse det som skjer.<\/p>\n<p class=\"_paragraph_1bvmi_4 _paragraph_xtcu6_10 layout-component text-serif-m layout-normal text-serif-m layout-padded\">Hun forteller at de har \u00f8nsket \u00e5 m\u00f8te n\u00e6ringsminister Cecilie Myrseth, men at de ikke har lykkes med \u00e5 komme i kontakt med henne. Derfor setter de seg n\u00e5 utenfor kontoret til statsr\u00e5den. <\/p>\n<p class=\"_paragraph_1bvmi_4 _paragraph_xtcu6_10 layout-component text-serif-m layout-normal text-serif-m layout-padded\">\u2013 Hvor lenge planlegger dere \u00e5 aksjonere?<\/p>\n<p class=\"_paragraph_1bvmi_4 _paragraph_xtcu6_10 layout-component text-serif-m layout-normal text-serif-m layout-padded\">\u2013 Vi blir sittende til vi f\u00f8ler vi har f\u00e5tt sagt v\u00e5rt og f\u00e5tt tydeliggjort kravene v\u00e5re, sier hun til VG.<\/p>\n<p class=\"_paragraph_1bvmi_4 _paragraph_xtcu6_10 layout-component text-serif-m layout-normal text-serif-m layout-padded\">Tirsdag morgen har VG v\u00e6rt i kontakt med politiet om aksjonen.<\/p>\n<p class=\"_paragraph_1bvmi_4 _paragraph_xtcu6_10 layout-component text-serif-m layout-normal text-serif-m layout-padded\">\u2014 Vi er p\u00e5 stedet og oppretter dialog, sier operasjonsleder Roy Langengen. <\/p>\n","protected":false},"excerpt":{"rendered":"Aksjonister vil stanse gruvedrift og fjorddeponi i Repparfjorden, og har blokkert inngangen til n\u00e6ringsdepartementet. Foto: Thomas Andreassen, VG&hellip;\n","protected":false},"author":2,"featured_media":24525,"comment_status":"","ping_status":"","sticky":false,"template":"","format":"standard","meta":{"footnotes":""},"categories":[10],"tags":[20,21,3933,24,25,15,22,23,13,30,28,281,29,14,16,199,26,27,205],"class_list":{"0":"post-24524","1":"post","2":"type-post","3":"status-publish","4":"format-standard","5":"has-post-thumbnail","7":"category-norge","8":"tag-breaking-news","9":"tag-breakingnews","10":"tag-ella-marie-haetta-isaksen","11":"tag-featured-news","12":"tag-featurednews","13":"tag-headlines","14":"tag-latest-news","15":"tag-latestnews","16":"tag-news","17":"tag-no","18":"tag-norge","19":"tag-norsk-politikk","20":"tag-norway","21":"tag-nyheter","22":"tag-overskrifter","23":"tag-stortingsvalg","24":"tag-top-stories","25":"tag-topstories","26":"tag-vgsamfunn"},"share_on_mastodon":{"url":"","error":""},"_links":{"self":[{"href":"https:\/\/www.europesays.com\/no\/wp-json\/wp\/v2\/posts\/24524","targetHints":{"allow":["GET"]}}],"collection":[{"href":"https:\/\/www.europesays.com\/no\/wp-json\/wp\/v2\/posts"}],"about":[{"href":"https:\/\/www.europesays.com\/no\/wp-json\/wp\/v2\/types\/post"}],"author":[{"embeddable":true,"href":"https:\/\/www.europesays.com\/no\/wp-json\/wp\/v2\/users\/2"}],"replies":[{"embeddable":true,"href":"https:\/\/www.europesays.com\/no\/wp-json\/wp\/v2\/comments?post=24524"}],"version-history":[{"count":0,"href":"https:\/\/www.europesays.com\/no\/wp-json\/wp\/v2\/posts\/24524\/revisions"}],"wp:featuredmedia":[{"embeddable":true,"href":"https:\/\/www.europesays.com\/no\/wp-json\/wp\/v2\/media\/24525"}],"wp:attachment":[{"href":"https:\/\/www.europesays.com\/no\/wp-json\/wp\/v2\/media?parent=24524"}],"wp:term":[{"taxonomy":"category","embeddable":true,"href":"https:\/\/www.europesays.com\/no\/wp-json\/wp\/v2\/categories?post=24524"},{"taxonomy":"post_tag","embeddable":true,"href":"https:\/\/www.europesays.com\/no\/wp-json\/wp\/v2\/tags?post=24524"}],"curies":[{"name":"wp","href":"https:\/\/api.w.org\/{rel}","templated":true}]}}