{"id":245760,"date":"2026-05-23T15:02:24","date_gmt":"2026-05-23T15:02:24","guid":{"rendered":"https:\/\/www.europesays.com\/no\/245760\/"},"modified":"2026-05-23T15:02:24","modified_gmt":"2026-05-23T15:02:24","slug":"siri-og-emason-fra-tv-romanse-til-familielykke-og-reisebyra-i-tanzania","status":"publish","type":"post","link":"https:\/\/www.europesays.com\/no\/245760\/","title":{"rendered":"Siri og Emason: Fra TV-romanse til familielykke og reisebyr\u00e5 i Tanzania"},"content":{"rendered":"<p class=\"kicker \" style=\"\">Lykken smiler til \u00abGrensel\u00f8st forelsket\u00bb-paret<\/p>\n<p>    TV-seerne fulgte kj\u00e6rlighetseventyret deres i \u00abGrensel\u00f8st forelsket\u00bb. N\u00e5 kan Siri og Emason juble over en ny stor milep\u00e6l i livet.<\/p>\n<p>\n    TOBARNSFORELDRE: Mange fulgte Emason og Siris historie i \u00abGrensel\u00f8st forelsket\u00bb. Etter at serien var ferdig fikk paret datteren Kaya (3) og i mars ble de foreldre til lille Mikael. Foto: Privat\n  <\/p>\n<p>Gjennom tre sesonger av \u00abGrensel\u00f8st forelsket\u00bb har TV-seerne spent fulgt med p\u00e5 l\u00e6reren Siri Mshana (35) fra Bergen, som under en reise til Tanzania m\u00f8tte sitt livs store kj\u00e6rlighet, Emason Mshana (43).<\/p>\n<p>        <img loading=\"lazy\" decoding=\"async\" src=\"https:\/\/www.europesays.com\/no\/wp-content\/uploads\/2026\/05\/84650163.webp\" width=\"686\" height=\"632\" alt=\"\" class=\"\" style=\"--aspect-ratio-image: 1.09; \"\/><\/p>\n<p>\n        STOR DAG: I 2021 sa paret ja til hverandre i Land\u00e5s kirke i Bergen. Foto: Privat\n    <\/p>\n<p class=\"font-weight-bold m-font-weight-bold\" data-lab-font_weight=\"font-weight-bold\"> Serien ble avsluttet da Siri var gravid med parets f\u00f8rste barn, og kort tid senere kom lille Kaya (3). Og det stoppet ikke der &#8211; i mars ble de enfamilie p\u00e5 fire, da s\u00f8nnen Mikael (2 mnd) kom til verden.<\/p>\n<p>Siri har mammaperm fra jobben som l\u00e6rer ved Steinerskolen.<\/p>\n<p>        <img loading=\"lazy\" decoding=\"async\" src=\"https:\/\/www.europesays.com\/no\/wp-content\/uploads\/2026\/05\/84650172.webp\" width=\"667\" height=\"607\" alt=\"\" class=\"\" style=\"--aspect-ratio-image: 1.10; \"\/><\/p>\n<p>\n        FAMILIEN F\u00d8RST: Paret stortrives med to sm\u00e5 barn i huset. For Emason har norsk vinter v\u00e6rt en utfordring, men det hjelper at han innimellom kan reise tilbake til hjemlandet. Her med Kaya da hun var rundt ett \u00e5r. Foto: Privat\n    <\/p>\n<p>&#8211; Hverdagen er selvf\u00f8lgelig kaotisk til tider, men vi har masse lykkelige stunder sammen, og vi er utrolig heldige, sier hun.<\/p>\n<p>For Kaya ble det en stor omstilling \u00e5 f\u00e5 en lillebror i hus.<\/p>\n<p>        \u00c5PNER OPP: Hvordan var det for Oslos ordf\u00f8rer Fabian Stang \u00e5 holde styr p\u00e5 royale hendelser p\u00e5 17. mai, og hvem i kongehuset fikk han best kontakt med? Det skal Se og H\u00f8rs kongehusekspert Caroline Vagle finne ut av i denne ukens Royal TV. Video: NRK \/ NTB \/ H\u00e5vard Bj\u00f8rnerem \/\/ Foto: NTB \/ Se og H\u00f8r \/\/ Programleder: Caroline Vagle<\/p>\n<p class=\"font-weight-bold m-font-weight-bold\" data-lab-font_weight=\"font-weight-bold\">&#8211; Kaya var vant til \u00e5 v\u00e6re enebarn, s\u00e5 det var ingen lett overgang. Men n\u00e5 prater hun masse med ham etter barnehagen, og tr\u00f8ster ham n\u00e5r han gr\u00e5ter. Det er utrolig fint \u00e5 se, forteller tobarnsmoren. <\/p>\n<p>For TV-paret er det viktig at barna f\u00e5r et n\u00e6rt forhold til Emasons hjemland. Kort tid etter at Kaya ble f\u00f8dt, tilbragte familien fem fine m\u00e5neder i landet. N\u00e5 satser de p\u00e5 \u00e5 reise tilbake i desember.<\/p>\n<p>        <img loading=\"lazy\" decoding=\"async\" src=\"https:\/\/www.europesays.com\/no\/wp-content\/uploads\/2026\/05\/84650183.webp\" width=\"686\" height=\"549\" alt=\"\" class=\"\" style=\"--aspect-ratio-image: 1.25; \"\/><\/p>\n<p>\n        TILBAKE TIL R\u00d8TTENE: B\u00e5de Siri og Emason elsker hans hjemland Tanzania, og har startet et reisebyr\u00e5 som tilbyr spesialreiser til landet. Foto: Privat\n    <\/p>\n<p>&#8211; Planen er \u00e5 gjennomf\u00f8re Mikaels barned\u00e5p der sammen med familien til Emason, forteller 35-\u00e5ringen. <\/p>\n<p class=\"font-weight-bold m-font-weight-bold\" data-lab-font_weight=\"font-weight-bold\">N\u00e5r Siri snakker om Tanzania, er det tydelig at landet har f\u00e5tt en helt spesiell plass i hjertet hennes.\u00a0<\/p>\n<p>        RYSTES: En popul\u00e6r realityserie er n\u00e5 fjernet fra TV 2 etter grove anklager. Video: Karolina Grace\/R\u00f8d L\u00f8per, \u00abThe Dark Side Of Married At First Sight\u00bb\/BBC. <\/p>\n<p>Det var ikke bare Emason som forandret livet hennes \u2013 hun fikk ogs\u00e5 et sterkt forhold til kulturen og menneskene i Tanzania. <\/p>\n<p>N\u00e5 \u00f8nsker ekteparet \u00e5 dele opplevelsene med andre. De har startet reisebyr\u00e5et Lille Bille Safari, som n\u00e5 tilbyrskreddersydde reiser med alt fra luksussafari og strand-ferier til studieturer og fjellklatring. <\/p>\n<p>        <img loading=\"lazy\" decoding=\"async\" src=\"https:\/\/www.europesays.com\/no\/wp-content\/uploads\/2026\/05\/84650198.webp\" width=\"667\" height=\"567\" alt=\"\" class=\"\" style=\"--aspect-ratio-image: 1.18; \"\/><\/p>\n<p>\n        FINE STUNDER: Siri er i permisjon, og nyter livet med to sm\u00e5 \u2013 selv om det kan v\u00e6re hektisk til tider. Foto: Privat\n    <\/p>\n<p class=\"font-weight-bold m-font-weight-bold\" data-lab-font_weight=\"font-weight-bold\">&#8211; Reisen til Tanzania ble en skikkelig \u00f8ye\u00e5pner. Jeg f\u00f8lte meg s\u00e5 levende der nede, og det vekket noe i meg. N\u00e5 er m\u00e5let v\u00e5rt \u00e5 vise frem detvakre landet med fantastisk natur, utadvendte mennesker og flotte verdier. <\/p>\n<p>\u00c5 bygge opp sitt eget reisebyr\u00e5 har ikke bare v\u00e6rt en dans p\u00e5 roser.<\/p>\n<p>&#8211; L\u00e6ringskurven har v\u00e6rt utrolig bratt. Det har kommet nye utfordringer hele veien, men sakte, men sikkert har vi f\u00e5tt det til. Emason reiser stadig ned med kunder, og viser dem landet fra innsiden,forteller Siri.<\/p>\n<p>        BARE \u00abLITT\u00bb KONGELIG: For \u00e5 unng\u00e5 den tidligere problematikken rundt prinsesse M\u00e4rtha Louise, kommer ukens Royal TV-gjest Fabian Stang med en tydelig oppfordring om prins Sverre Magnus. Video: NRK \/ NTB \/ H\u00e5vard Bj\u00f8rnerem \/\/ Foto: NTB \/ Se og H\u00f8r \/\/ Programleder: Caroline Vagle<\/p>\n<p>Ved siden av reiselivsdr\u00f8mmen er paret ogs\u00e5 opptatt av \u00e5 bidra lokalt i Tanzania. De har blant annet v\u00e6rt med p\u00e5 \u00e5 bygge en skole, som sto ferdig i fjor.<\/p>\n<p>&#8211; I Tanzania er det veldig viktig \u00e5 gi tilbake, og det var utrolig fint \u00e5 kunne bidra. <\/p>\n","protected":false},"excerpt":{"rendered":"Lykken smiler til \u00abGrensel\u00f8st forelsket\u00bb-paret TV-seerne fulgte kj\u00e6rlighetseventyret deres i \u00abGrensel\u00f8st forelsket\u00bb. N\u00e5 kan Siri og Emason juble&hellip;\n","protected":false},"author":2,"featured_media":245761,"comment_status":"","ping_status":"","sticky":false,"template":"","format":"standard","meta":{"footnotes":"","_share_on_mastodon":"0"},"categories":[10],"tags":[20,21,4104,22170,24,25,19754,15,479,22,23,13,30,28,29,14,16,22171,26,27],"class_list":["post-245760","post","type-post","status-publish","format-standard","has-post-thumbnail","category-norge","tag-breaking-news","tag-breakingnews","tag-eksklusivt","tag-emason-mshana","tag-featured-news","tag-featurednews","tag-grenselost-forelsket","tag-headlines","tag-kjendis","tag-latest-news","tag-latestnews","tag-news","tag-no","tag-norge","tag-norway","tag-nyheter","tag-overskrifter","tag-siri-mshana","tag-top-stories","tag-topstories"],"share_on_mastodon":{"url":"https:\/\/pubeurope.com\/@no\/116624500170609866","error":""},"_links":{"self":[{"href":"https:\/\/www.europesays.com\/no\/wp-json\/wp\/v2\/posts\/245760","targetHints":{"allow":["GET"]}}],"collection":[{"href":"https:\/\/www.europesays.com\/no\/wp-json\/wp\/v2\/posts"}],"about":[{"href":"https:\/\/www.europesays.com\/no\/wp-json\/wp\/v2\/types\/post"}],"author":[{"embeddable":true,"href":"https:\/\/www.europesays.com\/no\/wp-json\/wp\/v2\/users\/2"}],"replies":[{"embeddable":true,"href":"https:\/\/www.europesays.com\/no\/wp-json\/wp\/v2\/comments?post=245760"}],"version-history":[{"count":0,"href":"https:\/\/www.europesays.com\/no\/wp-json\/wp\/v2\/posts\/245760\/revisions"}],"wp:featuredmedia":[{"embeddable":true,"href":"https:\/\/www.europesays.com\/no\/wp-json\/wp\/v2\/media\/245761"}],"wp:attachment":[{"href":"https:\/\/www.europesays.com\/no\/wp-json\/wp\/v2\/media?parent=245760"}],"wp:term":[{"taxonomy":"category","embeddable":true,"href":"https:\/\/www.europesays.com\/no\/wp-json\/wp\/v2\/categories?post=245760"},{"taxonomy":"post_tag","embeddable":true,"href":"https:\/\/www.europesays.com\/no\/wp-json\/wp\/v2\/tags?post=245760"}],"curies":[{"name":"wp","href":"https:\/\/api.w.org\/{rel}","templated":true}]}}