{"id":24592,"date":"2025-09-02T08:22:07","date_gmt":"2025-09-02T08:22:07","guid":{"rendered":"https:\/\/www.europesays.com\/no\/24592\/"},"modified":"2025-09-02T08:22:07","modified_gmt":"2025-09-02T08:22:07","slug":"martinius-stenshorne-klar-for-formel-2-deltar-for-nytt-lag-fra-2026-sesongen","status":"publish","type":"post","link":"https:\/\/www.europesays.com\/no\/24592\/","title":{"rendered":"Martinius Stenshorne klar for Formel 2 \u2013 deltar for nytt lag fra 2026-sesongen"},"content":{"rendered":"\n<p class=\"_lead_1bvmi_2 _lead_xtcu6_50 layout-component text-serif-m layout-normal text-serif-l layout-component layout-wide layout-padded _wide_17hqh_1 layout-padded\">Martinius Stenshorne f\u00e5r kj\u00f8re Formel 2 til neste sesong, p\u00e5 et nytt lag. Den norske 19-\u00e5ringen er dermed bare ett trinn unna prestisjefylte Formel 1.<\/p>\n<p><img alt=\"Martinius Stenshorne skal kj\u00f8re Formel 2 neste sesong.  Foto: Sebastiaan Rozendaal \/ Dutch Photo Agency \/ NTB\" class=\"_image_qp4xg_65 layout-component layout-wide\" data-fullscreen- data-track-element-type=\"Article image fullscreen\" data-track-name=\"ImageFullscreen\" fetchpriority=\"high\" decoding=\"sync\" loading=\"eager\" height=\"2520\" itemprop=\"image\"  src=\"https:\/\/www.europesays.com\/no\/wp-content\/uploads\/2025\/09\/31f9468f-cc24-4f35-91cc-96560c85ce9e\"  style=\"object-position:0% 0%\" width=\"3780\"\/>Martinius Stenshorne skal kj\u00f8re Formel 2 neste sesong.  Foto: Sebastiaan Rozendaal \/ Dutch Photo Agency \/ NTB<\/p>\n<ul aria-hidden=\"true\" class=\"_images_1y6fe_106\">\n<li><a class=\"_link_1y6fe_111\" href=\"https:\/\/www.vg.no\/forfatter\/ntb\" style=\"z-index:1\" title=\"NTB\" rel=\"nofollow noopener\" target=\"_blank\"><img alt=\"Bilde av NTB\" class=\"_image_1y6fe_88\" fetchpriority=\"low\" loading=\"lazy\" decoding=\"async\" itemprop=\"image\"  src=\"https:\/\/www.europesays.com\/no\/wp-content\/uploads\/2025\/09\/1756801327_717_c33980b0-5d07-4027-84a1-813f90a7c8d6\"  width=\"480\"\/><\/a><\/li>\n<\/ul>\n<p> Oppdatert tirsdag 2. september kl. 08:08    <\/p>\n<ul class=\"_list_1bvmi_3 _list_1flq1_85 _unordered_1bvmi_99 text-sans-m\">\n<li class=\"_item_1bvmi_30\">Martinius Stenshorne skal kj\u00f8re Formel 2 neste sesong for et nytt lag.<\/li>\n<li class=\"_item_1bvmi_30\">Oppgraderingen kommer etter en imponerende sesong i Formel 3 med flere seire.<\/li>\n<\/ul>\n<p>Vis mer <\/p>\n<p class=\"_paragraph_1bvmi_4 _paragraph_xtcu6_10 layout-component text-serif-m layout-normal text-serif-m layout-padded\">Stenshorne har signert en avtale med et nytt lag, som enn\u00e5 ikke har et offisielt lagnavn. Det kommer fram i en pressemelding til NTB fra Stenshornes medieteam.<\/p>\n<p class=\"_paragraph_1bvmi_4 _paragraph_xtcu6_10 layout-component text-serif-m layout-normal text-serif-m layout-padded\">\u2013 Motivasjonen er p\u00e5 topp foran 2026-sesongen. Dette er et stort skritt videre for meg, og jeg setter enormt pris p\u00e5 st\u00f8tten fra familie, partnere og alle som har v\u00e6rt med meg p\u00e5 veien. N\u00e5 begynner en ny fase, og jeg ser fram til \u00e5 utvikle meg videre og ta nye steg, sier Stenshorne.<\/p>\n<p class=\"_paragraph_1bvmi_4 _paragraph_xtcu6_10 layout-component text-serif-m layout-normal text-serif-m layout-padded\">Oppgraderingen til Formel 2 kommer etter en imponerende sesong i Formel 3, der nordmannen har levert flere sterke resultater, med blant annet seier i \u00d8sterrikes Grand Prix og i sprintl\u00f8pet p\u00e5 den ikoniske banen i Monaco.<\/p>\n<p class=\"_paragraph_1bvmi_4 _paragraph_xtcu6_10 layout-component text-serif-m layout-normal text-serif-m layout-padded\">\u00abOvergangen til Formel 2 representerer b\u00e5de en sportslig og profesjonell opptrapping, der konkurransen blir t\u00f8ffere, bilene mer avanserte og oppmerksomheten st\u00f8rre\u00bb, heter det i pressemeldingen.<\/p>\n<p class=\"_paragraph_1bvmi_4 _paragraph_xtcu6_10 layout-component text-serif-m layout-normal text-serif-m layout-padded\">Stenshorne ligger p\u00e5 5.-plass i Formel 3-sammendraget foran siste l\u00f8p i Monza til helgen. L\u00f8rdag skal det kj\u00f8res sprintl\u00f8p i Italia, f\u00f8r Formel 3-sesongen avsluttes med hovedl\u00f8pet s\u00f8ndag.<\/p>\n<p class=\"_paragraph_1bvmi_4 _paragraph_xtcu6_10 layout-component text-serif-m layout-normal text-serif-m layout-padded\">Dennis Hauger kj\u00f8rte i en \u00e5rrekke Formel 3 og Formel 2, men fikk aldri muligheten i toppklassen Formel 1.<\/p>\n","protected":false},"excerpt":{"rendered":"Martinius Stenshorne f\u00e5r kj\u00f8re Formel 2 til neste sesong, p\u00e5 et nytt lag. Den norske 19-\u00e5ringen er dermed&hellip;\n","protected":false},"author":2,"featured_media":24593,"comment_status":"","ping_status":"","sticky":false,"template":"","format":"standard","meta":{"footnotes":""},"categories":[59],"tags":[2026,3940,3939,1120,30,28,29,83,82],"class_list":{"0":"post-24592","1":"post","2":"type-post","3":"status-publish","4":"format-standard","5":"has-post-thumbnail","7":"category-sport","8":"tag-formel-1","9":"tag-formel-2","10":"tag-martinius-stenshorne","11":"tag-motorsport","12":"tag-no","13":"tag-norge","14":"tag-norway","15":"tag-sport","16":"tag-sports"},"share_on_mastodon":{"url":"","error":""},"_links":{"self":[{"href":"https:\/\/www.europesays.com\/no\/wp-json\/wp\/v2\/posts\/24592","targetHints":{"allow":["GET"]}}],"collection":[{"href":"https:\/\/www.europesays.com\/no\/wp-json\/wp\/v2\/posts"}],"about":[{"href":"https:\/\/www.europesays.com\/no\/wp-json\/wp\/v2\/types\/post"}],"author":[{"embeddable":true,"href":"https:\/\/www.europesays.com\/no\/wp-json\/wp\/v2\/users\/2"}],"replies":[{"embeddable":true,"href":"https:\/\/www.europesays.com\/no\/wp-json\/wp\/v2\/comments?post=24592"}],"version-history":[{"count":0,"href":"https:\/\/www.europesays.com\/no\/wp-json\/wp\/v2\/posts\/24592\/revisions"}],"wp:featuredmedia":[{"embeddable":true,"href":"https:\/\/www.europesays.com\/no\/wp-json\/wp\/v2\/media\/24593"}],"wp:attachment":[{"href":"https:\/\/www.europesays.com\/no\/wp-json\/wp\/v2\/media?parent=24592"}],"wp:term":[{"taxonomy":"category","embeddable":true,"href":"https:\/\/www.europesays.com\/no\/wp-json\/wp\/v2\/categories?post=24592"},{"taxonomy":"post_tag","embeddable":true,"href":"https:\/\/www.europesays.com\/no\/wp-json\/wp\/v2\/tags?post=24592"}],"curies":[{"name":"wp","href":"https:\/\/api.w.org\/{rel}","templated":true}]}}