{"id":246008,"date":"2026-05-23T20:05:43","date_gmt":"2026-05-23T20:05:43","guid":{"rendered":"https:\/\/www.europesays.com\/no\/246008\/"},"modified":"2026-05-23T20:05:43","modified_gmt":"2026-05-23T20:05:43","slug":"streik-ks-naer-10-000-ansatte-i-kommuner-og-fylkeskommuner-kan-bli-tatt-ut-i-streik-se-oversikt-for-nordmore","status":"publish","type":"post","link":"https:\/\/www.europesays.com\/no\/246008\/","title":{"rendered":"Streik, KS | N\u00e6r 10.000 ansatte i kommuner og fylkeskommuner kan bli tatt ut i streik: Se oversikt for Nordm\u00f8re"},"content":{"rendered":"\n<p>Streikevarselet gjelder forhandlingene i KS-omr\u00e5det, hvor det ble brudd 30. april. KS forhandler med flere arbeidstakerorganisasjoner i oppgj\u00f8ret, blant annet YS Kommune, LO kommune, Unio og Akademikerne.<\/p>\n<p>LO kommune varsler uttak av 6573 ansatte over hele landet.<\/p>\n<p><b>Se oversikt for M\u00f8re og Romsdal lenger ned i saken.<\/b><\/p>\n<p>Frist om en uke<\/p>\n<p>\u2013 N\u00e5 er vi klare for mekling, og vi gj\u00f8r det vi kan for \u00e5 \u00f8ke kj\u00f8pekraften til medlemmene v\u00e5re og sikre gode arbeidsvilk\u00e5r. Om vi ikke blir enige om dette, er vi forberedt p\u00e5 streik, sier LO kommunes forhandlingsleder Helene Harsvik Skeibrok.<\/p>\n<p>Blant kommunene som kan bli rammet av uttaket fra LO er Kristiansund med 67 medlemmer, Aver\u00f8y med 14 og Sunnda med 21.<\/p>\n<p>Meklingen skal starte tirsdag etter pinse. Om partene ikke blir enige, kan det bli streik fra fredag morgen.<\/p>\n<p><b>F\u00f8rste uttak fra LO:<\/b><\/p>\n<p>I tillegg vil YS kommune ta ut 84 medlemmer i \u00c5lesund.<\/p>\n<p>Vil merkes fra f\u00f8rste dag<\/p>\n<p>\u2013 Vi jobber for en l\u00f8sning hos riksmekleren, men arbeidsgiver sitter p\u00e5 n\u00f8kkelen her. Det \u00f8konomiske tilbudet var langt fra godt nok. I en krevende tid trenger v\u00e5re medlemmer betydelig l\u00f8nnsvekst, sier leder Trond Ellefsen i YS Kommune.<\/p>\n<p>De som er tatt ut i streik, jobber med flere ulike kommunale oppgaver, med en overvekt av administrative stillinger. Flere jobber med service, veiledning, \u00f8konomi og kultur.<\/p>\n<p>\u2013 Medlemmene vi vil ta ut i en streik, er viktige for driften av kommunene. Arbeidsgiver vil merke dette fra f\u00f8rste dag hvis det blir streik, sier Ellefsen.<\/p>\n<p>  <a href=\"https:\/\/www.tk.no\/5-51-1859163\" class=\"related-teaser has-image article--c-MkAkR\" rel=\"nofollow noopener\" target=\"_blank\"><\/p>\n<p>    <img decoding=\"async\" width=\"155\"  loading=\"lazy\"  src=\"https:\/\/www.europesays.com\/no\/wp-content\/uploads\/2026\/05\/K%C3%A5re+Hagen.jpg\" alt=\"\" class=\"brick-c-cFOWSL\" style=\"\"\/><\/p>\n<p>\n            Les ogs\u00e5<\/p>\n<p>            K\u00e5re blir ny styreleder: \u2013 Det var ikke vanskelig \u00e5 takke ja\n        <\/p>\n<p>  <\/a><br \/>\n  Barnehager og skoler rammes<\/p>\n<p>Unio tar ut om lag 2700 medlemmer i barnehager, skoler, helseinstitusjoner, bibliotek og andre kommunale tjenester dersom det blir streik.<\/p>\n<p>Det f\u00f8rste streikeuttaket gjelder i Asker, Bamble, Trondheim, Troms\u00f8 og Sandnes.<\/p>\n<p>Kommuneoppgj\u00f8ret gjelder ikke Oslo kommune, der det er egne forhandlinger. Ogs\u00e5 her blir det mekling med frist ved midnatt torsdag kveld.<\/p>\n<p>  <a href=\"https:\/\/www.tk.no\/5-51-1859146\" class=\"related-teaser has-image article--c-MkAkR\" rel=\"nofollow noopener\" target=\"_blank\"><\/p>\n<p>    <img decoding=\"async\" width=\"155\"  loading=\"lazy\"  src=\"https:\/\/www.europesays.com\/no\/wp-content\/uploads\/2026\/05\/DSC_1153.JPG\" alt=\"\" class=\"brick-c-cFOWSL\" style=\"\"\/><\/p>\n<p>\n            Les ogs\u00e5<\/p>\n<p>            Jan Steinar gj\u00f8r comeback: \u2013 Det er n\u00e5 eller aldri\n        <\/p>\n<p>  <\/a><\/p>\n<p>  <a href=\"https:\/\/www.tk.no\/5-51-1859117\" class=\"related-teaser has-image article--c-MkAkR\" rel=\"nofollow noopener\" target=\"_blank\"><\/p>\n<p>    <img decoding=\"async\" width=\"155\"  loading=\"lazy\"  src=\"https:\/\/www.europesays.com\/no\/wp-content\/uploads\/2026\/05\/Politistasjonssjef+Olav+Brten.b.jpg\" alt=\"\" class=\"brick-c-cFOWSL\" style=\"\"\/><\/p>\n<p>\n            Les ogs\u00e5<\/p>\n<p>            Fikk forelegg p\u00e5 18 000 kroner \u2013 nekter \u00e5 betale\n        <\/p>\n<p>  <\/a><\/p>\n<p>  <a href=\"https:\/\/www.tk.no\/5-51-1859132\" class=\"related-teaser has-image article--c-MkAkR\" rel=\"nofollow noopener\" target=\"_blank\"><\/p>\n<p>    <img decoding=\"async\" width=\"155\"  loading=\"lazy\"  src=\"https:\/\/www.europesays.com\/no\/wp-content\/uploads\/2026\/05\/DSC05090.JPG\" alt=\"\" class=\"brick-c-cFOWSL\" style=\"\"\/><\/p>\n<p>\n            Les ogs\u00e5<\/p>\n<p>            Folkekj\u00e6r Kristiansund-favoritt til Normoria: \u2013 Har alltid blitt tatt imot enest\u00e5ende bra\n        <\/p>\n<p>  <\/a><\/p>\n","protected":false},"excerpt":{"rendered":"Streikevarselet gjelder forhandlingene i KS-omr\u00e5det, hvor det ble brudd 30. april. KS forhandler med flere arbeidstakerorganisasjoner i oppgj\u00f8ret,&hellip;\n","protected":false},"author":2,"featured_media":246009,"comment_status":"","ping_status":"","sticky":false,"template":"","format":"standard","meta":{"footnotes":"","_share_on_mastodon":"0"},"categories":[10],"tags":[22178,36,2054,297,20,21,24,25,15,22179,22177,298,2657,22,23,3369,22175,10582,13,30,28,29,14,16,6736,1510,4227,5032,1716,26,27,17326],"class_list":["post-246008","post","type-post","status-publish","format-standard","has-post-thumbnail","category-norge","tag-akademikerne","tag-art","tag-aure","tag-averoy","tag-breaking-news","tag-breakingnews","tag-featured-news","tag-featurednews","tag-headlines","tag-helseinnovasjonssenteret","tag-kommunal-sektor","tag-kristiansund","tag-ks","tag-latest-news","tag-latestnews","tag-lo","tag-lo-kommune","tag-more-og-romsdal-fylkeskommune","tag-news","tag-no","tag-norge","tag-norway","tag-nyheter","tag-overskrifter","tag-smola","tag-story","tag-streik","tag-sunndal","tag-surnadal","tag-top-stories","tag-topstories","tag-unio"],"share_on_mastodon":{"url":"https:\/\/pubeurope.com\/@no\/116625692059437752","error":""},"_links":{"self":[{"href":"https:\/\/www.europesays.com\/no\/wp-json\/wp\/v2\/posts\/246008","targetHints":{"allow":["GET"]}}],"collection":[{"href":"https:\/\/www.europesays.com\/no\/wp-json\/wp\/v2\/posts"}],"about":[{"href":"https:\/\/www.europesays.com\/no\/wp-json\/wp\/v2\/types\/post"}],"author":[{"embeddable":true,"href":"https:\/\/www.europesays.com\/no\/wp-json\/wp\/v2\/users\/2"}],"replies":[{"embeddable":true,"href":"https:\/\/www.europesays.com\/no\/wp-json\/wp\/v2\/comments?post=246008"}],"version-history":[{"count":0,"href":"https:\/\/www.europesays.com\/no\/wp-json\/wp\/v2\/posts\/246008\/revisions"}],"wp:featuredmedia":[{"embeddable":true,"href":"https:\/\/www.europesays.com\/no\/wp-json\/wp\/v2\/media\/246009"}],"wp:attachment":[{"href":"https:\/\/www.europesays.com\/no\/wp-json\/wp\/v2\/media?parent=246008"}],"wp:term":[{"taxonomy":"category","embeddable":true,"href":"https:\/\/www.europesays.com\/no\/wp-json\/wp\/v2\/categories?post=246008"},{"taxonomy":"post_tag","embeddable":true,"href":"https:\/\/www.europesays.com\/no\/wp-json\/wp\/v2\/tags?post=246008"}],"curies":[{"name":"wp","href":"https:\/\/api.w.org\/{rel}","templated":true}]}}