{"id":246684,"date":"2026-05-24T17:34:19","date_gmt":"2026-05-24T17:34:19","guid":{"rendered":"https:\/\/www.europesays.com\/no\/246684\/"},"modified":"2026-05-24T17:34:19","modified_gmt":"2026-05-24T17:34:19","slug":"vestland-nedbor-gult-varsel-om-flaumfare","status":"publish","type":"post","link":"https:\/\/www.europesays.com\/no\/246684\/","title":{"rendered":"Vestland, Nedb\u00f8r | Gult varsel om flaumfare"},"content":{"rendered":"\n<p>Fr\u00e5 m\u00e5ndag 25. mai er det sendt ut varsel om flaumfare p\u00e5 gult niv\u00e5 for midtre og indre delar av Vestland fylke som drenerer h\u00f8gfjellsomr\u00e5de.<\/p>\n<p>\u2013 Vassf\u00f8ringa er allereie h\u00f8g i mange elvar i omr\u00e5det, som f\u00f8lgje av regn og sn\u00f8smelting, og er venta \u00e5 auka ytterlegare p\u00e5 grunn av meir regn p\u00e5 m\u00e5ndag. Dette kan f\u00f8ra til lokale flaumar, melder Varsom.no.<\/p>\n<p>Dei oppmodar folk om \u00e5 halda seg oppdatert p\u00e5 situasjonen.<\/p>\n","protected":false},"excerpt":{"rendered":"Fr\u00e5 m\u00e5ndag 25. mai er det sendt ut varsel om flaumfare p\u00e5 gult niv\u00e5 for midtre og indre&hellip;\n","protected":false},"author":2,"featured_media":246685,"comment_status":"","ping_status":"","sticky":false,"template":"","format":"standard","meta":{"footnotes":"","_share_on_mastodon":"0"},"categories":[10],"tags":[36,20,21,24,25,12636,15,22,23,3153,13,30,28,29,14,16,1510,26,27,1582],"class_list":["post-246684","post","type-post","status-publish","format-standard","has-post-thumbnail","category-norge","tag-art","tag-breaking-news","tag-breakingnews","tag-featured-news","tag-featurednews","tag-flaumfare","tag-headlines","tag-latest-news","tag-latestnews","tag-nedbor","tag-news","tag-no","tag-norge","tag-norway","tag-nyheter","tag-overskrifter","tag-story","tag-top-stories","tag-topstories","tag-vestland"],"share_on_mastodon":{"url":"https:\/\/pubeurope.com\/@no\/116630760232637441","error":""},"_links":{"self":[{"href":"https:\/\/www.europesays.com\/no\/wp-json\/wp\/v2\/posts\/246684","targetHints":{"allow":["GET"]}}],"collection":[{"href":"https:\/\/www.europesays.com\/no\/wp-json\/wp\/v2\/posts"}],"about":[{"href":"https:\/\/www.europesays.com\/no\/wp-json\/wp\/v2\/types\/post"}],"author":[{"embeddable":true,"href":"https:\/\/www.europesays.com\/no\/wp-json\/wp\/v2\/users\/2"}],"replies":[{"embeddable":true,"href":"https:\/\/www.europesays.com\/no\/wp-json\/wp\/v2\/comments?post=246684"}],"version-history":[{"count":0,"href":"https:\/\/www.europesays.com\/no\/wp-json\/wp\/v2\/posts\/246684\/revisions"}],"wp:featuredmedia":[{"embeddable":true,"href":"https:\/\/www.europesays.com\/no\/wp-json\/wp\/v2\/media\/246685"}],"wp:attachment":[{"href":"https:\/\/www.europesays.com\/no\/wp-json\/wp\/v2\/media?parent=246684"}],"wp:term":[{"taxonomy":"category","embeddable":true,"href":"https:\/\/www.europesays.com\/no\/wp-json\/wp\/v2\/categories?post=246684"},{"taxonomy":"post_tag","embeddable":true,"href":"https:\/\/www.europesays.com\/no\/wp-json\/wp\/v2\/tags?post=246684"}],"curies":[{"name":"wp","href":"https:\/\/api.w.org\/{rel}","templated":true}]}}