{"id":247447,"date":"2026-05-25T16:43:11","date_gmt":"2026-05-25T16:43:11","guid":{"rendered":"https:\/\/www.europesays.com\/no\/247447\/"},"modified":"2026-05-25T16:43:11","modified_gmt":"2026-05-25T16:43:11","slug":"fotball-sport-aftonbladet-per-mathias-hogmo-har-fatt-sparken","status":"publish","type":"post","link":"https:\/\/www.europesays.com\/no\/247447\/","title":{"rendered":"Fotball, Sport | Aftonbladet: Per-Mathias H\u00f8gmo har f\u00e5tt sparken"},"content":{"rendered":"\n<p>(<a href=\"https:\/\/www.nettavisen.no\/sport\/aftonbladet-per-mathias-hogmo-har-fatt-sparken\/s\/5-95-3056042\" rel=\"Follow nofollow noopener\" target=\"_blank\">Nettavisen<\/a>) <\/p>\n<p>Bulgarske medier har i dag rapportert at man regner med at den tidligere norske landslagstreneren mister jobben som hovedtrener i den bulgarske klubben.<\/p>\n<p>Aftonbladet skriver videre at laget skal ledes av H\u00f8gmos tidligere assistent, Mikael Stahre, i mandagens kamp mot CSKA Sofia.<\/p>\n<p>Ludogorets mislyktes med \u00e5 vinne tittelen i \u00e5r, og til tross for at laget var langt bak serieleder Levski Sofia da nordmannen tok over, skal skjebnen hans n\u00e5 v\u00e6re forseglet.<\/p>\n<p>Storklubben fra den nord\u00f8stlige byen i Bulgaria, Razgrad, vant ogs\u00e5 Supercupen denne sesongen, men sl\u00e5ss n\u00e5 for \u00e5 kvalifisere seg til Europa neste sesong. Det blir derimot uten H\u00f8gmo.<\/p>\n<p>Vinner Ludogorets kveldens kamp, har de minst en plass i play-off-kvaliken om en plass i Europa neste \u00e5r.<\/p>\n<p>H\u00f8gmo kom til klubben i november etter at han ogs\u00e5 fikk sparken i Molde etter en skuffende start p\u00e5 sesongen i fjor.<\/p>\n<p><b>RETTELSE: Det sto f\u00f8rst at H\u00f8gmo var ferdig i Ungarn, men det er klokka 16.14 rettet. Det riktige er Bulgaria. <\/b><\/p>\n","protected":false},"excerpt":{"rendered":"(Nettavisen) Bulgarske medier har i dag rapportert at man regner med at den tidligere norske landslagstreneren mister jobben&hellip;\n","protected":false},"author":2,"featured_media":247448,"comment_status":"","ping_status":"","sticky":false,"template":"","format":"standard","meta":{"footnotes":"","_share_on_mastodon":"0"},"categories":[59],"tags":[36,92,116,30,28,29,83,82,1510],"class_list":["post-247447","post","type-post","status-publish","format-standard","has-post-thumbnail","category-sport","tag-art","tag-fotball","tag-moss","tag-no","tag-norge","tag-norway","tag-sport","tag-sports","tag-story"],"share_on_mastodon":{"url":"https:\/\/pubeurope.com\/@no\/116636221925496692","error":""},"_links":{"self":[{"href":"https:\/\/www.europesays.com\/no\/wp-json\/wp\/v2\/posts\/247447","targetHints":{"allow":["GET"]}}],"collection":[{"href":"https:\/\/www.europesays.com\/no\/wp-json\/wp\/v2\/posts"}],"about":[{"href":"https:\/\/www.europesays.com\/no\/wp-json\/wp\/v2\/types\/post"}],"author":[{"embeddable":true,"href":"https:\/\/www.europesays.com\/no\/wp-json\/wp\/v2\/users\/2"}],"replies":[{"embeddable":true,"href":"https:\/\/www.europesays.com\/no\/wp-json\/wp\/v2\/comments?post=247447"}],"version-history":[{"count":0,"href":"https:\/\/www.europesays.com\/no\/wp-json\/wp\/v2\/posts\/247447\/revisions"}],"wp:featuredmedia":[{"embeddable":true,"href":"https:\/\/www.europesays.com\/no\/wp-json\/wp\/v2\/media\/247448"}],"wp:attachment":[{"href":"https:\/\/www.europesays.com\/no\/wp-json\/wp\/v2\/media?parent=247447"}],"wp:term":[{"taxonomy":"category","embeddable":true,"href":"https:\/\/www.europesays.com\/no\/wp-json\/wp\/v2\/categories?post=247447"},{"taxonomy":"post_tag","embeddable":true,"href":"https:\/\/www.europesays.com\/no\/wp-json\/wp\/v2\/tags?post=247447"}],"curies":[{"name":"wp","href":"https:\/\/api.w.org\/{rel}","templated":true}]}}