{"id":247919,"date":"2026-05-26T06:06:11","date_gmt":"2026-05-26T06:06:11","guid":{"rendered":"https:\/\/www.europesays.com\/no\/247919\/"},"modified":"2026-05-26T06:06:11","modified_gmt":"2026-05-26T06:06:11","slug":"hasvik-soroyrocken-arets-soroyrocken-blir-den-siste-nar-vi-mister-kjaerkomment-samferdselstilbud-blir-det-ekstra-vanskelig","status":"publish","type":"post","link":"https:\/\/www.europesays.com\/no\/247919\/","title":{"rendered":"Hasvik, S\u00f8r\u00f8yrocken | \u00c5rets S\u00f8r\u00f8yrocken blir den siste: \u2013 N\u00e5r vi mister kj\u00e6rkomment samferdselstilbud blir det ekstra vanskelig"},"content":{"rendered":"\n<p>Festivalens overstyrmann Ken Arne Brox kunngj\u00f8r dette i en pressemelding, men ikke uten h\u00e5p. Jo da, festivalen legger ned. Men:<\/p>\n<p>\u2013 Vi velger heller \u00e5 kalle det starten p\u00e5 noe nytt.<\/p>\n<p>Festivalen har v\u00e6rt \u00e5rets h\u00f8ydepunkt siden 2012, og har siden den gang ikke v\u00e6rt uten utfordringer.<\/p>\n<p>\u2013 Det meste har blitt dyrere, og n\u00e5r vi mister kj\u00e6rkomment samferdselstilbud blir det ekstra vanskelig.<\/p>\n<p>If\u00f8lge Brox skal fylkeskommunen jobbe med \u00e5 f\u00e5 l\u00f8st utfordringene knyttet til \u00e5rets festival, men uten en permanent l\u00f8sning er det ikke lenger forsvarlig \u00e5 planlegge for framtidige festivaler.<\/p>\n<p>\u2013 Dette gj\u00f8r at vi ikke lenger kan gi festivalen den kvaliteten den fortjener.<\/p>\n<p>S\u00f8r\u00f8yrocken har ingen planer om \u00e5 nedskalere for \u00e5 overleve i en \u00f8konomisk vanskelig tid. I stedet \u00f8nsker de \u00e5 starte noe nytt, og det forsikrer Brox at den kreative gjengen p\u00e5 S\u00f8r\u00f8ya er klar for.<\/p>\n<p>Hva dette blir, gjenst\u00e5r \u00e5 se. Men S\u00f8r\u00f8yrockens dager er talte.<\/p>\n<p>\u2013 Et enstemmig \u00e5rsm\u00f8te var enige om \u00e5 sette et punktum n\u00e5.<\/p>\n","protected":false},"excerpt":{"rendered":"Festivalens overstyrmann Ken Arne Brox kunngj\u00f8r dette i en pressemelding, men ikke uten h\u00e5p. Jo da, festivalen legger&hellip;\n","protected":false},"author":2,"featured_media":247920,"comment_status":"","ping_status":"","sticky":false,"template":"","format":"standard","meta":{"footnotes":"","_share_on_mastodon":"0"},"categories":[10],"tags":[36,20,21,24,25,497,5966,15,410,22,23,13,30,28,29,14,16,216,223,22282,1510,26,27],"class_list":["post-247919","post","type-post","status-publish","format-standard","has-post-thumbnail","category-norge","tag-art","tag-breaking-news","tag-breakingnews","tag-featured-news","tag-featurednews","tag-festival","tag-hasvik","tag-headlines","tag-kultur","tag-latest-news","tag-latestnews","tag-news","tag-no","tag-norge","tag-norway","tag-nyheter","tag-overskrifter","tag-okonomi-og-naeringsliv","tag-samferdsel","tag-soroyrocken","tag-story","tag-top-stories","tag-topstories"],"share_on_mastodon":{"url":"https:\/\/pubeurope.com\/@no\/116639379489578812","error":""},"_links":{"self":[{"href":"https:\/\/www.europesays.com\/no\/wp-json\/wp\/v2\/posts\/247919","targetHints":{"allow":["GET"]}}],"collection":[{"href":"https:\/\/www.europesays.com\/no\/wp-json\/wp\/v2\/posts"}],"about":[{"href":"https:\/\/www.europesays.com\/no\/wp-json\/wp\/v2\/types\/post"}],"author":[{"embeddable":true,"href":"https:\/\/www.europesays.com\/no\/wp-json\/wp\/v2\/users\/2"}],"replies":[{"embeddable":true,"href":"https:\/\/www.europesays.com\/no\/wp-json\/wp\/v2\/comments?post=247919"}],"version-history":[{"count":0,"href":"https:\/\/www.europesays.com\/no\/wp-json\/wp\/v2\/posts\/247919\/revisions"}],"wp:featuredmedia":[{"embeddable":true,"href":"https:\/\/www.europesays.com\/no\/wp-json\/wp\/v2\/media\/247920"}],"wp:attachment":[{"href":"https:\/\/www.europesays.com\/no\/wp-json\/wp\/v2\/media?parent=247919"}],"wp:term":[{"taxonomy":"category","embeddable":true,"href":"https:\/\/www.europesays.com\/no\/wp-json\/wp\/v2\/categories?post=247919"},{"taxonomy":"post_tag","embeddable":true,"href":"https:\/\/www.europesays.com\/no\/wp-json\/wp\/v2\/tags?post=247919"}],"curies":[{"name":"wp","href":"https:\/\/api.w.org\/{rel}","templated":true}]}}