{"id":24793,"date":"2025-09-02T11:07:09","date_gmt":"2025-09-02T11:07:09","guid":{"rendered":"https:\/\/www.europesays.com\/no\/24793\/"},"modified":"2025-09-02T11:07:09","modified_gmt":"2025-09-02T11:07:09","slug":"australia-pels-australia-barneklaer-solgt-som-saueskinn-var-laget-av-kattepels","status":"publish","type":"post","link":"https:\/\/www.europesays.com\/no\/24793\/","title":{"rendered":"Australia, Pels | Australia: Barnekl\u00e6r solgt som saueskinn var laget av kattepels"},"content":{"rendered":"\n<p>Australske forbrukere er rystet etter sommerens nyheter om at en barnevest solgt som saueskinn viste seg \u00e5 v\u00e6re laget av pels fra to tamkatter og kaniner. Vesten ble solgt av motemerket Suttons UGG i et kj\u00f8pesenter i Melbourne, melder New York Post.<\/p>\n<p>Unders\u00f8kelsen ble gjennomf\u00f8rt av interesseorganisasjonen Collective Fashion Justice sammen med Animal Justice Party, som sendte produktet til det britiske analyseselskapet Microtex for testing. Resultatet viste at vesten var fullstendig feilmerket.<\/p>\n<p>\u2013 Denne vesten har \u00e9n kattehud foran, en annen kattehud bak, samt kaninpels, sier Emma Hakansson, grunnlegger av Collective Fashion Justice, til <a href=\"https:\/\/nypost.com\/2025\/06\/23\/lifestyle\/shoppers-horrified-after-learning-sheepskin-vest-actually-made-of-cats\/?utm_source=chatgpt.com\" rel=\"Follow nofollow noopener\" target=\"_blank\">New York Post<\/a>.<\/p>\n<p>  <a href=\"https:\/\/www.nationen.no\/5-148-782727\" class=\"related-teaser has-image default-story-teaser article--c-eRUmMG article--c-eRUmMG-jKCPdD-design-default\" rel=\"nofollow noopener\" target=\"_blank\"><\/p>\n<p>    <img decoding=\"async\" loading=\"lazy\"  src=\"https:\/\/www.europesays.com\/no\/wp-content\/uploads\/2025\/09\/cueres_scp-mangler_navn_Ed_68hc9bzo.jpg\" alt=\"\" class=\"brick-c-cFOWSL\" style=\"\"\/><\/p>\n<p>\n            Les ogs\u00e5<\/p>\n<p>              Hevder tusenvis av liv kan spares ved \u00e5 kutte \u00e9n type avgift\n        <\/p>\n<p>  <\/a><br \/>\n  Rev og vaskebj\u00f8rn<\/p>\n<p>Testene avdekket ogs\u00e5 at to luer kj\u00f8pt p\u00e5 Queen Victoria Market hadde dusker laget av rev- og vaskebj\u00f8rnpels, til tross for at de var merket som 100 prosent akryl.<\/p>\n<p>Suttons UGG innr\u00f8mmet overfor Australian Broadcasting Corporation at merkingen p\u00e5 vesten var \u00abfeil\u00bb, if\u00f8lge <a href=\"https:\/\/www.the-independent.com\/news\/world\/australasia\/victoria-cat-fur-sheep-wool-suttons-ugg-b2773095.html?utm\" rel=\"Follow nofollow noopener\" target=\"_blank\">The Independent<\/a>. En talsperson sa de hadde f\u00e5tt beskjed fra produsenten om at vesten var laget av en \u00abspesiell type pels\u00bb, og selskapet kunne ikke \u00ab100 prosent bekrefte\u00bb om det inkluderte katt.<\/p>\n<p>\u2013 Enhver viktorianer ville v\u00e6rt sjokkert over \u00e5 vite at de kunne g\u00e5 til butikken og ved et uhell kj\u00f8pe noe laget av kattepels, n\u00e5r de kanskje har en katt hjemme selv, sier Hakansson til The Independent.<\/p>\n<p>I Norge mener dyrevernorganisasjonen Noah at funnene m\u00e5 f\u00e5 f\u00f8lger.<\/p>\n<p>\u00abPels fra hunder og katter stammer ofte fra kj\u00f8tt- og pelsfarmer i Kina, hvor de stues sammen i trange bur \u2013 og hvor de risikerer \u00e5 bli fl\u00e5dd levende. Likevel er det i Norge fremdeles lov \u00e5 importere pels \u2013 ogs\u00e5 fra hund og katt, og kl\u00e6r med pels er ikke n\u00f8dvendigvis merket med hvilket dyr pelsen kommer fra \u2013 men uansett kan man v\u00e6re sikker p\u00e5 at all pels har p\u00e5f\u00f8rt dyr store lidelser\u00bb, skriver de p\u00e5 Facebook.<\/p>\n<p>\u00abNOAH \u00f8nsker et globalt forbud mot pelsfarming, for \u00e5 f\u00e5 slutt p\u00e5 lidelsene som millioner av dyr blir utsatt for. Da er Norge n\u00f8dt til \u00e5 slutte \u00e5 finansiere dyremishandling i andre land \u2013 og forby import av all pels\u00bb.<\/p>\n<p>  <a href=\"https:\/\/www.nationen.no\/5-148-782775\" class=\"related-teaser has-image default-story-teaser article--c-eRUmMG article--c-eRUmMG-jKCPdD-design-default\" rel=\"nofollow noopener\" target=\"_blank\"><\/p>\n<p>    <img decoding=\"async\" loading=\"lazy\"  src=\"https:\/\/www.europesays.com\/no\/wp-content\/uploads\/2025\/09\/01Fasade_3+%281%29.jpg\" alt=\"\" class=\"brick-c-cFOWSL\" style=\"\"\/><\/p>\n<p>\n            Les ogs\u00e5<\/p>\n<p>              G\u00e5rd 17 minutter fra Oslo S til salgs for 20 millioner\n        <\/p>\n<p>  <\/a><br \/>\n  Forbud siden 2004<\/p>\n<p>Dette er ikke f\u00f8rste gang slike funn er gjort. Consumer Affairs Victoria fant i 2020 at alle pelsprodukter de testet var feilmerket, og pelsselgere ble utstedt advarsler. Den australske regjeringen forb\u00f8d import og eksport av katte- og hundepels allerede i 2004, skriver The Independent.<\/p>\n<p>Georgie Purcell, parlamentsmedlem for Animal Justice Party i Nord-Victoria, krever n\u00e5 totalforbud mot pelssalg.<\/p>\n<p>\u2013 Budskapet fra samfunnet kunne ikke v\u00e6rt klarere \u2013 pels er ute av moten. Enten det er katt, hund, kanin eller rev \u2013 det konstante er at det hele er grusomt, sier hun til The Independent.<\/p>\n<p>  <a href=\"https:\/\/www.nationen.no\/5-148-782858\" class=\"related-teaser has-image default-story-teaser article--c-eRUmMG article--c-eRUmMG-jKCPdD-design-default\" rel=\"nofollow noopener\" target=\"_blank\"><\/p>\n<p>    <img decoding=\"async\" loading=\"lazy\"  src=\"https:\/\/www.europesays.com\/no\/wp-content\/uploads\/2025\/09\/TorleivCarlsen1.jpg\" alt=\"\" class=\"brick-c-cFOWSL\" style=\"\"\/><\/p>\n<p>\n            Les ogs\u00e5<\/p>\n<p>              Boom av unge b\u00f8nder: St\u00f8rste auke p\u00e5 25 \u00e5r\n        <\/p>\n<p>  <\/a><\/p>\n","protected":false},"excerpt":{"rendered":"Australske forbrukere er rystet etter sommerens nyheter om at en barnevest solgt som saueskinn viste seg \u00e5 v\u00e6re&hellip;\n","protected":false},"author":2,"featured_media":24794,"comment_status":"","ping_status":"","sticky":false,"template":"","format":"standard","meta":{"footnotes":""},"categories":[10],"tags":[36,47,20,21,24,25,15,3959,22,23,13,30,28,29,14,16,3296,1510,26,27,42],"class_list":{"0":"post-24793","1":"post","2":"type-post","3":"status-publish","4":"format-standard","5":"has-post-thumbnail","7":"category-norge","8":"tag-art","9":"tag-australia","10":"tag-breaking-news","11":"tag-breakingnews","12":"tag-featured-news","13":"tag-featurednews","14":"tag-headlines","15":"tag-klesindustri","16":"tag-latest-news","17":"tag-latestnews","18":"tag-news","19":"tag-no","20":"tag-norge","21":"tag-norway","22":"tag-nyheter","23":"tag-overskrifter","24":"tag-pels","25":"tag-story","26":"tag-top-stories","27":"tag-topstories","28":"tag-verden"},"share_on_mastodon":{"url":"","error":""},"_links":{"self":[{"href":"https:\/\/www.europesays.com\/no\/wp-json\/wp\/v2\/posts\/24793","targetHints":{"allow":["GET"]}}],"collection":[{"href":"https:\/\/www.europesays.com\/no\/wp-json\/wp\/v2\/posts"}],"about":[{"href":"https:\/\/www.europesays.com\/no\/wp-json\/wp\/v2\/types\/post"}],"author":[{"embeddable":true,"href":"https:\/\/www.europesays.com\/no\/wp-json\/wp\/v2\/users\/2"}],"replies":[{"embeddable":true,"href":"https:\/\/www.europesays.com\/no\/wp-json\/wp\/v2\/comments?post=24793"}],"version-history":[{"count":0,"href":"https:\/\/www.europesays.com\/no\/wp-json\/wp\/v2\/posts\/24793\/revisions"}],"wp:featuredmedia":[{"embeddable":true,"href":"https:\/\/www.europesays.com\/no\/wp-json\/wp\/v2\/media\/24794"}],"wp:attachment":[{"href":"https:\/\/www.europesays.com\/no\/wp-json\/wp\/v2\/media?parent=24793"}],"wp:term":[{"taxonomy":"category","embeddable":true,"href":"https:\/\/www.europesays.com\/no\/wp-json\/wp\/v2\/categories?post=24793"},{"taxonomy":"post_tag","embeddable":true,"href":"https:\/\/www.europesays.com\/no\/wp-json\/wp\/v2\/tags?post=24793"}],"curies":[{"name":"wp","href":"https:\/\/api.w.org\/{rel}","templated":true}]}}