{"id":247980,"date":"2026-05-26T07:30:11","date_gmt":"2026-05-26T07:30:11","guid":{"rendered":"https:\/\/www.europesays.com\/no\/247980\/"},"modified":"2026-05-26T07:30:11","modified_gmt":"2026-05-26T07:30:11","slug":"ran-stavanger-ungdom-ranet-i-stavanger-tre-pagrepet","status":"publish","type":"post","link":"https:\/\/www.europesays.com\/no\/247980\/","title":{"rendered":"Ran, Stavanger | Ungdom ranet i Stavanger \u2013 tre p\u00e5grepet"},"content":{"rendered":"\n<p><b>STAVANGER: <\/b>\u2013 Forn\u00e6rmede opplyste at han hadde f\u00e5tt en del juling og var truet med en pistol mot hodet, skrev operasjonsleder Steinar Knudsen i S\u00f8r-Vest politidistrikt i politiloggen mandag kveld.<\/p>\n<p>Det var totalt fire gjerningspersoner som var maskerte og brukte hansker da de ranet til seg en jakke, bankkort og mobiltelefon.<\/p>\n<p>Alle de involverte er mellom 17 og 20 \u00e5r, skriver Knudsen.<\/p>\n<p><b>\u2013 Etter noe etterforskning fant politiet fram til en leilighet i omr\u00e5det hvor fire personer oppholdt seg. De passet til beskrivelsene som var gitt, og det ble ogs\u00e5 gjort funn av jakken til forn\u00e6rmede, samt en softgun, skriver han.<\/b><\/p>\n<p>Den forn\u00e6rmede ble unders\u00f8kt p\u00e5 legevakten, men ble overf\u00f8rt til Stavanger sentralsjukehus med uvisst skadeomfang.<\/p>\n<p>Politiet \u00e5pnet etterforskning av saken og overf\u00f8rte mandag kveld tre av de siktede til arresten, mens den fjerde ble returnert til barnevernet som allerede hadde omsorg for vedkommende.<\/p>\n<p><b>\u2013 Vedkommende beholder sin status som mistenkt i saken, skriver Knudsen.<\/b><\/p>\n","protected":false},"excerpt":{"rendered":"STAVANGER: \u2013 Forn\u00e6rmede opplyste at han hadde f\u00e5tt en del juling og var truet med en pistol mot&hellip;\n","protected":false},"author":2,"featured_media":247981,"comment_status":"","ping_status":"","sticky":false,"template":"","format":"standard","meta":{"footnotes":"","_share_on_mastodon":"0"},"categories":[10],"tags":[36,20,21,24,25,15,22,23,13,30,28,29,14,16,3878,1306,1510,26,27,22284],"class_list":["post-247980","post","type-post","status-publish","format-standard","has-post-thumbnail","category-norge","tag-art","tag-breaking-news","tag-breakingnews","tag-featured-news","tag-featurednews","tag-headlines","tag-latest-news","tag-latestnews","tag-news","tag-no","tag-norge","tag-norway","tag-nyheter","tag-overskrifter","tag-ran","tag-stavanger","tag-story","tag-top-stories","tag-topstories","tag-ungdomsran"],"share_on_mastodon":{"url":"https:\/\/pubeurope.com\/@no\/116639709733469798","error":""},"_links":{"self":[{"href":"https:\/\/www.europesays.com\/no\/wp-json\/wp\/v2\/posts\/247980","targetHints":{"allow":["GET"]}}],"collection":[{"href":"https:\/\/www.europesays.com\/no\/wp-json\/wp\/v2\/posts"}],"about":[{"href":"https:\/\/www.europesays.com\/no\/wp-json\/wp\/v2\/types\/post"}],"author":[{"embeddable":true,"href":"https:\/\/www.europesays.com\/no\/wp-json\/wp\/v2\/users\/2"}],"replies":[{"embeddable":true,"href":"https:\/\/www.europesays.com\/no\/wp-json\/wp\/v2\/comments?post=247980"}],"version-history":[{"count":0,"href":"https:\/\/www.europesays.com\/no\/wp-json\/wp\/v2\/posts\/247980\/revisions"}],"wp:featuredmedia":[{"embeddable":true,"href":"https:\/\/www.europesays.com\/no\/wp-json\/wp\/v2\/media\/247981"}],"wp:attachment":[{"href":"https:\/\/www.europesays.com\/no\/wp-json\/wp\/v2\/media?parent=247980"}],"wp:term":[{"taxonomy":"category","embeddable":true,"href":"https:\/\/www.europesays.com\/no\/wp-json\/wp\/v2\/categories?post=247980"},{"taxonomy":"post_tag","embeddable":true,"href":"https:\/\/www.europesays.com\/no\/wp-json\/wp\/v2\/tags?post=247980"}],"curies":[{"name":"wp","href":"https:\/\/api.w.org\/{rel}","templated":true}]}}