{"id":248173,"date":"2026-05-26T11:13:13","date_gmt":"2026-05-26T11:13:13","guid":{"rendered":"https:\/\/www.europesays.com\/no\/248173\/"},"modified":"2026-05-26T11:13:13","modified_gmt":"2026-05-26T11:13:13","slug":"trafikk-bybanen-kollisjon-mellom-bybanen-og-ambulanse","status":"publish","type":"post","link":"https:\/\/www.europesays.com\/no\/248173\/","title":{"rendered":"Trafikk, Bybanen | Kollisjon mellom Bybanen og ambulanse"},"content":{"rendered":"\n<p>Tirsdag ettermiddag har det v\u00e6rt et sammenst\u00f8t mellom Bybanen og en ambulansebil p\u00e5 Danmarks plass.<\/p>\n<p>Politiet ble varslet klokken 1233.<\/p>\n<p><b>\u2013 Det er opplyst at det skal ikke v\u00e6re personskader, verken p\u00e5 Bybanen eller de som satt i ambulansen, opplyser Knut Dahl-Michelsen i Vest politidistrikt.<\/b><\/p>\n<p>Store ressurser fra n\u00f8detatene har rykket ut.<\/p>\n<p>Vaktleder ved 110-sentralen, Jostein Steinsland-Hauge, forteller at brannvesenet bist\u00e5r med sikring av skadested, kj\u00f8ret\u00f8y og bane.<\/p>\n<p>   <img decoding=\"async\" width=\"1560\" height=\"1170\" fetchpriority=\"low\"  loading=\"lazy\"  src=\"https:\/\/www.europesays.com\/no\/wp-content\/uploads\/2026\/05\/IMG_9737 %282%29.jpg\" alt=\"\" class=\"brick-c-cFOWSL\" style=\"--brick-image-ratio: 1560 \/ 1170;\"\/><\/p>\n<p>      Alle n\u00f8detatene er p\u00e5 stedet.<br \/>\n      Foto: BA-tipser\n    <\/p>\n<p>  \u2013 Mye k\u00f8<\/p>\n<p>Det er lange k\u00f8er p\u00e5 stedet.<\/p>\n<p>Alle felt i nordg\u00e5ende retning var stengt en periode. 1309 er alle felt \u00e5pnet opp igjen.<\/p>\n<p><b>\u2013 Fremdeles mye k\u00f8 og trafikale utfordringer, opplyser Dahl-Michelsen.<\/b><\/p>\n<p>   <img decoding=\"async\" width=\"4032\" height=\"3024\" fetchpriority=\"low\"  loading=\"lazy\"  src=\"https:\/\/www.europesays.com\/no\/wp-content\/uploads\/2026\/05\/IMG_2279.jpeg\" alt=\"\" class=\"brick-c-cFOWSL\" style=\"--brick-image-ratio: 4032 \/ 3024;\"\/><\/p>\n<p>      Ulykken for\u00e5rsaker stans i trafikken nordover.<br \/>\n      Foto: Steffen Opheim\n    <\/p>\n<p>Ibsens gate er helt stengt.<\/p>\n<p>\u2013 I s\u00f8rg\u00e5ende retning p\u00e5 E39 flyter trafikken greit, sier trafikkoperat\u00f8r Tom Hansen.<\/p>\n<p>\u2013 Br\u00e5bremset plutselig<\/p>\n<p>Sigve Brix Dyrhovden var p\u00e5 vei til Nesttun da det smalt.<\/p>\n<p>\u2013 Det bremset plutselig veldig br\u00e5tt, og da skj\u00f8nte jeg at det var mer alvorlig, sier han til BA.<\/p>\n<p>   <img decoding=\"async\" width=\"4128\" height=\"2752\" fetchpriority=\"low\"  loading=\"lazy\"  src=\"https:\/\/www.europesays.com\/no\/wp-content\/uploads\/2026\/05\/EH8_1078.JPG\" alt=\"\" class=\"brick-c-cFOWSL\" style=\"--brick-image-ratio: 4128 \/ 2752;\"\/><\/p>\n<p>      Sigve Brix Dyrhovden fikk en ubehagelig opplevelse da han tok Bybanen tirsdag ettermiddag.<br \/>\n      Foto: EIRIK HAGES\u00c6TER\n    <\/p>\n<p>Det var i krysset p\u00e5 Danmarks plass at fronten til Bybanen traff siden p\u00e5 en ambulanse, forteller han.<\/p>\n<p>Dyrhovden satt bak i vognen og sier det fremsto som at ingen ble alvorlig skadet.<\/p>\n<p>\u2013 Men det var jo litt ekkelt. Det virket som at sj\u00e5f\u00f8ren ble ganske rystet av opplevelsen.<\/p>\n<p>P\u00e5 stedet kan man tydelig se hvordan ruten p\u00e5 Bybanens front er knust.<\/p>\n<p>Driftsstans p\u00e5 linje 1<\/p>\n<p>Det er full stans p\u00e5 Bybanen linje 1 mellom Bergen lufthavn og sentrum inntil videre.<\/p>\n<p>\u2013 Bybanen st\u00e5r, men vi har f\u00e5tt beskjed om at de snart skal begynne \u00e5 kj\u00f8re omkj\u00f8ring via Haukeland, sier Ingrid Dreyer, pressevakt i Skyss.<\/p>\n<p>   <img decoding=\"async\" width=\"2688\" height=\"1792\" fetchpriority=\"low\"  loading=\"lazy\"  src=\"https:\/\/www.europesays.com\/no\/wp-content\/uploads\/2026\/05\/EH9_2066.jpg\" alt=\"\" class=\"brick-c-cFOWSL\" style=\"--brick-image-ratio: 2688 \/ 1792;\"\/><\/p>\n<p>      Ambulansen blir fraktet bort av bergingsbil.<br \/>\n      Foto: EIRIK HAGES\u00c6TER\n    <\/p>\n<p>Holdeplassene Nyg\u00e5rd, Florida og Danmarks plass p\u00e5 linje 1 er ikke i bruk. Man kan bruke perrong C og D p\u00e5 Bergen busstasjon, og E og F p\u00e5 Kronstad.<\/p>\n<p>\u2013 Vi h\u00e5per at dette l\u00f8ser seg snart, men det er n\u00f8detatene som avgj\u00f8r n\u00e5r det \u00e5pnes igjen.<\/p>\n<p>Reisealternativ til\/fra sentrum:<\/p>\n<ul>\n<li>Birkelandsskiftet: Linje 50E over Sandsli. Linje 51 over Kokstad.<\/li>\n<li>Lagunen: Linje 67 og 600.<\/li>\n<li>Nesttun: Linje 83. Linje 16E over Haukeland sjukehus.<\/li>\n<li>Sletten: Linje 5.<\/li>\n<li>Wergeland: Linje 83. Linje 10 over Solheimslien.<\/li>\n<li>Kronstad: Bybanelinje 2.<\/li>\n<li>Danmarks plass: Linje 14, 51, 67, 83, 600.<\/li>\n<li>Florida og Nyg\u00e5rd: Linje 12.<\/li>\n<\/ul>\n<p>   <img decoding=\"async\" width=\"1942\" height=\"1544\" fetchpriority=\"low\"  loading=\"lazy\"  src=\"https:\/\/www.europesays.com\/no\/wp-content\/uploads\/2026\/05\/IMG_9194.jpeg\" alt=\"\" class=\"brick-c-cFOWSL\" style=\"--brick-image-ratio: 1942 \/ 1544;\"\/><\/p>\n","protected":false},"excerpt":{"rendered":"Tirsdag ettermiddag har det v\u00e6rt et sammenst\u00f8t mellom Bybanen og en ambulansebil p\u00e5 Danmarks plass. Politiet ble varslet&hellip;\n","protected":false},"author":2,"featured_media":248174,"comment_status":"","ping_status":"","sticky":false,"template":"","format":"standard","meta":{"footnotes":"","_share_on_mastodon":"0"},"categories":[10],"tags":[36,20,21,3942,12981,24,25,15,22,23,13,30,28,29,14,16,1510,26,27,224],"class_list":["post-248173","post","type-post","status-publish","format-standard","has-post-thumbnail","category-norge","tag-art","tag-breaking-news","tag-breakingnews","tag-bybanen","tag-danmarks-plass","tag-featured-news","tag-featurednews","tag-headlines","tag-latest-news","tag-latestnews","tag-news","tag-no","tag-norge","tag-norway","tag-nyheter","tag-overskrifter","tag-story","tag-top-stories","tag-topstories","tag-trafikk"],"share_on_mastodon":{"url":"https:\/\/pubeurope.com\/@no\/116640587174604236","error":""},"_links":{"self":[{"href":"https:\/\/www.europesays.com\/no\/wp-json\/wp\/v2\/posts\/248173","targetHints":{"allow":["GET"]}}],"collection":[{"href":"https:\/\/www.europesays.com\/no\/wp-json\/wp\/v2\/posts"}],"about":[{"href":"https:\/\/www.europesays.com\/no\/wp-json\/wp\/v2\/types\/post"}],"author":[{"embeddable":true,"href":"https:\/\/www.europesays.com\/no\/wp-json\/wp\/v2\/users\/2"}],"replies":[{"embeddable":true,"href":"https:\/\/www.europesays.com\/no\/wp-json\/wp\/v2\/comments?post=248173"}],"version-history":[{"count":0,"href":"https:\/\/www.europesays.com\/no\/wp-json\/wp\/v2\/posts\/248173\/revisions"}],"wp:featuredmedia":[{"embeddable":true,"href":"https:\/\/www.europesays.com\/no\/wp-json\/wp\/v2\/media\/248174"}],"wp:attachment":[{"href":"https:\/\/www.europesays.com\/no\/wp-json\/wp\/v2\/media?parent=248173"}],"wp:term":[{"taxonomy":"category","embeddable":true,"href":"https:\/\/www.europesays.com\/no\/wp-json\/wp\/v2\/categories?post=248173"},{"taxonomy":"post_tag","embeddable":true,"href":"https:\/\/www.europesays.com\/no\/wp-json\/wp\/v2\/tags?post=248173"}],"curies":[{"name":"wp","href":"https:\/\/api.w.org\/{rel}","templated":true}]}}