{"id":248299,"date":"2026-05-26T13:35:10","date_gmt":"2026-05-26T13:35:10","guid":{"rendered":"https:\/\/www.europesays.com\/no\/248299\/"},"modified":"2026-05-26T13:35:10","modified_gmt":"2026-05-26T13:35:10","slug":"ffk-sport-etter-rojkjaer-debuten-na-ma-noen-snart-finne-frem-en-voodoo-dukke-fredriksstad-blad","status":"publish","type":"post","link":"https:\/\/www.europesays.com\/no\/248299\/","title":{"rendered":"FFK, Sport | Etter R\u00f8jkj\u00e6r-debuten: \u2013 N\u00e5 m\u00e5 noen snart finne frem en voodoo-dukke &#8211; Fredriksstad Blad"},"content":{"rendered":"<ol>\n<li><a href=\"https:\/\/news.google.com\/rss\/articles\/CBMioAFBVV95cUxNOGZROWFrbHprNUhTYWNxdFdfTWdpdThMMVQ5ZGR5NEhsWExRdHNEdHlUNmhEd2NFVWhJY3YxVmY5R3dudDlBWHlpZkFlQWZ1ZEItdk84NU5uUGQ1T3pXODVocGNodjd0VEV5TVJvQXc2aTVUSlJ3SzNtXzZJYTZvRGRBaTAyZUE4LUc4ZmhNcHZnOXAyV25QSzZKXzFuVEEt?oc=5\" target=\"_blank\" rel=\"nofollow noopener\">FFK, Sport | Etter R\u00f8jkj\u00e6r-debuten: \u2013 N\u00e5 m\u00e5 noen snart finne frem en voodoo-dukke<\/a>&nbsp;&nbsp;Fredriksstad Blad<\/li>\n<li><a href=\"https:\/\/news.google.com\/rss\/articles\/CBMiXEFVX3lxTE1DMmQzUGNvRC1LWHhDXzNaUm96NFRPSjcxVHR2OGtmZXFnUFJxeWlVY25ydDZuZlR1Skc2UldpY2hocUlMVXZXVmpFZWw4YkJVcWJWV2hsTVBON0Zt?oc=5\" target=\"_blank\" rel=\"nofollow noopener\">Kalddusj<\/a>&nbsp;&nbsp;Dagbladet<\/li>\n<li><a href=\"https:\/\/news.google.com\/rss\/articles\/CBMimAFBVV95cUxPZ3VTS2FaRmtFeWtpOG45WXZ6eVhFOUh1OWR2bWRlYllYSVhYXzRpd19TSTRBTTZFRGZHNDZNdHlidW5HaWVMLWctaFJBZ1VJV21SYlhMNWx2NVh3WG5IS05iRkFjejgzYmRqbEg2TlRaQXVYZ29CeHRFaUM2cHludlJ5VEpQOXhGc2FramhPOWhKSDhjbEgzTQ?oc=5\" target=\"_blank\" rel=\"nofollow noopener\">D\u00f8dsfall, Befolkning | D\u00f8dsfall: Disse har nylig g\u00e5tt bort i Fredrikstad-distriktet<\/a>&nbsp;&nbsp;Fredriksstad Blad<\/li>\n<li><a href=\"https:\/\/news.google.com\/rss\/articles\/CBMifEFVX3lxTE9OR1E0cmdRRnFHNkdReFl1S2hVUDd4ZW4wUzlab1BOdHZhZlMweHdUWHQ4R2RZbnpvT2lfNjVqY0hCeFdyQUdkNnB2SkxYNHBQaTlWLVBBcXRYY3ZFQzRnMWpWRHc4NjJZOWNBM2QtSFZoVTd1dlgyRmwzT20?oc=5\" target=\"_blank\" rel=\"nofollow noopener\">Angrer p\u00e5 valget: \u2013 Verdens feteste jobb<\/a>&nbsp;&nbsp;TV2.no<\/li>\n<li><a href=\"https:\/\/news.google.com\/rss\/articles\/CBMic0FVX3lxTE9wYjJ1QWV2bFFrYjNfdGNNUDVueUc1cmkxZmw0MTRUMEFFc1hMUnhSQk1hdW9GN2taZ1hGcHBydXpxOENuM1QzTTgyOENxQkUyeTdSRHU5dEpZMDc0bWFYdVZXNVJ1ZmxyQXc1TjBPVzc5TUU?oc=5\" target=\"_blank\" rel=\"nofollow noopener\">Kastet bort seieren: \u2013 Vi blir for feige<\/a>&nbsp;&nbsp;Sandefjords Blad<\/li>\n<\/ol>\n","protected":false},"excerpt":{"rendered":"FFK, Sport | Etter R\u00f8jkj\u00e6r-debuten: \u2013 N\u00e5 m\u00e5 noen snart finne frem en voodoo-dukke&nbsp;&nbsp;Fredriksstad Blad Kalddusj&nbsp;&nbsp;Dagbladet D\u00f8dsfall, Befolkning&hellip;\n","protected":false},"author":2,"featured_media":248300,"comment_status":"","ping_status":"","sticky":false,"template":"","format":"standard","meta":{"footnotes":"","_share_on_mastodon":"0"},"categories":[59],"tags":[36,22216,513,2394,30,28,29,83,82,1510],"class_list":["post-248299","post","type-post","status-publish","format-standard","has-post-thumbnail","category-sport","tag-art","tag-casper-rojkjaer","tag-ffk","tag-fotballmagasinet","tag-no","tag-norge","tag-norway","tag-sport","tag-sports","tag-story"],"share_on_mastodon":{"url":"https:\/\/pubeurope.com\/@no\/116641144914787708","error":""},"_links":{"self":[{"href":"https:\/\/www.europesays.com\/no\/wp-json\/wp\/v2\/posts\/248299","targetHints":{"allow":["GET"]}}],"collection":[{"href":"https:\/\/www.europesays.com\/no\/wp-json\/wp\/v2\/posts"}],"about":[{"href":"https:\/\/www.europesays.com\/no\/wp-json\/wp\/v2\/types\/post"}],"author":[{"embeddable":true,"href":"https:\/\/www.europesays.com\/no\/wp-json\/wp\/v2\/users\/2"}],"replies":[{"embeddable":true,"href":"https:\/\/www.europesays.com\/no\/wp-json\/wp\/v2\/comments?post=248299"}],"version-history":[{"count":0,"href":"https:\/\/www.europesays.com\/no\/wp-json\/wp\/v2\/posts\/248299\/revisions"}],"wp:featuredmedia":[{"embeddable":true,"href":"https:\/\/www.europesays.com\/no\/wp-json\/wp\/v2\/media\/248300"}],"wp:attachment":[{"href":"https:\/\/www.europesays.com\/no\/wp-json\/wp\/v2\/media?parent=248299"}],"wp:term":[{"taxonomy":"category","embeddable":true,"href":"https:\/\/www.europesays.com\/no\/wp-json\/wp\/v2\/categories?post=248299"},{"taxonomy":"post_tag","embeddable":true,"href":"https:\/\/www.europesays.com\/no\/wp-json\/wp\/v2\/tags?post=248299"}],"curies":[{"name":"wp","href":"https:\/\/api.w.org\/{rel}","templated":true}]}}