{"id":24831,"date":"2025-09-02T11:44:14","date_gmt":"2025-09-02T11:44:14","guid":{"rendered":"https:\/\/www.europesays.com\/no\/24831\/"},"modified":"2025-09-02T11:44:14","modified_gmt":"2025-09-02T11:44:14","slug":"politi-kripos-politiet-advarer-om-rekruttering-av-barn","status":"publish","type":"post","link":"https:\/\/www.europesays.com\/no\/24831\/","title":{"rendered":"Politi, Kripos | Politiet advarer om rekruttering av barn"},"content":{"rendered":"\n<p>Disse milj\u00f8ene opererer p\u00e5 sosiale medier, i spill og i \u00e5pne st\u00f8ttegrupper for psykisk helse. Det skriver politiet i en pressemelding tirsdag.<\/p>\n<p>\u2013 Vi har sett en \u00f8kning av saker b\u00e5de internasjonalt og i Norge. Norsk ungdom blir utnyttet i disse ekstreme nettsamfunnene, men vi ser ogs\u00e5 norske unge som selv blir gjerningspersoner. N\u00e5 ber vi om hjelp til \u00e5 forebygge at ungdom trekkes inn i disse sv\u00e6rt destruktive milj\u00f8ene, sier seksjonsleder Lise Matheson i Kripos.<\/p>\n<p>Politiet mener at form\u00e5let til nettverkene ofte er \u00e5 bryte samfunnsnormer og samtidig normalisere vold. P\u00e5 sikt vil de p\u00e5virke mindre\u00e5rige til \u00e5 beg\u00e5 voldshandlinger. Gjerningspersonene bruker omsorg, oppmerksomhet og manipulasjon for \u00e5 trekke barn inn i milj\u00f8ene, mener Kripos.<\/p>\n<p>Virker ufarlig<\/p>\n<p>\u2013 Vi i politiet kan ikke forebygge at ungdom blir trykket inn i ekstreme nettsamfunn alene. Vi trenger alle gode krefter, og derfor har politiet samlet informasjon om fenomenet p\u00e5 v\u00e5re nettsider. Kunnskap beskytter, sier Kripos-seksjonslederen.<\/p>\n<p>Hun mener foreldre, l\u00e6rere og andre voksne m\u00e5 dokumentere bekymringer og varsle n\u00e5r barn er i fare. Derfor sier hun politiet n\u00e5 deler kunnskapen bredt, slik at flere kan gjenkjenne faresignaler og bidra til \u00e5 beskytte barn og unge.<\/p>\n<p>Kripos forteller at rekrutteringen ofte starter ufarlig, med vennlig kontakt og omsorg. Etter hvert utvikler relasjonen seg til press, trusler og utpressing. Barn kan da bli tvunget til alvorlige handlinger som selvskading, seksuelle handlinger, vold mot dyr eller mennesker, eller \u00e5 spre ekstremistisk innhold. Alt blir dokumentert og delt videre i milj\u00f8ene.<\/p>\n<p>Se faresignalene<\/p>\n<p>Mange av gjerningspersonene i slike saker har liten eller ingen straffehistorikk, if\u00f8lge Kripos. Derfor mener de det er ekstra viktig at voksne oppdager faresignalene, som de har listet opp:<\/p>\n<ul>\n<li>hemmelighold om nettbruk<\/li>\n<li>\u00f8kt isolasjon og hum\u00f8rsvingninger<\/li>\n<li>interesse for vold eller symbolbruk knyttet til ekstreme milj\u00f8er<\/li>\n<\/ul>\n<p>\u2013 Foreldre, l\u00e6rere og andre voksne m\u00e5 v\u00e6re \u00e5pne, tilgjengelige og trygge \u00e5 snakke med. Det viktigste er \u00e5 lytte uten \u00e5 d\u00f8mme, stille nysgjerrige sp\u00f8rsm\u00e5l og tidlig s\u00f8ke hjelp hos skole, helsesykepleier eller politiet, dersom man er bekymret, sier Matheson.<\/p>\n<p>Omfanget er vanskelig \u00e5 tallfeste<\/p>\n<p>Politiet sier de vet at ungdom i Norge b\u00e5de blir utnyttet \u2013 og selv utnytter andre \u2013 i ekstreme nettsamfunn.<\/p>\n<p>Kripos sier de ikke har noen samlet oversikt over omfanget av saker i Norge, og viser til at det er en rekke ulike kriminalitetstyper som g\u00e5r inn i disse sakene. Alt fra seksuelle overgrep til bilbranner. Det mener de vanskeliggj\u00f8r henting av tall.<\/p>\n<p>\u2013 Men vi ser at omfanget \u00f8ker. Derfor g\u00e5r vi n\u00e5 ut med kunnskap for \u00e5 f\u00e5 hjelp til \u00e5 forebygge at barn og unge blir dratt inn i slike ekstreme nettsamfunn, poengterer seksjonslederen.<\/p>\n<p>Et bredt og alvorlig fenomen<\/p>\n<p>Politiet \u00f8nsker ikke \u00e5 fremheve enkeltsaker eller spesifikke grupper, men peker p\u00e5 fellestrekk mellom disse nettsamfunnene.<\/p>\n<p>\u2013 Vi sprer n\u00e5 informasjon gjennom b\u00e5de sosiale medier, tradisjonelle medier og direkte til samarbeidspartnere i det offentlige. B\u00e5de ofrene og gjerningspersonene i disse milj\u00f8ene er ofte unge. Derfor er det avgj\u00f8rende at voksne f\u00f8lger med, stiller sp\u00f8rsm\u00e5l og griper inn tidlig for \u00e5 beskytte barn og unge mot utnyttelse.<\/p>\n","protected":false},"excerpt":{"rendered":"Disse milj\u00f8ene opererer p\u00e5 sosiale medier, i spill og i \u00e5pne st\u00f8ttegrupper for psykisk helse. Det skriver politiet&hellip;\n","protected":false},"author":2,"featured_media":24832,"comment_status":"","ping_status":"","sticky":false,"template":"","format":"standard","meta":{"footnotes":""},"categories":[10],"tags":[36,20,21,24,25,15,1957,22,23,13,30,28,29,14,16,254,1510,26,27,3961],"class_list":{"0":"post-24831","1":"post","2":"type-post","3":"status-publish","4":"format-standard","5":"has-post-thumbnail","7":"category-norge","8":"tag-art","9":"tag-breaking-news","10":"tag-breakingnews","11":"tag-featured-news","12":"tag-featurednews","13":"tag-headlines","14":"tag-kripos","15":"tag-latest-news","16":"tag-latestnews","17":"tag-news","18":"tag-no","19":"tag-norge","20":"tag-norway","21":"tag-nyheter","22":"tag-overskrifter","23":"tag-politi","24":"tag-story","25":"tag-top-stories","26":"tag-topstories","27":"tag-ungdomskriminaltet"},"share_on_mastodon":{"url":"","error":""},"_links":{"self":[{"href":"https:\/\/www.europesays.com\/no\/wp-json\/wp\/v2\/posts\/24831","targetHints":{"allow":["GET"]}}],"collection":[{"href":"https:\/\/www.europesays.com\/no\/wp-json\/wp\/v2\/posts"}],"about":[{"href":"https:\/\/www.europesays.com\/no\/wp-json\/wp\/v2\/types\/post"}],"author":[{"embeddable":true,"href":"https:\/\/www.europesays.com\/no\/wp-json\/wp\/v2\/users\/2"}],"replies":[{"embeddable":true,"href":"https:\/\/www.europesays.com\/no\/wp-json\/wp\/v2\/comments?post=24831"}],"version-history":[{"count":0,"href":"https:\/\/www.europesays.com\/no\/wp-json\/wp\/v2\/posts\/24831\/revisions"}],"wp:featuredmedia":[{"embeddable":true,"href":"https:\/\/www.europesays.com\/no\/wp-json\/wp\/v2\/media\/24832"}],"wp:attachment":[{"href":"https:\/\/www.europesays.com\/no\/wp-json\/wp\/v2\/media?parent=24831"}],"wp:term":[{"taxonomy":"category","embeddable":true,"href":"https:\/\/www.europesays.com\/no\/wp-json\/wp\/v2\/categories?post=24831"},{"taxonomy":"post_tag","embeddable":true,"href":"https:\/\/www.europesays.com\/no\/wp-json\/wp\/v2\/tags?post=24831"}],"curies":[{"name":"wp","href":"https:\/\/api.w.org\/{rel}","templated":true}]}}