{"id":248820,"date":"2026-05-27T05:14:18","date_gmt":"2026-05-27T05:14:18","guid":{"rendered":"https:\/\/www.europesays.com\/no\/248820\/"},"modified":"2026-05-27T05:14:18","modified_gmt":"2026-05-27T05:14:18","slug":"den-kommende-motvinden-for-datasentrene-e24","status":"publish","type":"post","link":"https:\/\/www.europesays.com\/no\/248820\/","title":{"rendered":"Den kommende motvinden for datasentrene \u2013 E24"},"content":{"rendered":"\n<p class=\"_textTheme_1yhmn_1 _lead_172ys_2 _lead_qg7rf_18 layout-component layout-wide layout-padded _lead_o6m9k_5 body-large _wide_o6m9k_9\">Kan datasentre bli den neste vindturbinen p\u00e5 land?<\/p>\n<p>   <a href=\"https:\/\/e24.no\/forfatter\/torbjoern-roee-isaksen\" title=\"Torbj\u00f8rn R\u00f8e Isaksen\" rel=\"nofollow noopener\" target=\"_blank\"> <img decoding=\"async\" alt=\"Bilde av Torbj\u00f8rn R\u00f8e Isaksen\" class=\"_image_sm4dm_35\" itemprop=\"image\" loading=\"lazy\"  src=\"https:\/\/www.europesays.com\/no\/wp-content\/uploads\/2026\/05\/1779858855_948_586abb74-e356-4c0a-a55d-0d8b433aa484.png\"  width=\"40\"\/> <\/a>   <strong class=\"_name_sm4dm_44 title-small\"> <a href=\"https:\/\/e24.no\/forfatter\/torbjoern-roee-isaksen\" class=\"_authorName_sm4dm_47\" rel=\"nofollow noopener\" target=\"_blank\"> Torbj\u00f8rn R\u00f8e Isaksen <\/a> <\/strong> <\/p>\n<p class=\"body-small _description_sm4dm_56\"> Politisk redakt\u00f8r <\/p>\n<p>   <img alt=\"PROTEST I R\u00d8D STAT. Demonstranter i Salt Lake City, Utah, protesterer mot datasenterutbygging. Utah er en bunnsolid republikansk stat.\" class=\"_image_1spwq_90 layout-component layout-wide\" data-fullscreen- data-track-element-type=\"Article image fullscreen\" data-track-name=\"ImageFullscreen\" fetchpriority=\"high\" decoding=\"sync\" loading=\"eager\" height=\"5464\" itemprop=\"image\"  src=\"https:\/\/www.europesays.com\/no\/wp-content\/uploads\/2026\/05\/726aa236-863c-3d22-a4a7-41e23862b486.jpeg\"  style=\"object-position:0% 0%\" width=\"8192\"\/>PROTEST I R\u00d8D STAT. Demonstranter i Salt Lake City, Utah, protesterer mot datasenterutbygging. Utah er en bunnsolid republikansk stat.  Foto: NATALIE BEHRING \/ AFP \/ NTBVis mer    <\/p>\n<p class=\"_title_smwls_36\"><strong class=\"title-small bold\">Dette er en kommentar<\/strong><\/p>\n<p class=\"_textTheme_1yhmn_1 _paragraph_172ys_4 _paragraph_qg7rf_27 layout-component layout-normal\">Kommentaren gir uttrykk for skribentens holdning.<\/p>\n<p class=\"_textTheme_1yhmn_1 _paragraph_172ys_4 _paragraph_qg7rf_27 layout-component layout-normal layout-padded body-medium\">Det skjer <a href=\"https:\/\/www.theguardian.com\/commentisfree\/2026\/may\/08\/ai-datacenters-democracy\" class=\"_link_172ys_43\" rel=\"nofollow noopener\" target=\"_blank\">over hele<\/a> USA, fra <a href=\"https:\/\/www.datacenterwatch.org\/report\" class=\"_link_172ys_43\" rel=\"nofollow noopener\" target=\"_blank\">\u00f8st til vest, nord til s\u00f8r<\/a> og \u2013 viktigst av alt \u2013 fra republikanere til demokrater, mener protestgruppen Data Center Watch. Faktisk er det en av de f\u00e5 sakene som kan forene Maga-republikanere og progressive liberalere: motstand mot utbygging av datasentre. <\/p>\n<p class=\"_textTheme_1yhmn_1 _paragraph_172ys_4 _paragraph_qg7rf_27 layout-component layout-normal layout-padded body-medium\">Begreper som \u00abny industriell revolusjon\u00bb henger l\u00f8st n\u00e5r det snakkes om kunstig intelligens. P\u00e5 Wall Street er stemningen ekstatisk. Trump-administrasjonen vil vinne tek-kappl\u00f8pet, mens lokale politikere vil ha investeringer og arbeidsplasser. <\/p>\n<p class=\"_textTheme_1yhmn_1 _paragraph_172ys_4 _paragraph_qg7rf_27 layout-component layout-normal layout-padded body-medium\"><strong class=\"_strong_172ys_25\">Det er bare et problem \u2013 folk.<\/strong> <\/p>\n<p class=\"_textTheme_1yhmn_1 _paragraph_172ys_4 _paragraph_qg7rf_27 layout-component layout-normal layout-padded body-medium\">De protesterer. De mener datasentre bygger ned naturen og presser energiprisene i v\u00e6ret. De mener politikerne ruller ut den r\u00f8de l\u00f8peren, mens det blir lite igjen i form av arbeidsplasser og skatteinntekter. <\/p>\n<p class=\"_textTheme_1yhmn_1 _paragraph_172ys_4 _paragraph_qg7rf_27 layout-component layout-normal layout-padded body-medium\">Dessuten er mange dypt skeptiske til de store teknologiselskapene.  <\/p>\n<p> <img alt=\"PROTEST. Fra samme protest i Salt Lake City, Utah.\" class=\"_image_1spwq_90 layout-component layout-normal\" data-fullscreen- data-track-element-type=\"Article image fullscreen\" data-track-name=\"ImageFullscreen\" decoding=\"async\" loading=\"lazy\" height=\"4455\" itemprop=\"image\"  src=\"https:\/\/www.europesays.com\/no\/wp-content\/uploads\/2026\/05\/28a80c77-8f9e-3677-a5bf-a900c540326a.jpeg\"  style=\"object-position:0% 0%\" width=\"6682\"\/>PROTEST. Fra samme protest i Salt Lake City, Utah. Foto: NATALIE BEHRING \/ AFP \/ NTBVis mer <\/p>\n<p class=\"_textTheme_1yhmn_1 _paragraph_172ys_4 _paragraph_qg7rf_27 layout-component layout-normal layout-padded body-medium\">Ingen seri\u00f8se personer betviler behovet for datasentre. <\/p>\n<p class=\"_textTheme_1yhmn_1 _paragraph_172ys_4 _paragraph_qg7rf_27 layout-component layout-normal layout-padded body-medium\">Det er ikke lagringsfasiliteter for kattevideoer, men sentral infrastruktur. Hvis du ikke vil ha datasentre, vil du ikke ha moderne teknologi. <\/p>\n<p class=\"_textTheme_1yhmn_1 _paragraph_172ys_4 _paragraph_qg7rf_27 layout-component layout-normal layout-padded body-medium\"><strong class=\"_strong_172ys_25\">Men med kunstig intelligens har behovet eksplodert. <\/strong><\/p>\n<p class=\"_textTheme_1yhmn_1 _paragraph_172ys_4 _paragraph_qg7rf_27 layout-component layout-normal layout-padded body-medium\">For supermaktene USA og Kina er det en konkurranse om hvem som skal lede an i utviklingen. En av n\u00f8klene er kraft. Massevis av kraft. <\/p>\n<p> <img alt=\"VELKOMMEN. Kommunedirekt\u00f8r Lars Norman Andersen og digitaliserings- og forvaltningsminister Karianne Tung legger ned grunnsten for Aker Nscales datasenter i Bjerkvik utenfor Narvik.\" class=\"_image_1spwq_90 layout-component layout-normal\" data-fullscreen- data-track-element-type=\"Article image fullscreen\" data-track-name=\"ImageFullscreen\" decoding=\"async\" loading=\"lazy\" height=\"3103\" itemprop=\"image\"  src=\"https:\/\/www.europesays.com\/no\/wp-content\/uploads\/2026\/05\/9523b4c0-4d4c-3678-8726-165388927ae3.jpeg\"  style=\"object-position:0% 0%\" width=\"4653\"\/>VELKOMMEN. Kommunedirekt\u00f8r Lars Norman Andersen og digitaliserings- og forvaltningsminister Karianne Tung legger ned grunnsten for Aker Nscales datasenter i Bjerkvik utenfor Narvik. Foto: Michael UlriksenVis mer <\/p>\n<p class=\"_textTheme_1yhmn_1 _paragraph_172ys_4 _paragraph_qg7rf_27 layout-component layout-normal layout-padded body-medium\">Norge er et attraktivt land for datasentre. Vi har stabilt styresett, kj\u00f8lig klima (mye av kraften g\u00e5r med til nedkj\u00f8ling) og \u2013 akkurat n\u00e5 \u2013 god tilgang p\u00e5 kraft, og et \u00abf\u00f8rstemann-til-m\u00f8lla-prinsipp\u00bb. <\/p>\n<p class=\"_textTheme_1yhmn_1 _paragraph_172ys_4 _paragraph_qg7rf_27 layout-component layout-normal layout-padded body-medium\">Over hele landet har kommuner veivet med armene for \u00e5 f\u00e5 oppmerksomhet og etableringer, fra Google i Skien til samarbeidet mellom Aker, Nscale, OpenAI og Nvidia i Narvik (se listen over k\u00f8en i rammen nedenfor).  <\/p>\n<p class=\"_textTheme_1yhmn_1 _paragraph_172ys_4 _paragraph_qg7rf_27 layout-component layout-normal layout-padded body-medium\">Bare siden 1. februar er det kommet foresp\u00f8rsler om hele 5.000 megawatt kapasitet i nettet til datasentre, <a href=\"https:\/\/e24.no\/energi-og-klima\/i\/9pkKdw\/enorme-kraft-oensker-til-datasenter-noedt-til-aa-faa-kontroll\" class=\"_link_172ys_43\" rel=\"nofollow noopener\" target=\"_blank\">fortalte <\/a>energiminister Terje Lien Aasland nylig.<\/p>\n<p class=\"_textTheme_1yhmn_1 _paragraph_172ys_4 _paragraph_qg7rf_27 layout-component layout-normal layout-padded body-medium\"><strong class=\"_strong_172ys_25\">Det betyr at datasentre p\u00e5 bare to m\u00e5neder \u00f8nsket \u00e5 legge beslag p\u00e5 14 prosent av kapasiteten i systemet, skrev E24 i april.<\/strong><\/p>\n<p class=\"_textTheme_1yhmn_1 _paragraph_172ys_4 _paragraph_qg7rf_27 layout-component layout-normal layout-padded body-medium\"><strong class=\"_strong_172ys_25\"> \u2013\u2060\u00a0En enorm ettersp\u00f8rselsvekst. Enorm! Vi er n\u00f8dt til \u00e5 f\u00e5 kontroll p\u00e5 det, p\u00e5 en eller annen m\u00e5te, sa statsr\u00e5den.<\/strong> <\/p>\n<p class=\"_textTheme_1yhmn_1 _paragraph_172ys_4 _paragraph_qg7rf_27 layout-component layout-normal layout-padded body-medium\">IEA, det internasjonale energibyr\u00e5et, har ansl\u00e5tt at om fire \u00e5r vil kraftforbruket fra datasentre v\u00e6re dobbelt s\u00e5 h\u00f8yt som i dag \u2013 og det vil fortsette \u00e5 \u00f8ke. <\/p>\n<p> <img alt=\"VIND. Tr\u00f8nder Energis vindkraftpark i \u00c5fjord kommune.\" class=\"_image_1spwq_90 layout-component layout-normal\" data-fullscreen- data-track-element-type=\"Article image fullscreen\" data-track-name=\"ImageFullscreen\" decoding=\"async\" loading=\"lazy\" height=\"2000\" itemprop=\"image\"  src=\"https:\/\/www.europesays.com\/no\/wp-content\/uploads\/2026\/05\/812f55c6-dc7e-3a29-9ac0-7248d57b8bc0.jpeg\"  style=\"object-position:0% 0%\" width=\"3000\"\/>VIND. Tr\u00f8nder Energis vindkraftpark i \u00c5fjord kommune. Foto: Jan Langhaug \/ E24Vis mer  <\/p>\n<p class=\"_textTheme_1yhmn_1 _paragraph_172ys_4 _paragraph_qg7rf_27 layout-component layout-normal layout-padded body-medium\">Et slikt massivt kraftbehov over hele verden vil kunne by opp prisen p\u00e5 energi.<strong class=\"_strong_172ys_25\"> <\/strong><\/p>\n<p class=\"_textTheme_1yhmn_1 _paragraph_172ys_4 _paragraph_qg7rf_27 layout-component layout-normal layout-padded body-medium\">Det er illustrerende at Norges eneste kommersielle virksomhet som vil drive med kjernekraft \u2013 Norsk kjernekraft AS \u2013 ikke vil selge str\u00f8mmen til deg og meg, men forutsetter at datasentre vil etablere seg og betale langt over markedspris.  <\/p>\n<p class=\"_textTheme_1yhmn_1 _paragraph_172ys_4 _paragraph_qg7rf_27 layout-component layout-normal layout-padded body-medium\">\u00c5 sette opp datasentre kan g\u00e5 fort. \u00c5 bygge ut ny kraft g\u00e5r tregt. Uhorvelig tregt. <\/p>\n<p class=\"_textTheme_1yhmn_1 _paragraph_172ys_4 _paragraph_qg7rf_27 layout-component layout-normal layout-padded body-medium\">Mange har pekt p\u00e5 at datasentre var en suksess for den svenske byen Lule\u00e5. Men n\u00e5r det skal etableres s\u00e5 mange sentre over hele landet, vil ikke alle bli \u00abhubber\u00bb med tilknyttede kompetansemilj\u00f8er og forskning. Det betyr ogs\u00e5 at ringvirkningene kan bli langt mindre enn mange h\u00e5pefulle lokalpolitikere tror. <\/p>\n<p class=\"_textTheme_1yhmn_1 _paragraph_172ys_4 _paragraph_qg7rf_27 layout-component layout-normal layout-padded body-medium\"><strong class=\"_strong_172ys_25\">Den dynamikken vi ser i USA, har vi sett f\u00f8r i Norge. <\/strong><\/p>\n<p class=\"_textTheme_1yhmn_1 _paragraph_172ys_4 _paragraph_qg7rf_27 layout-component layout-normal layout-padded body-medium\">I 2019 kokte debatten om vindturbiner p\u00e5 land over, selv om prosjektene i h\u00f8yeste grad var l\u00f8nnsomme. Det skyldtes en allianse som strakte seg fra venstre til h\u00f8yre, fra klassisk naturvern til skepsis til alt som luktet av et gr\u00f8nt skifte.<\/p>\n<p class=\"_textTheme_1yhmn_1 _paragraph_172ys_4 _paragraph_qg7rf_27 layout-component layout-normal layout-padded body-medium\">Datasentre bygges ut i raskt tempo. <\/p>\n<p class=\"_textTheme_1yhmn_1 _paragraph_172ys_4 _paragraph_qg7rf_27 layout-component layout-normal layout-padded body-medium\">Motvinden kan komme like br\u00e5tt. <\/p>\n<p class=\"_textTheme_1yhmn_1 _paragraph_172ys_4 _paragraph_qg7rf_27 layout-component layout-normal layout-padded body-medium\">Undertegnede var n\u00e6ringsminister 2018\u201320 og hadde da ogs\u00e5 et delansvar for politikken for datasentre. <\/p>\n","protected":false},"excerpt":{"rendered":"Kan datasentre bli den neste vindturbinen p\u00e5 land? Torbj\u00f8rn R\u00f8e Isaksen Politisk redakt\u00f8r PROTEST I R\u00d8D STAT. Demonstranter&hellip;\n","protected":false},"author":2,"featured_media":248821,"comment_status":"","ping_status":"","sticky":false,"template":"","format":"standard","meta":{"footnotes":"","_share_on_mastodon":"0"},"categories":[10],"tags":[20,21,876,24,25,15,467,6470,22,23,13,30,28,29,14,16,1250,26,27],"class_list":["post-248820","post","type-post","status-publish","format-standard","has-post-thumbnail","category-norge","tag-breaking-news","tag-breakingnews","tag-datasenter","tag-featured-news","tag-featurednews","tag-headlines","tag-kunstig-intelligens","tag-kunstig-intelligens-ai","tag-latest-news","tag-latestnews","tag-news","tag-no","tag-norge","tag-norway","tag-nyheter","tag-overskrifter","tag-protest","tag-top-stories","tag-topstories"],"share_on_mastodon":{"url":"https:\/\/pubeurope.com\/@no\/116644837791518930","error":""},"_links":{"self":[{"href":"https:\/\/www.europesays.com\/no\/wp-json\/wp\/v2\/posts\/248820","targetHints":{"allow":["GET"]}}],"collection":[{"href":"https:\/\/www.europesays.com\/no\/wp-json\/wp\/v2\/posts"}],"about":[{"href":"https:\/\/www.europesays.com\/no\/wp-json\/wp\/v2\/types\/post"}],"author":[{"embeddable":true,"href":"https:\/\/www.europesays.com\/no\/wp-json\/wp\/v2\/users\/2"}],"replies":[{"embeddable":true,"href":"https:\/\/www.europesays.com\/no\/wp-json\/wp\/v2\/comments?post=248820"}],"version-history":[{"count":0,"href":"https:\/\/www.europesays.com\/no\/wp-json\/wp\/v2\/posts\/248820\/revisions"}],"wp:featuredmedia":[{"embeddable":true,"href":"https:\/\/www.europesays.com\/no\/wp-json\/wp\/v2\/media\/248821"}],"wp:attachment":[{"href":"https:\/\/www.europesays.com\/no\/wp-json\/wp\/v2\/media?parent=248820"}],"wp:term":[{"taxonomy":"category","embeddable":true,"href":"https:\/\/www.europesays.com\/no\/wp-json\/wp\/v2\/categories?post=248820"},{"taxonomy":"post_tag","embeddable":true,"href":"https:\/\/www.europesays.com\/no\/wp-json\/wp\/v2\/tags?post=248820"}],"curies":[{"name":"wp","href":"https:\/\/api.w.org\/{rel}","templated":true}]}}