{"id":249499,"date":"2026-05-27T19:22:16","date_gmt":"2026-05-27T19:22:16","guid":{"rendered":"https:\/\/www.europesays.com\/no\/249499\/"},"modified":"2026-05-27T19:22:16","modified_gmt":"2026-05-27T19:22:16","slug":"joey-graziadei-frir-til-kelsey-anderson-igjen-en-kjaerlighetshistorie-fra-the-bachelor","status":"publish","type":"post","link":"https:\/\/www.europesays.com\/no\/249499\/","title":{"rendered":"Joey Graziadei frir til Kelsey Anderson igjen: En kj\u00e6rlighetshistorie fra \u00abThe Bachelor\u00bb"},"content":{"rendered":"<p class=\"kicker \" style=\"\">Deler gladnyhet<\/p>\n<p>    Etter at det f\u00f8rste frieriet ble sendt p\u00e5 landsdekkende TV, bestemte paret seg for \u00e5 gj\u00f8re det igjen p\u00e5 egenh\u00e5nd.<\/p>\n<p>\n    SA JA: Etter at en intens sesong av \u00abThe Bachelor\u00bb var ved veis ende, kunne endelig ungkaren Joey Grazidei dele hvem som hadde vunnet hjertet hans. N\u00e5 har han fridd p\u00e5 nytt. Foto: Skjermbilde: @joeygraziadei \/ Instagram\n  <\/p>\n<p>En hel verden s\u00e5 p\u00e5 da \u00abUngkaren\u00bb Joey Graziadei (31) gikk ned p\u00e5 kne og fridde til Kelsey Anderson (28), i finaleepisoden av den 28. sesongen av \u00abThe Bachelor\u00bb.\u00a0\u00a0<\/p>\n<p>    <a itemprop=\"url\" href=\"https:\/\/www.seher.no\/kjendis\/matte-forlate-ham-for-barnas-skyld\/84592733\" rel=\"nofollow noopener\" target=\"_blank\"><\/p>\n<p>        <img loading=\"lazy\" decoding=\"async\" src=\"https:\/\/www.europesays.com\/no\/wp-content\/uploads\/2026\/05\/1779909733_994_84593098.webp\" width=\"980\" height=\"441\" alt=\"\" class=\"lazyload\" style=\"--aspect-ratio-image: 2.22; \"\/><\/p>\n<p>        &#8211; Brudd for barnas skyld<\/p>\n<p>    <\/a><\/p>\n<p>Trolig ble det storsl\u00e5tte frieriet for lite personlig for paret. N\u00e5 har nemlig Graziadei g\u00e5tt ned p\u00e5 kne og fridd igjen.\u00a0<\/p>\n<p>\u00abHun sa ja (igjen)!\u00bb skriver han humoristisk i et innlegg p\u00e5 <a href=\"https:\/\/www.instagram.com\/p\/DY0KxT3ElJI\/?img_index=1\" rel=\"nofollow noopener\" target=\"_blank\">Instagram<\/a>.\u00a0<\/p>\n<p class=\"font-weight-bold m-font-weight-bold\" data-lab-font_weight=\"font-weight-bold\">\u00abDet betyr alt \u00e5 f\u00e5 bekrefte l\u00f8ftet og kj\u00e6rligheten v\u00e5r til hverandre p\u00e5 nytt, bare oss to. Et helt liv med deg er ikke nok. Jeg gleder meg til \u00e5 gj\u00f8re deg til min kone\u00bb, legger han til.\u00a0<\/p>\n<p> Det har g\u00e5tt over to \u00e5r siden Graziadei valgte Anderson i \u00abThe Bachelor\u00bb-finalen, og avsluttet sesongen med \u00e5 fri til henne. <\/p>\n<p>        <img loading=\"lazy\" decoding=\"async\" src=\"https:\/\/www.europesays.com\/no\/wp-content\/uploads\/2026\/05\/84677982.webp\" width=\"667\" height=\"614\" alt=\"\" class=\"\" style=\"--aspect-ratio-image: 1.09; \"\/><\/p>\n<p>\n        ROMANTIKK: I kjent \u00abThe Bachelor\u00bb-stil var det duket for intens romantikk under TV-frieriet i finaleepisoden. Andre gangen ble det trolig mer nedp\u00e5. Foto: Skjermbilde: @Bachelornation \/ YouTube\n    <\/p>\n<p>Den andre forlovelsen kommer samtidig som paret er i full gang med \u00e5 planlegge bryllupet, som etter planen skal st\u00e5 i 2027.<\/p>\n<p>I april gjestet Anderson podkasten til Brianna \u00abChickenfry\u00bb LaPaglia (26), <a href=\"https:\/\/podcasts.apple.com\/us\/podcast\/weddings-clones-and-the-bachelor-ft-kelsey-anderson\/id1523350670?i=1000760977411\" rel=\"nofollow noopener\" target=\"_blank\">\u00abPlanBri Uncut\u00bb<\/a>. Der \u00e5pnet hun seg om hvordan hun og Graziadei ser for seg den store dagen.<\/p>\n<p>        ALPAKKA-KAOS: Det blir alt fra kos og klapp til spytting og selfie-tr\u00f8bbel n\u00e5r Snefrid og Erik drar p\u00e5 alpakkavandring p\u00e5 \u00abVerdens Ende\u00bb. Reporter: Sander Aadalen\/ R\u00f8d L\u00f8per. Video: \u00abSkj\u00e6rg\u00e5rdsfeber\u00bb\/ Viaplay<\/p>\n<p>Hun fortalte blant annet at selv om begge har blitt profilerte navn etter \u00abThe Bachelor\u00bb, \u00f8nsker de ikke et bryllup preget av sponsoravtaler og kommersielle samarbeid. <\/p>\n<p class=\"font-weight-bold m-font-weight-bold\" data-lab-font_weight=\"font-weight-bold\">&#8211; Vi bestemte oss for at vi ikke vil ha noen merkevaresamarbeid eller sponsoravtaler i bryllupet v\u00e5rt. Vi vil at det skal v\u00e6re s\u00f8ml\u00f8st og bare handle om oss, reflekterte hun.\u00a0<\/p>\n<p>        <img loading=\"lazy\" decoding=\"async\" src=\"https:\/\/www.europesays.com\/no\/wp-content\/uploads\/2026\/05\/84678147.webp\" width=\"667\" height=\"761\" alt=\"\" class=\"\" style=\"--aspect-ratio-image: 0.88; \"\/><\/p>\n<p>\n        LYKKELIG FORLOVET: Joey Graziadei og Kelsey Anderson har vist frem kj\u00e6rligheten i en rekke bilder p\u00e5 sosiale medier. Foto: Skjermbilde: @joeygraziadei \/ Instagram\n    <\/p>\n<p>Anderson har ogs\u00e5 fortalt at hun ser for seg et bryllup som f\u00f8les b\u00e5de \u00abromantisk\u00bb og \u00abmoody\u00bb, gjerne med levende lys, men at ting kan forandre seg:\u00a0<\/p>\n<p>&#8211; Jeg har ikke bestemt meg hundre prosent for noe. Jeg f\u00f8ler egentlig at jeg kommer til \u00e5 v\u00e6re ganske avslappet og ta ting som de kommer.\u00a0<\/p>\n<p><script async src=\"\/\/www.instagram.com\/embed.js\"><\/script><\/p>\n","protected":false},"excerpt":{"rendered":"Deler gladnyhet Etter at det f\u00f8rste frieriet ble sendt p\u00e5 landsdekkende TV, bestemte paret seg for \u00e5 gj\u00f8re&hellip;\n","protected":false},"author":2,"featured_media":249500,"comment_status":"","ping_status":"","sticky":false,"template":"","format":"standard","meta":{"footnotes":"","_share_on_mastodon":"0"},"categories":[58],"tags":[71,22360,479,2543,30,28,29,4033,72],"class_list":["post-249499","post","type-post","status-publish","format-standard","has-post-thumbnail","category-underholdning","tag-entertainment","tag-joey-graziadei","tag-kjendis","tag-kjendisdesken","tag-no","tag-norge","tag-norway","tag-the-bachelor","tag-underholdning"],"share_on_mastodon":{"url":"https:\/\/pubeurope.com\/@no\/116648172140685288","error":""},"_links":{"self":[{"href":"https:\/\/www.europesays.com\/no\/wp-json\/wp\/v2\/posts\/249499","targetHints":{"allow":["GET"]}}],"collection":[{"href":"https:\/\/www.europesays.com\/no\/wp-json\/wp\/v2\/posts"}],"about":[{"href":"https:\/\/www.europesays.com\/no\/wp-json\/wp\/v2\/types\/post"}],"author":[{"embeddable":true,"href":"https:\/\/www.europesays.com\/no\/wp-json\/wp\/v2\/users\/2"}],"replies":[{"embeddable":true,"href":"https:\/\/www.europesays.com\/no\/wp-json\/wp\/v2\/comments?post=249499"}],"version-history":[{"count":0,"href":"https:\/\/www.europesays.com\/no\/wp-json\/wp\/v2\/posts\/249499\/revisions"}],"wp:featuredmedia":[{"embeddable":true,"href":"https:\/\/www.europesays.com\/no\/wp-json\/wp\/v2\/media\/249500"}],"wp:attachment":[{"href":"https:\/\/www.europesays.com\/no\/wp-json\/wp\/v2\/media?parent=249499"}],"wp:term":[{"taxonomy":"category","embeddable":true,"href":"https:\/\/www.europesays.com\/no\/wp-json\/wp\/v2\/categories?post=249499"},{"taxonomy":"post_tag","embeddable":true,"href":"https:\/\/www.europesays.com\/no\/wp-json\/wp\/v2\/tags?post=249499"}],"curies":[{"name":"wp","href":"https:\/\/api.w.org\/{rel}","templated":true}]}}