{"id":24957,"date":"2025-09-02T14:08:11","date_gmt":"2025-09-02T14:08:11","guid":{"rendered":"https:\/\/www.europesays.com\/no\/24957\/"},"modified":"2025-09-02T14:08:11","modified_gmt":"2025-09-02T14:08:11","slug":"hadde-aldri-tilgitt-meg-selv-om-de-ble-tatt","status":"publish","type":"post","link":"https:\/\/www.europesays.com\/no\/24957\/","title":{"rendered":"\u2013 Hadde aldri tilgitt meg selv om de ble tatt"},"content":{"rendered":"\n<ul class=\"_list_1bvmi_3 _list_1flq1_85 _unordered_1bvmi_99 text-sans-m\">\n<li class=\"_item_1bvmi_30\">Linn Elizabeth \u00d8rnulfsdatter Holthe varslet om raset i Levanger, r\u00f8mte over jordet og m\u00e5tte la de fleste hundene bli igjen.<\/li>\n<li class=\"_item_1bvmi_30\">Dagen etter hentet hun dem ut, pakket to poser og flyttet til R\u00f8ros.<\/li>\n<\/ul>\n<p>Vis mer <\/p>\n<p class=\"_paragraph_1bvmi_4 _paragraph_xtcu6_10 layout-component text-serif-m layout-normal text-serif-m layout-padded\">Det var 48-\u00e5ringen som varslet n\u00f8detatene om <a href=\"https:\/\/www.vg.no\/nyheter\/i\/0VmlG6\/steinras-har-gaatt-i-levanger\" data-track-element-type=\"Link\" data-track-id=\"link:0VmlG6\" class=\"_link_1bvmi_39\" rel=\"nofollow noopener\" target=\"_blank\">det store jordskredet i Levanger<\/a> l\u00f8rdag morgen. <\/p>\n<p class=\"_paragraph_1bvmi_4 _paragraph_xtcu6_10 layout-component text-serif-m layout-normal text-serif-m layout-padded\">Hun startet den dagen som hun alltid gj\u00f8r:<\/p>\n<p class=\"_paragraph_1bvmi_4 _paragraph_xtcu6_10 layout-component text-serif-m layout-normal text-serif-m layout-padded\">Hun slapp hundene ut p\u00e5 g\u00e5rdsplassen for \u00e5 lufte dem. <\/p>\n<p class=\"_paragraph_1bvmi_4 _paragraph_xtcu6_10 layout-component text-serif-m layout-normal text-serif-m layout-padded\">Deretter gikk hun inn igjen for \u00e5 drikke kaffe og se p\u00e5 morgennyhetene. <\/p>\n<p><img alt=\"Foto: Hedda Kurseth \/ VG\" class=\"_image_qp4xg_65 layout-component layout-fullscreen\" data-fullscreen- data-track-element-type=\"Article image fullscreen\" data-track-name=\"ImageFullscreen\" decoding=\"async\" loading=\"lazy\" height=\"2656\" itemprop=\"image\"  src=\"https:\/\/www.europesays.com\/no\/wp-content\/uploads\/2025\/09\/f5b50f83-0499-49e4-acb0-43afcd4ae425\"  style=\"object-position:62.46632744687219% 65.49322289156626%\" width=\"3341\"\/>Foto: Hedda Kurseth \/ VG<\/p>\n<p class=\"_paragraph_1bvmi_4 _paragraph_xtcu6_10 layout-component text-serif-m layout-normal text-serif-m layout-padded\">Plutselig s\u00e5 hun tr\u00e6rne bevege p\u00e5 seg utenfor.<\/p>\n<p class=\"_paragraph_1bvmi_4 _paragraph_xtcu6_10 layout-component text-serif-m layout-normal text-serif-m layout-padded\">\u2013 Jeg tenker at jeg m\u00e5 sjekke synet mitt. Det g\u00e5r jo ikke an. <\/p>\n<p class=\"_paragraph_1bvmi_4 _paragraph_xtcu6_10 layout-component text-serif-m layout-normal text-serif-m layout-padded\">Fra stuevinduet s\u00e5 hun at asfalten og gjerdene ved veien ogs\u00e5 beveget seg. <\/p>\n<p class=\"_paragraph_1bvmi_4 _paragraph_xtcu6_10 layout-component text-serif-m layout-normal text-serif-m layout-padded\">\u2013 Alt forsvinner ned i et stort hull, forteller hun. <\/p>\n<p class=\"_paragraph_1bvmi_4 _paragraph_xtcu6_10 layout-component text-serif-m layout-normal text-serif-m layout-padded\">Hele veien og jernbanen raste sammen foran henne. S\u00e5 dro hun frem telefonen for \u00e5 filme og ringe til n\u00f8detatene.<\/p>\n<p class=\"_paragraph_1bvmi_4 _paragraph_xtcu6_10 layout-component text-serif-m layout-normal text-serif-m layout-padded\"><strong class=\"_strong_1bvmi_25\">Se videoen av raset her: <\/strong><\/p>\n<p class=\"_paragraph_1bvmi_4 _paragraph_xtcu6_10 layout-component text-serif-m layout-normal text-serif-m layout-padded\">Hun driver med hundeoppdrett og har som regel et tosifret antall hunder i huset sitt. <\/p>\n<p class=\"_paragraph_1bvmi_4 _paragraph_xtcu6_10 layout-component text-serif-m layout-normal text-serif-m layout-padded\">\u2013 Det er den store lidenskapen min. <\/p>\n<p class=\"_paragraph_1bvmi_4 _paragraph_xtcu6_10 layout-component text-serif-m layout-normal text-serif-m layout-padded\">Nesten alle hundene var ute og l\u00f8p p\u00e5 \u00e5keren da raset gikk.<\/p>\n<p class=\"_paragraph_1bvmi_4 _paragraph_xtcu6_10 layout-component text-serif-m layout-normal text-serif-m layout-padded\">I omr\u00e5det rundt huset er det kvikkleire. <\/p>\n<p class=\"_paragraph_1bvmi_4 _paragraph_xtcu6_10 layout-component text-serif-m layout-normal text-serif-m layout-padded\">N\u00e5 trodde hun at hele huset skulle rase sammen ned i gj\u00f8rmehavet. <\/p>\n<p><img alt=\"Hundene fikk sove p\u00e5 madrassen i natt, mens Holthe selv sov p\u00e5 sofaen.   Foto: Hedda Kurseth \/ VG\" class=\"_image_qp4xg_65 layout-component layout-normal\" data-fullscreen- data-track-element-type=\"Article image fullscreen\" data-track-name=\"ImageFullscreen\" decoding=\"async\" loading=\"lazy\" height=\"2656\" itemprop=\"image\"  src=\"https:\/\/www.europesays.com\/no\/wp-content\/uploads\/2025\/09\/dfb1c10f-f419-4519-8d15-2177cb75703d\"  style=\"object-position:0% 0%\" width=\"3719\"\/>Hundene fikk sove p\u00e5 madrassen i natt, mens Holthe selv sov p\u00e5 sofaen.   Foto: Hedda Kurseth \/ VG<\/p>\n<p class=\"_paragraph_1bvmi_4 _paragraph_xtcu6_10 layout-component text-serif-m layout-normal text-serif-m layout-padded\">Helt siden hun flyttet dit for fire \u00e5r siden, har hun fryktet at grunnen skal g\u00e5 i oppl\u00f8sning. <\/p>\n<p class=\"_paragraph_1bvmi_4 _paragraph_xtcu6_10 layout-component text-serif-m layout-normal text-serif-m layout-padded\">\u2013 Jeg forventet det. Enkelte netter har jeg ikke f\u00e5tt sove fordi jeg har h\u00f8rt lyder og tenkt \u00abn\u00e5 er jeg ferdig\u00bb.<\/p>\n<p class=\"_paragraph_1bvmi_4 _paragraph_xtcu6_10 layout-component text-serif-m layout-normal text-serif-m layout-padded\">Og l\u00f8rdag morgen skjedde det rett foran \u00f8ynene hennes. <\/p>\n<p class=\"_paragraph_1bvmi_4 _paragraph_xtcu6_10 layout-component text-serif-m layout-normal text-serif-m layout-padded\">\u2013 Det viktigste for meg var ikke \u00e5 f\u00e5 med meg dokumenter, kontanter eller s\u00f8lvsmykker. Der og da bryr jeg meg ikke om annet enn hundene mine. <\/p>\n<p class=\"_paragraph_1bvmi_4 _paragraph_xtcu6_10 layout-component text-serif-m layout-normal text-serif-m layout-padded\"><strong class=\"_strong_1bvmi_25\">Men hun sto overfor et vanskelig valg:<\/strong><\/p>\n<p class=\"_paragraph_1bvmi_4 _paragraph_xtcu6_10 layout-component text-serif-m layout-normal text-serif-m layout-padded\">En uke tidligere fikk hun et helt nytt valpekull: \u00c5tte s\u00f8te sm\u00e5 valper som knapt nok t\u00e5ler frisk luft p\u00e5 dette stadiet. <\/p>\n<ul class=\"_gallery_1qa3s_23\" tabindex=\"0\">\n<li class=\"_item_1qa3s_37\" data-index=\"0\"><img decoding=\"async\" class=\"_image_foru8_23 _articleGallery_foru8_39\" data-fullscreen- width=\"3984\" height=\"2656\" itemprop=\"image\" loading=\"lazy\"  src=\"https:\/\/www.europesays.com\/no\/wp-content\/uploads\/2025\/09\/b6612f90-755e-4e27-bb31-37a96b2f6586\"  style=\"object-position:50% 50%;aspect-ratio:var(--gallery-aspect-ratio, 16 \/ 9)\"\/><\/li>\n<li class=\"_item_1qa3s_37\" data-index=\"1\"><img decoding=\"async\" class=\"_image_foru8_23 _articleGallery_foru8_39\" data-fullscreen- width=\"3984\" height=\"2656\" itemprop=\"image\" loading=\"lazy\"  src=\"https:\/\/www.europesays.com\/no\/wp-content\/uploads\/2025\/09\/bbb5a114-31cf-4964-a666-38957b988386\"  style=\"object-position:50% 50%;aspect-ratio:var(--gallery-aspect-ratio, 16 \/ 9)\"\/><\/li>\n<\/ul>\n<p class=\"_paragraph_1bvmi_4 _paragraph_xtcu6_10 layout-component text-serif-m layout-normal text-serif-m layout-padded\">Men Holthe hadde ikke tid til \u00e5 f\u00e5 de andre hundene til \u00e5 komme inn igjen fra jordet. <\/p>\n<p class=\"_paragraph_1bvmi_4 _paragraph_xtcu6_10 layout-component text-serif-m layout-normal text-serif-m layout-padded\"><strong class=\"_strong_1bvmi_25\">S\u00e5 hun lot nesten alle hundene bli igjen.<\/strong><\/p>\n<p class=\"_paragraph_1bvmi_4 _paragraph_xtcu6_10 layout-component text-serif-m layout-normal text-serif-m layout-padded\">Hun f\u00e5r t\u00e5rer i \u00f8ynene n\u00e5r hun forteller om det. Stemmen skjelver. <\/p>\n<p class=\"_paragraph_1bvmi_4 _paragraph_xtcu6_10 layout-component text-serif-m layout-normal text-serif-m layout-padded\">I l\u00f8pet av to minutter var hun ute av huset med bare biln\u00f8kkel, mobiltelefonen og to hunder. Hun fryktet at hun hadde sett de andre for aller siste gang. <\/p>\n<p class=\"_paragraph_1bvmi_4 _paragraph_xtcu6_10 layout-component text-serif-m layout-normal text-serif-m layout-padded\">\u2013 Hvordan var det \u00e5 g\u00e5 fra dem?<\/p>\n<p class=\"_paragraph_1bvmi_4 _paragraph_xtcu6_10 layout-component text-serif-m layout-normal text-serif-m layout-padded\">\u2013 Det er en f\u00f8lelse jeg ikke klarer \u00e5 beskrive med ord. Det var som \u00e5 se barna dine brenne inne i et hus. <\/p>\n<p><img alt=\"Foto: Hedda Kurseth \/ VG\" class=\"_image_qp4xg_65 layout-component layout-normal\" data-fullscreen- data-track-element-type=\"Article image fullscreen\" data-track-name=\"ImageFullscreen\" decoding=\"async\" loading=\"lazy\" height=\"2656\" itemprop=\"image\"  src=\"https:\/\/www.europesays.com\/no\/wp-content\/uploads\/2025\/09\/5deed475-99aa-43f6-90bb-ea645231f363\"  style=\"object-position:0% 0%\" width=\"3984\"\/>Foto: Hedda Kurseth \/ VG<\/p>\n<p class=\"_paragraph_1bvmi_4 _paragraph_xtcu6_10 layout-component text-serif-m layout-normal text-serif-m layout-padded\">Men hun m\u00e5tte komme seg derifra. S\u00e5 hun hoppet i bilen og kj\u00f8rte alt hun kunne over jordet. Veien hennes hadde g\u00e5tt med i raset. <\/p>\n<p class=\"_paragraph_1bvmi_4 _paragraph_xtcu6_10 layout-component text-serif-m layout-normal text-serif-m layout-padded\">I speilet s\u00e5 hun huset med hundene forsvinne lenger og lenger borte. <\/p>\n<p class=\"_paragraph_1bvmi_4 _paragraph_xtcu6_10 layout-component text-serif-m layout-normal text-serif-m layout-padded\">\u2013 Jeg m\u00e5tte bare gi b\u00e5nn gass for jeg visste at hele grunnen var av kvikkleire. Jeg ante ikke hvor mye som kom til \u00e5 rase ut.<\/p>\n<p class=\"_paragraph_1bvmi_4 _paragraph_xtcu6_10 layout-component text-serif-m layout-normal text-serif-m layout-padded\">En bil ble tatt av skredet den morgenen. Sj\u00e5f\u00f8ren klarte \u00e5 berge livet ved \u00e5 <a href=\"https:\/\/www.vg.no\/nyheter\/i\/RzLp8A\/hoppet-i-baaten-og-berget-livet-jeg-savner-hunden-min\" data-track-element-type=\"Link\" data-track-id=\"link:RzLp8A\" class=\"_link_1bvmi_39\" rel=\"nofollow noopener\" target=\"_blank\">hoppe opp i b\u00e5ten<\/a> han hadde p\u00e5 hengeren sin. Hunden hans d\u00f8de. <\/p>\n<p class=\"_paragraph_1bvmi_4 _paragraph_xtcu6_10 layout-component text-serif-m layout-normal text-serif-m layout-padded\">\u2013 Tenk at han s\u00e5 hunden sin inni bilen, og bare m\u00e5tte gi slipp for \u00e5 redde sitt eget liv, sier Holthe. <\/p>\n<p><img alt=\"I l\u00f8pet av bare noen d\u00f8gn har hun f\u00e5tt ny adresse og ny utsikt. Ikke lenger ut over vannet, men utover vidda.   Foto: Hedda Kurseth\" class=\"_image_qp4xg_65 layout-component layout-normal\" data-fullscreen- data-track-element-type=\"Article image fullscreen\" data-track-name=\"ImageFullscreen\" decoding=\"async\" loading=\"lazy\" height=\"2656\" itemprop=\"image\"  src=\"https:\/\/www.europesays.com\/no\/wp-content\/uploads\/2025\/09\/a2f57a97-62c3-4801-b5f9-e52ccb986640\"  style=\"object-position:0% 0%\" width=\"3984\"\/>I l\u00f8pet av bare noen d\u00f8gn har hun f\u00e5tt ny adresse og ny utsikt. Ikke lenger ut over vannet, men utover vidda.   Foto: Hedda Kurseth<\/p>\n<p class=\"_paragraph_1bvmi_4 _paragraph_xtcu6_10 layout-component text-serif-m layout-normal text-serif-m layout-padded\">Dagen etter raset fikk hun hentet ut alle hundene og noen eiendeler. <\/p>\n<p class=\"_paragraph_1bvmi_4 _paragraph_xtcu6_10 layout-component text-serif-m layout-normal text-serif-m layout-padded\">S\u00e5 satte hun seg i bilen igjen. <\/p>\n<p class=\"_paragraph_1bvmi_4 _paragraph_xtcu6_10 layout-component text-serif-m layout-normal text-serif-m layout-padded\">Hun f\u00f8ler seg ikke trygg p\u00e5 \u00c5sen i alle kvikkleiren. Derfor bestemte hun seg for \u00e5 flytte p\u00e5 dagen. <\/p>\n<p>Har fryktet dette lenge<\/p>\n<p class=\"_paragraph_1bvmi_4 _paragraph_xtcu6_10 layout-component text-serif-m layout-normal text-serif-m layout-padded\">Knappe fire timer lenger s\u00f8r for Levanger ligger <a href=\"https:\/\/www.vg.no\/tag\/roeros?utm_source=vg-article&amp;utm_medium=auto-tagger&amp;utm_campaign=qP04nw\" class=\"_link_1bvmi_39\" rel=\"nofollow noopener\" target=\"_blank\">R\u00f8ros<\/a>, 628 meter over havet. <\/p>\n<p class=\"_paragraph_1bvmi_4 _paragraph_xtcu6_10 layout-component text-serif-m layout-normal text-serif-m layout-padded\">Tettstedet er kjent for trehusbebyggelse og gruvedrift.<\/p>\n<p class=\"_paragraph_1bvmi_4 _paragraph_xtcu6_10 layout-component text-serif-m layout-normal text-serif-m layout-padded\">Hun gir oss f\u00f8rst helt feil adresse. Hun har ikke l\u00e6rt seg den enda. <\/p>\n<p><img alt=\"\" class=\"_image_qp4xg_65 layout-component layout-fullscreen\" data-fullscreen- data-track-element-type=\"Article image fullscreen\" data-track-name=\"ImageFullscreen\" decoding=\"async\" loading=\"lazy\" height=\"2656\" itemprop=\"image\"  src=\"https:\/\/www.europesays.com\/no\/wp-content\/uploads\/2025\/09\/d16fbb5e-aada-46cd-9e55-263040fba140\"  style=\"object-position:73.92068273092369% 50.58358433734939%\" width=\"3984\"\/><\/p>\n<p class=\"_paragraph_1bvmi_4 _paragraph_xtcu6_10 layout-component text-serif-m layout-normal text-serif-m layout-padded\">Det var hit 48-\u00e5ringen flyttet\u00a0med\u00a0seg alle hundene og to poser med kl\u00e6r. Hun vil ikke tilbake til Levanger n\u00e5.<\/p>\n<p class=\"_paragraph_1bvmi_4 _paragraph_xtcu6_10 layout-component text-serif-m layout-normal text-serif-m layout-padded\">\u2013 Det er en herlig plass, men det blir ganske kaldt her om vinteren, sier Holthe om sitt nye hjemsted. <\/p>\n<p class=\"_paragraph_1bvmi_4 _paragraph_xtcu6_10 layout-component text-serif-m layout-normal text-serif-m layout-padded\">Heldigvis fant hun seg et hus som sto ledig her p\u00e5 g\u00e5rdsplassen p\u00e5 R\u00f8ros. Her var det b\u00e5de innflyttingsklart og plass til alle hundene. <\/p>\n<p><img alt=\"Foto: Hedda Kurseth \/ VG\" class=\"_image_qp4xg_65 layout-component layout-normal\" data-fullscreen- data-track-element-type=\"Article image fullscreen\" data-track-name=\"ImageFullscreen\" decoding=\"async\" loading=\"lazy\" height=\"2656\" itemprop=\"image\"  src=\"https:\/\/www.europesays.com\/no\/wp-content\/uploads\/2025\/09\/f13ef4dc-0d51-4896-b48e-540b22169342\"  style=\"object-position:0% 0%\" width=\"3859\"\/>Foto: Hedda Kurseth \/ VG<\/p>\n<p class=\"_paragraph_1bvmi_4 _paragraph_xtcu6_10 layout-component text-serif-m layout-normal text-serif-m layout-padded\">Og ikke er det s\u00e5 mye kvikkleire her heller. <\/p>\n<p class=\"_paragraph_1bvmi_4 _paragraph_xtcu6_10 layout-component text-serif-m layout-normal text-serif-m layout-padded\">Det er kaldt i lufta. Hundene er fortsatt urolige etter opplevelsene de siste dagene. De bjeffer mye, noe de ikke gj\u00f8r s\u00e5 mye av til vanlig, forteller Holthe. <\/p>\n<p><img alt=\"Dette var alt hun tok meg seg da hun endelig fikk hentet hundene over et d\u00f8gn etter at raset gikk.   Foto: Hedda Kurseth\" class=\"_image_qp4xg_65 layout-component layout-normal\" data-fullscreen- data-track-element-type=\"Article image fullscreen\" data-track-name=\"ImageFullscreen\" decoding=\"async\" loading=\"lazy\" height=\"2656\" itemprop=\"image\"  src=\"https:\/\/www.europesays.com\/no\/wp-content\/uploads\/2025\/09\/7f507ae3-f38d-488c-9c61-d7cab5bd4425\"  style=\"object-position:0% 0%\" width=\"3984\"\/>Dette var alt hun tok meg seg da hun endelig fikk hentet hundene over et d\u00f8gn etter at raset gikk.   Foto: Hedda Kurseth<\/p>\n<p class=\"_paragraph_1bvmi_4 _paragraph_xtcu6_10 layout-component text-serif-m layout-normal text-serif-m layout-padded\">I over et d\u00f8gn var hundene alene i og utenfor huset mens helikoptrene fl\u00f8y over. Redningsaksjonen etter en <a href=\"https:\/\/www.vg.no\/nyheter\/i\/63bgWW\/skred-i-levanger\" data-track-element-type=\"Link\" data-track-id=\"link:63bgWW\" class=\"_link_1bvmi_39\" rel=\"nofollow noopener\" target=\"_blank\">savnet dansk mann holder fortsatt p\u00e5.<\/a><\/p>\n<p class=\"_paragraph_1bvmi_4 _paragraph_xtcu6_10 layout-component text-serif-m layout-normal text-serif-m layout-padded\">\u2013 Jeg er glad jeg er borte fra raset n\u00e5, men jeg har jo tenkt p\u00e5 om jeg b\u00f8r flytte tilbake hvis jeg kan. Men da er det utelukkende for hundenes del.<\/p>\n<p class=\"_paragraph_1bvmi_4 _paragraph_xtcu6_10 layout-component text-serif-m layout-normal text-serif-m layout-padded\">Hundene trives godt i \u00c5sen, og de blir urolige av \u00e5 v\u00e6re p\u00e5 en ny plass. <\/p>\n<p class=\"_paragraph_1bvmi_4 _paragraph_xtcu6_10 layout-component text-serif-m layout-normal text-serif-m layout-padded\"><strong class=\"_strong_1bvmi_25\">\u2013 I s\u00e5 fall blir det et kompromiss med meg selv, for jeg er jo livredd.<\/strong><\/p>\n<p class=\"_paragraph_1bvmi_4 _paragraph_xtcu6_10 layout-component text-serif-m layout-normal text-serif-m layout-padded\">Holthe stoler ikke p\u00e5 myndighetene som skal overv\u00e5ke og vurdere grunnen. <a href=\"https:\/\/www.vg.no\/nyheter\/i\/RzLp1a\/analyse-foer-bane-nor-prosjektet-ras-kan-foere-til-doedsfall\" data-track-element-type=\"Link\" data-track-id=\"link:RzLp1a\" class=\"_link_1bvmi_39\" rel=\"nofollow noopener\" target=\"_blank\">Det hadde de jo ogs\u00e5 gjort i tiden f\u00f8r raset gikk. <\/a><\/p>\n<p class=\"_paragraph_1bvmi_4 _paragraph_xtcu6_10 layout-component text-serif-m layout-normal text-serif-m layout-padded\">\u2013 Det er jo de samme folkene som skal vurdere om vi flytter hjem igjen som har sagt at det g\u00e5r an \u00e5 bygge der, sier hun oppgitt. <\/p>\n<p class=\"_paragraph_1bvmi_4 _paragraph_xtcu6_10 layout-component text-serif-m layout-normal text-serif-m layout-padded\"><a href=\"https:\/\/www.vg.no\/nyheter\/i\/RzLp1a\/analyse-foer-bane-nor-prosjektet-ras-kan-foere-til-doedsfall\" data-track-element-type=\"Link\" data-track-id=\"link:RzLp1a\" class=\"_link_1bvmi_39\" rel=\"nofollow noopener\" target=\"_blank\">I en analyse gjort f\u00f8r Bane Nors prosjekt<\/a> ved Nesvatnet ble det pekt p\u00e5 at et ras her kunne f\u00f8re til d\u00f8dsfall. <\/p>\n<p class=\"_paragraph_1bvmi_4 _paragraph_xtcu6_10 layout-component text-serif-m layout-normal text-serif-m layout-padded\">Hun har selv klaget til Bane Nor om at grunnen hun bodde p\u00e5, var for ust\u00f8dig til \u00e5 gj\u00f8re noen utbygginger. <\/p>\n<p><img alt=\"I det r\u00f8de huset, bodde Holthe sammen med hundene.   Foto: Jan Langhaug \/ NTB\" class=\"_image_qp4xg_65 layout-component layout-normal\" data-fullscreen- data-track-element-type=\"Article image fullscreen\" data-track-name=\"ImageFullscreen\" decoding=\"async\" loading=\"lazy\" height=\"2268\" itemprop=\"image\"  src=\"https:\/\/www.europesays.com\/no\/wp-content\/uploads\/2025\/09\/170618c4-1014-43cb-9c74-664b3f3dcacf\"  style=\"object-position:0% 0%\" width=\"4032\"\/>I det r\u00f8de huset, bodde Holthe sammen med hundene.   Foto: Jan Langhaug \/ NTB<\/p>\n<p class=\"_paragraph_1bvmi_4 _paragraph_xtcu6_10 layout-component text-serif-m layout-normal text-serif-m layout-padded\"><a href=\"https:\/\/www.vg.no\/nyheter\/i\/KM07P5\/ras-i-levanger-ektepar-og-nabo-varslet-om-rasfaren\" data-track-element-type=\"Link\" data-track-id=\"link:KM07P5\" class=\"_link_1bvmi_39\" rel=\"nofollow noopener\" target=\"_blank\">Hennes naboer Sissel og Knut Buchholdt<\/a> har ogs\u00e5 klaget til selskapet flere ganger. <\/p>\n<p class=\"_paragraph_1bvmi_4 _paragraph_xtcu6_10 layout-component text-serif-m layout-normal text-serif-m layout-padded\">Politiet <a href=\"https:\/\/www.vg.no\/nyheter\/i\/Oov9Q1\/arbeidsgiver-etter-jordskredet-i-levanger-rammet-av-en-tragisk-ulykke\" data-track-element-type=\"Link\" data-track-id=\"link:Oov9Q1\" class=\"_link_1bvmi_39\" rel=\"nofollow noopener\" target=\"_blank\">har startet etterforskning<\/a> for \u00e5 finne ut om det er bakenforliggende \u00e5rsaker til at raset ble utl\u00f8st. Det gjelder s\u00e6rlig i forbindelse med det arbeidet som var satt i gang p\u00e5 stedet.\u00a0<\/p>\n<p>Hundene betyr alt<\/p>\n<p class=\"_paragraph_1bvmi_4 _paragraph_xtcu6_10 layout-component text-serif-m layout-normal text-serif-m layout-padded\">Hadde det ikke v\u00e6rt for at hundene sto i fare, hadde hun ikke reagert s\u00e5 kraftig, tror hun. <\/p>\n<p class=\"_paragraph_1bvmi_4 _paragraph_xtcu6_10 layout-component text-serif-m layout-normal text-serif-m layout-padded\">\u2013 Alle er ansvarlige for seg selv om det skjer noe. Men hundene, de er jo helt hjelpel\u00f8se. Jeg har jo satt dem fast der og de er ikke frie, forteller hun tydelig ber\u00f8rt.<\/p>\n<p class=\"_paragraph_1bvmi_4 _paragraph_xtcu6_10 layout-component text-serif-m layout-normal text-serif-m layout-padded\"><strong class=\"_strong_1bvmi_25\">\u2013 Hadde de blitt tatt av raset, hadde jeg aldri tilgitt meg selv. <\/strong><\/p>\n<p><img alt=\"Foto: Hedda Kurseth\" class=\"_image_qp4xg_65 layout-component layout-normal\" data-fullscreen- data-track-element-type=\"Article image fullscreen\" data-track-name=\"ImageFullscreen\" decoding=\"async\" loading=\"lazy\" height=\"2656\" itemprop=\"image\"  src=\"https:\/\/www.europesays.com\/no\/wp-content\/uploads\/2025\/09\/d9121592-448e-43e9-8d5a-cec99283b25a\"  style=\"object-position:0% 0%\" width=\"3984\"\/>Foto: Hedda Kurseth<\/p>\n<p class=\"_paragraph_1bvmi_4 _paragraph_xtcu6_10 layout-component text-serif-m layout-normal text-serif-m layout-padded\">Alle hundene klarte seg. Men Holthe glemmer ikke hendelsen med det f\u00f8rste: <\/p>\n<p class=\"_paragraph_1bvmi_4 _paragraph_xtcu6_10 layout-component text-serif-m layout-normal text-serif-m layout-padded\">\u2013 Man blir s\u00e5 liten da. N\u00e5r naturen begynner \u00e5 vise kreftene sine, s\u00e5 har man null \u00e5 stille opp med. <\/p>\n<p class=\"_paragraph_1bvmi_4 _paragraph_xtcu6_10 layout-component text-serif-m layout-normal text-serif-m layout-padded\">Redningsmannskapet leter fremdeles etter den savnede mannen som de tror har omkommet i raset. <\/p>\n<p class=\"_paragraph_1bvmi_4 _paragraph_xtcu6_10 layout-component text-serif-m layout-normal text-serif-m layout-padded\">\u2013 Det er forferdelig tragisk og un\u00f8dvendig, sier hun:<\/p>\n<p class=\"_paragraph_1bvmi_4 _paragraph_xtcu6_10 layout-component text-serif-m layout-normal text-serif-m layout-padded\"><strong class=\"_strong_1bvmi_25\">\u2013 Jeg synes at menneskeliv er langt viktigere enn utbygging.<\/strong> <\/p>\n<p>Les ogs\u00e5<\/p>\n","protected":false},"excerpt":{"rendered":"Linn Elizabeth \u00d8rnulfsdatter Holthe varslet om raset i Levanger, r\u00f8mte over jordet og m\u00e5tte la de fleste hundene&hellip;\n","protected":false},"author":2,"featured_media":24958,"comment_status":"","ping_status":"","sticky":false,"template":"","format":"standard","meta":{"footnotes":""},"categories":[10],"tags":[20,21,24,25,15,3791,22,23,492,13,30,28,29,14,16,1149,3847,26,27],"class_list":{"0":"post-24957","1":"post","2":"type-post","3":"status-publish","4":"format-standard","5":"has-post-thumbnail","7":"category-norge","8":"tag-breaking-news","9":"tag-breakingnews","10":"tag-featured-news","11":"tag-featurednews","12":"tag-headlines","13":"tag-kvikkleire","14":"tag-latest-news","15":"tag-latestnews","16":"tag-levanger","17":"tag-news","18":"tag-no","19":"tag-norge","20":"tag-norway","21":"tag-nyheter","22":"tag-overskrifter","23":"tag-ras","24":"tag-roros","25":"tag-top-stories","26":"tag-topstories"},"share_on_mastodon":{"url":"","error":""},"_links":{"self":[{"href":"https:\/\/www.europesays.com\/no\/wp-json\/wp\/v2\/posts\/24957","targetHints":{"allow":["GET"]}}],"collection":[{"href":"https:\/\/www.europesays.com\/no\/wp-json\/wp\/v2\/posts"}],"about":[{"href":"https:\/\/www.europesays.com\/no\/wp-json\/wp\/v2\/types\/post"}],"author":[{"embeddable":true,"href":"https:\/\/www.europesays.com\/no\/wp-json\/wp\/v2\/users\/2"}],"replies":[{"embeddable":true,"href":"https:\/\/www.europesays.com\/no\/wp-json\/wp\/v2\/comments?post=24957"}],"version-history":[{"count":0,"href":"https:\/\/www.europesays.com\/no\/wp-json\/wp\/v2\/posts\/24957\/revisions"}],"wp:featuredmedia":[{"embeddable":true,"href":"https:\/\/www.europesays.com\/no\/wp-json\/wp\/v2\/media\/24958"}],"wp:attachment":[{"href":"https:\/\/www.europesays.com\/no\/wp-json\/wp\/v2\/media?parent=24957"}],"wp:term":[{"taxonomy":"category","embeddable":true,"href":"https:\/\/www.europesays.com\/no\/wp-json\/wp\/v2\/categories?post=24957"},{"taxonomy":"post_tag","embeddable":true,"href":"https:\/\/www.europesays.com\/no\/wp-json\/wp\/v2\/tags?post=24957"}],"curies":[{"name":"wp","href":"https:\/\/api.w.org\/{rel}","templated":true}]}}