{"id":249706,"date":"2026-05-28T01:42:25","date_gmt":"2026-05-28T01:42:25","guid":{"rendered":"https:\/\/www.europesays.com\/no\/249706\/"},"modified":"2026-05-28T01:42:25","modified_gmt":"2026-05-28T01:42:25","slug":"flere-besvimte-helt-forferdelig","status":"publish","type":"post","link":"https:\/\/www.europesays.com\/no\/249706\/","title":{"rendered":"Flere besvimte: &#8211; Helt forferdelig"},"content":{"rendered":"<p>    Det som skulle v\u00e6re en vanlig togtur til jobb, ble et pendlermareritt for Eivind Hjelle. Vy beklager situasjonen.<\/p>\n<p>\n    M\u00c5TTE F\u00c5 HJELP: En person m\u00e5tte f\u00e5 hjelp p\u00e5 Nationaltheatret stasjon etter \u00e5 ha besvimt p\u00e5 toget, forteller Hjelle. Foto: Privat\n  <\/p>\n<p> Tirsdag morgen skulle Eivind Hjelle ta sitt vanlige pendlertog med Vy fra T\u00f8nsberg stasjon til Oslo klokka 06.09. <\/p>\n<p>Hjelle er vant til at togene ofte er fulle, men denne morgenen fikk han nok. <\/p>\n<p>Denne morgenen kj\u00f8rte toget med bare fem vogner, i stedet for ti som det pleier.\u00a0Det f\u00f8rte raskt til overfylte vogner og massiv trengsel blant passasjerene. <\/p>\n<p>&#8211; P\u00e5 stoppet etter T\u00f8nsberg var det bare st\u00e5plasser igjen. P\u00e5 Holmestrand stasjon sto vi som sild i t\u00f8nne, og i Drammen var det som en metro i Tokyo. Folk m\u00e5tte dytte for \u00e5 f\u00e5 plass, og n\u00e5r man skal st\u00e5 s\u00e5nn i over en time, da faller man, sier Hjelle til Dagbladet. <\/p>\n<p><a href=\"https:\/\/www.tb.no\/eivind-etter-togturen-nar-passasjerer-besvimer-da-gar-det-for-langt\/s\/5-76-2860435\" target=\"_blank\" rel=\"nofollow noopener\">T\u00f8nsberg Blad<\/a> omtalte saken f\u00f8rst.\u00a0<\/p>\n<p>    <a itemprop=\"url\" href=\"https:\/\/www.dagbladet.no\/nyheter\/utrolig-redningsaksjon-funnet-i-live\/84680148\" rel=\"nofollow noopener\" target=\"_blank\"><\/p>\n<p>        <img loading=\"lazy\" decoding=\"async\" src=\"https:\/\/www.europesays.com\/no\/wp-content\/uploads\/2026\/05\/1779932544_519_84680167.webp\" width=\"980\" height=\"441\" alt=\"\" class=\"lazyload\" style=\"--aspect-ratio-image: 2.22; \"\/><\/p>\n<p>        Utrolig redningsaksjon: Funnet i live<\/p>\n<p>    <\/a><\/p>\n<p>&#8211; Ropte etter hjelp\t<\/p>\n<p>Da det stappfulle toget kj\u00f8rte videre etter Drammen, besvimte f\u00f8rste person.<\/p>\n<p class=\"font-weight-bold m-font-weight-bold\" data-lab-font_weight=\"font-weight-bold\">&#8211; En mann gikk i bakken rett foran meg og slo hodet sitt, forteller Hjelle.<\/p>\n<p> Etter hendelsen stoppet toget p\u00e5 Asker, hvor helsepersonell ble tilkalt. Flere pendlere som ikke \u00f8nsket \u00e5 vente til toget kunne kj\u00f8re videre, gikk deretter om bord p\u00e5 et annet tog mot Lillehammer. <\/p>\n<p>        I denne konkurransen blir det kastet ned en ost den bratte bakken Coopers Hill i landsbyen Brockworth i England.<\/p>\n<p>&#8211; Dette toget var allerede fullt, og vi sto altfor tett. P\u00e5 Lysaker besvimte enda en person, forteller Hjelle.\u00a0<\/p>\n<p>Situasjonen ble ytterligere forverret da toget ble st\u00e5ende i flere minutter p\u00e5 grunn av en feil p\u00e5 en sporveksel.<\/p>\n<p>&#8211; Det var ti stappfulle vogner, dritvarmt, ingen sitteplasser og ingenting \u00e5 holde seg i. Det var helt forferdelig, sier han.\u00a0<\/p>\n<p>        <img loading=\"lazy\" decoding=\"async\" src=\"https:\/\/www.europesays.com\/no\/wp-content\/uploads\/2026\/05\/84680930.webp\" width=\"980\" height=\"559\" alt=\"\" class=\"\" style=\"--aspect-ratio-image: 1.75; \"\/><\/p>\n<p>\n        SILD I T\u00d8NNE: Passasjerene sto som sild i t\u00f8nne, forteller Hjelle. Foto: Privat\n    <\/p>\n<p> If\u00f8lge Hjelle var heller ikke personene som besvimte typiske passasjerer man automatisk tilbyr sitteplass til. <\/p>\n<p>&#8211; Det er helt grusomt \u00e5 ta tog om dagen. Det som egentlig skal v\u00e6re en enkel tur p\u00e5 \u00e9n time og ti minutter med sitteplass, endte med flere togbytter og rop etter legehjelp, sier han fortvilet.\u00a0<\/p>\n<p>Hjelle krever n\u00e5 at Vy tar situasjonen p\u00e5 alvor og s\u00f8rger for at pendlerne f\u00e5r det tilbudet de betaler for.\u00a0 <\/p>\n<p>Vy: &#8211; Forst\u00e5r belastningen\t<\/p>\n<p> Kommunikasjonssjef i Vy, \u00c5ge-Christoffer Lundeby, bekrefter til Dagbladet at flere personer fikk helsehjelp etter togturen til Oslo tirsdag morgen.\u00a0<\/p>\n<p class=\"font-weight-bold m-font-weight-bold\" data-lab-font_weight=\"font-weight-bold\">Han forklarer at noen passasjerer gikk tilbake til det f\u00f8rste toget fra T\u00f8nsberg til Oslo etter det andre sykdomstilfellet p\u00e5 Lysaker.<\/p>\n<p>&#8211; Da ble det s\u00e5 fullt at ikke alle fikk plass, og personellet v\u00e5rt m\u00e5tte be passasjerene om \u00e5 vente til ambulansen hadde kommet, sier han.\u00a0<\/p>\n<p>        <img loading=\"lazy\" decoding=\"async\" itemprop=\"image\" src=\"https:\/\/www.europesays.com\/no\/wp-content\/uploads\/2026\/05\/84680653.webp\" width=\"180\" height=\"180\" alt=\"Age-Christoffer Lundeby\"\/><\/p>\n<p>                    Age-Christoffer Lundeby<br \/>\n                        Age-Christoffer<br \/>\n                        Lundeby<\/p>\n<p>Kommunikasjonssjef i Vy<\/p>\n<p>Pendler Hjelle forteller at enda en passasjer m\u00e5tte f\u00e5 hjelp da dette toget ankom Nationaltheatret stasjon. Det har ikke Vy f\u00e5tt bekreftet, sier Lundeby.\u00a0<\/p>\n<p> &#8211; Vi forst\u00e5r at dette er en belastning, spesielt for pendlere i Vestfold, som over tid har opplevd mindre plass enn det som er lagt opp til i ruteplanen, sier kommunikasjonssjefen. <\/p>\n<p>Jobber med l\u00f8sninger\t<\/p>\n<p> Lundeby understreker at togene generelt er fulle i rushtiden, og at situasjonen forverres ytterligere ved signalfeil, innstillinger og forsinkelser. Det var ogs\u00e5 tilfellet p\u00e5 strekningen tirsdag morgen. <\/p>\n<p> &#8211; Vi beklager at pendlerne ikke f\u00e5r det seteantallet vi \u00f8nsker \u00e5 tilby dem. Det skyldes at det er for f\u00e5 tog i Norge, og at vi har problemer med \u00e5 f\u00e5 ut nok vedlikehold fra verkstedet i Skien.<\/p>\n<p>Han beskriver situasjonen som krevende, men sier at Vy jobber med flere tiltak for \u00e5 redusere belastningen for pendlerne.\u00a0<\/p>\n<p>        HELT: En politikonstabel i Texas hylles etter \u00e5 ha kastet seg ut i kraftig flomvann for \u00e5 redde en baby fra en bil som holdt p\u00e5 \u00e5 bli tatt av str\u00f8mmen. Video: Beeville Police Department, reporter: Danny Son To<\/p>\n<p>&#8211; I lengre tid har vi sett p\u00e5 \u00e5 styrke vedlikeholdet i Skien for \u00e5 f\u00e5 flere tog ut i trafikk. Vi ser ogs\u00e5 p\u00e5 muligheten for \u00e5 stokke om eller omdisponere tog fra andre strekninger, slik at belastningen ikke alltid havner p\u00e5 Vestfold-pendlerne.<\/p>\n<p>Lundeby opplyser ogs\u00e5 at Vy setter inn busser som alternativ transport for tog mellom T\u00f8nsberg, Stokke og Oslo i rushtiden.<\/p>\n","protected":false},"excerpt":{"rendered":"Det som skulle v\u00e6re en vanlig togtur til jobb, ble et pendlermareritt for Eivind Hjelle. Vy beklager situasjonen.&hellip;\n","protected":false},"author":2,"featured_media":249707,"comment_status":"","ping_status":"","sticky":false,"template":"","format":"standard","meta":{"footnotes":"","_share_on_mastodon":"0"},"categories":[10],"tags":[20,21,24,25,15,2539,22,23,13,30,28,29,14,636,16,9514,26,27,2396],"class_list":["post-249706","post","type-post","status-publish","format-standard","has-post-thumbnail","category-norge","tag-breaking-news","tag-breakingnews","tag-featured-news","tag-featurednews","tag-headlines","tag-innenriks","tag-latest-news","tag-latestnews","tag-news","tag-no","tag-norge","tag-norway","tag-nyheter","tag-oslo","tag-overskrifter","tag-pendling","tag-top-stories","tag-topstories","tag-vy"],"share_on_mastodon":{"url":"https:\/\/pubeurope.com\/@no\/116649666197645653","error":""},"_links":{"self":[{"href":"https:\/\/www.europesays.com\/no\/wp-json\/wp\/v2\/posts\/249706","targetHints":{"allow":["GET"]}}],"collection":[{"href":"https:\/\/www.europesays.com\/no\/wp-json\/wp\/v2\/posts"}],"about":[{"href":"https:\/\/www.europesays.com\/no\/wp-json\/wp\/v2\/types\/post"}],"author":[{"embeddable":true,"href":"https:\/\/www.europesays.com\/no\/wp-json\/wp\/v2\/users\/2"}],"replies":[{"embeddable":true,"href":"https:\/\/www.europesays.com\/no\/wp-json\/wp\/v2\/comments?post=249706"}],"version-history":[{"count":0,"href":"https:\/\/www.europesays.com\/no\/wp-json\/wp\/v2\/posts\/249706\/revisions"}],"wp:featuredmedia":[{"embeddable":true,"href":"https:\/\/www.europesays.com\/no\/wp-json\/wp\/v2\/media\/249707"}],"wp:attachment":[{"href":"https:\/\/www.europesays.com\/no\/wp-json\/wp\/v2\/media?parent=249706"}],"wp:term":[{"taxonomy":"category","embeddable":true,"href":"https:\/\/www.europesays.com\/no\/wp-json\/wp\/v2\/categories?post=249706"},{"taxonomy":"post_tag","embeddable":true,"href":"https:\/\/www.europesays.com\/no\/wp-json\/wp\/v2\/tags?post=249706"}],"curies":[{"name":"wp","href":"https:\/\/api.w.org\/{rel}","templated":true}]}}