{"id":24981,"date":"2025-09-02T14:43:11","date_gmt":"2025-09-02T14:43:11","guid":{"rendered":"https:\/\/www.europesays.com\/no\/24981\/"},"modified":"2025-09-02T14:43:11","modified_gmt":"2025-09-02T14:43:11","slug":"vekter-siktet-for-kroppskrenkelse-mot-to-personer-loslatt","status":"publish","type":"post","link":"https:\/\/www.europesays.com\/no\/24981\/","title":{"rendered":"Vekter siktet for kroppskrenkelse mot to personer \u2013 l\u00f8slatt"},"content":{"rendered":"\n<p class=\"_lead_1bvmi_2 _lead_xtcu6_50 layout-component text-serif-m layout-normal text-serif-l layout-component layout-wide layout-padded _wide_17hqh_1 layout-padded\">Mannen erkjenner ikke straffskyld.<\/p>\n<p> <img class=\"_image_qp4xg_65 layout-component layout-wide\" data-fullscreen- data-track-element-type=\"Article image fullscreen\" data-track-name=\"ImageFullscreen\" fetchpriority=\"high\" decoding=\"sync\" loading=\"eager\" height=\"181\" itemprop=\"image\"  src=\"https:\/\/www.europesays.com\/no\/wp-content\/uploads\/2025\/09\/1756824189_45_d59110f989f90088d87967da95dd3a1a.jpg\"  style=\"object-position:50% 50%;aspect-ratio:1.75;height:auto;object-fit:cover;width:100%\" width=\"102\"\/>  <\/p>\n<ul aria-hidden=\"true\" class=\"_images_1y6fe_106\">\n<li><a class=\"_link_1y6fe_111\" href=\"https:\/\/www.vg.no\/forfatter\/oscar-stroem-korsnes\" style=\"z-index:1\" title=\"Oscar Str\u00f8m Korsnes\" rel=\"nofollow noopener\" target=\"_blank\"><img alt=\"Bilde av Oscar Str\u00f8m Korsnes\" class=\"_image_1y6fe_88\" fetchpriority=\"low\" loading=\"lazy\" decoding=\"async\" itemprop=\"image\"  src=\"https:\/\/www.europesays.com\/no\/wp-content\/uploads\/2025\/09\/1756824190_716_42bf26cf-ad4c-4de0-a71e-34ecdab4bb12\"  width=\"480\"\/><\/a><\/li>\n<\/ul>\n<p> Oppdatert tirsdag 2. september kl. 15:52     <\/p>\n<p class=\"_paragraph_1bvmi_4 _paragraph_xtcu6_10 layout-component text-serif-m layout-normal text-serif-m layout-padded\">Det opplyser p\u00e5taleansvarlig Elisa Haugan til VG.<\/p>\n<p class=\"_paragraph_1bvmi_4 _paragraph_xtcu6_10 layout-component text-serif-m layout-normal text-serif-m layout-padded\">\u2013 En mann i 50-\u00e5rene er siktet for kroppskrenkelse mot to personer. Siktelsen omhandler to hendelser, og det er s\u00e5ledes to saker, som begge skal ha skjedd natt til s\u00f8ndag, opplyser Haugan.<\/p>\n<p class=\"_paragraph_1bvmi_4 _paragraph_xtcu6_10 layout-component text-serif-m layout-normal text-serif-m layout-padded\">Hun forteller videre at mannen er l\u00f8slatt og at han ikke erkjenner straffskyld.<\/p>\n<p class=\"_paragraph_1bvmi_4 _paragraph_xtcu6_10 layout-component text-serif-m layout-normal text-serif-m layout-padded\">Det var natt til s\u00f8ndag at politiet ble <a href=\"https:\/\/www.vg.no\/nyheter\/i\/pPzk96\/vekter-siktet-for-kroppskrenkelse-etter-kvelertak-utenfor-utested\" data-track-element-type=\"Link\" data-track-id=\"link:pPzk96\" class=\"_link_1bvmi_39\" rel=\"nofollow noopener\" target=\"_blank\">varslet om en hendelse<\/a> utenfor utesteder Xit i <a href=\"https:\/\/www.vg.no\/tag\/drammen?utm_source=vg-article&amp;utm_medium=auto-tagger&amp;utm_campaign=8qg4wd\" class=\"_link_1bvmi_39\" rel=\"nofollow noopener\" target=\"_blank\">Drammen<\/a>. VG har flere videoer som viser hvordan d\u00f8rvaktene ved Xit g\u00e5r l\u00f8s p\u00e5 to unge menn. Se opptakene \u00f8verst i saken.<\/p>\n<p><img alt=\"Foto: Skjermdump\" class=\"_image_qp4xg_65 layout-component layout-normal\" data-fullscreen- data-track-element-type=\"Article image fullscreen\" data-track-name=\"ImageFullscreen\" decoding=\"async\" loading=\"lazy\" height=\"601\" itemprop=\"image\"  src=\"https:\/\/www.europesays.com\/no\/wp-content\/uploads\/2025\/09\/1756824190_831_aac02e33-7b74-49f2-9876-35bf4ebe251b\"  style=\"object-position:0% 0%\" width=\"613\"\/>Foto: Skjermdump<\/p>\n<p class=\"_paragraph_1bvmi_4 _paragraph_xtcu6_10 layout-component text-serif-m layout-normal text-serif-m layout-padded\">Haugan uttalte mandag at mannen var p\u00e5grepet med bakgrunn i bevisforspillelsesfare.<\/p>\n<p class=\"_paragraph_1bvmi_4 _paragraph_xtcu6_10 layout-component text-serif-m layout-normal text-serif-m layout-padded\">\u2013 \u00a0Politiet har i dag gjennomf\u00f8rt en rekke etterforskningsskritt, blant annet vitneavh\u00f8r, avh\u00f8r av de forn\u00e6rmede samt nytt avh\u00f8r av siktede, sier hun tirsdag.<\/p>\n<p>    <img decoding=\"async\" alt=\"Tips oss illustrasjon\" width=\"62px\" height=\"auto\" src=\"https:\/\/www.europesays.com\/no\/wp-content\/uploads\/2025\/08\/1754784428_95_W9avJzE.png\"\/>    <\/p>\n<p class=\"title-serif-s\">Har du tips til oss?<\/p>\n<p class=\"text-sans-m\">Send oss informasjon, bilder eller video<\/p>\n<p>  <a href=\"https:\/\/www.vg.no\/tips-oss\" rel=\"nofollow noopener\" target=\"_blank\"> Tips oss <\/a>      <\/p>\n","protected":false},"excerpt":{"rendered":"Mannen erkjenner ikke straffskyld. Oppdatert tirsdag 2. september kl. 15:52 Det opplyser p\u00e5taleansvarlig Elisa Haugan til VG. \u2013&hellip;\n","protected":false},"author":2,"featured_media":24224,"comment_status":"","ping_status":"","sticky":false,"template":"","format":"standard","meta":{"footnotes":""},"categories":[10],"tags":[31,20,21,427,24,25,15,22,23,13,30,28,29,14,16,26,27],"class_list":{"0":"post-24981","1":"post","2":"type-post","3":"status-publish","4":"format-standard","5":"has-post-thumbnail","7":"category-norge","8":"tag-breaking","9":"tag-breaking-news","10":"tag-breakingnews","11":"tag-drammen","12":"tag-featured-news","13":"tag-featurednews","14":"tag-headlines","15":"tag-latest-news","16":"tag-latestnews","17":"tag-news","18":"tag-no","19":"tag-norge","20":"tag-norway","21":"tag-nyheter","22":"tag-overskrifter","23":"tag-top-stories","24":"tag-topstories"},"share_on_mastodon":{"url":"","error":""},"_links":{"self":[{"href":"https:\/\/www.europesays.com\/no\/wp-json\/wp\/v2\/posts\/24981","targetHints":{"allow":["GET"]}}],"collection":[{"href":"https:\/\/www.europesays.com\/no\/wp-json\/wp\/v2\/posts"}],"about":[{"href":"https:\/\/www.europesays.com\/no\/wp-json\/wp\/v2\/types\/post"}],"author":[{"embeddable":true,"href":"https:\/\/www.europesays.com\/no\/wp-json\/wp\/v2\/users\/2"}],"replies":[{"embeddable":true,"href":"https:\/\/www.europesays.com\/no\/wp-json\/wp\/v2\/comments?post=24981"}],"version-history":[{"count":0,"href":"https:\/\/www.europesays.com\/no\/wp-json\/wp\/v2\/posts\/24981\/revisions"}],"wp:featuredmedia":[{"embeddable":true,"href":"https:\/\/www.europesays.com\/no\/wp-json\/wp\/v2\/media\/24224"}],"wp:attachment":[{"href":"https:\/\/www.europesays.com\/no\/wp-json\/wp\/v2\/media?parent=24981"}],"wp:term":[{"taxonomy":"category","embeddable":true,"href":"https:\/\/www.europesays.com\/no\/wp-json\/wp\/v2\/categories?post=24981"},{"taxonomy":"post_tag","embeddable":true,"href":"https:\/\/www.europesays.com\/no\/wp-json\/wp\/v2\/tags?post=24981"}],"curies":[{"name":"wp","href":"https:\/\/api.w.org\/{rel}","templated":true}]}}