{"id":24998,"date":"2025-09-02T15:11:10","date_gmt":"2025-09-02T15:11:10","guid":{"rendered":"https:\/\/www.europesays.com\/no\/24998\/"},"modified":"2025-09-02T15:11:10","modified_gmt":"2025-09-02T15:11:10","slug":"arfan-bhatti-i-retten-forsvarer-lanserer-alternativ-teori","status":"publish","type":"post","link":"https:\/\/www.europesays.com\/no\/24998\/","title":{"rendered":"Arfan Bhatti i retten. Forsvarer lanserer alternativ teori."},"content":{"rendered":"\n<p class=\"_lead_1bvmi_2 _lead_xtcu6_50 layout-component text-serif-m layout-normal text-serif-l layout-component layout-wide layout-padded _wide_17hqh_1 layout-padded\">Forsvarer hevder PST-samtaler p\u00e5virket Zaniar Matapour forut for angrepet.<\/p>\n<p><img alt=\"FORSVARERE: John Christian Elden, Arfan Bhatti, Bernt Heiberg og Inger Zadig Foto: Ola Haram \/ VG\" class=\"_image_qp4xg_65 layout-component layout-wide\" data-fullscreen- data-track-element-type=\"Article image fullscreen\" data-track-name=\"ImageFullscreen\" fetchpriority=\"high\" decoding=\"sync\" loading=\"eager\" height=\"3815\" itemprop=\"image\"  src=\"https:\/\/www.europesays.com\/no\/wp-content\/uploads\/2025\/09\/3ba7167b-e6e5-4e81-9d24-e52b9a12ce50\"  style=\"object-position:0% 0%\" width=\"5722\"\/>FORSVARERE: John Christian Elden, Arfan Bhatti, Bernt Heiberg og Inger Zadig Foto: Ola Haram \/ VG<\/p>\n<ul aria-hidden=\"true\" class=\"_images_1y6fe_106\">\n<li><a class=\"_link_1y6fe_111\" href=\"https:\/\/www.vg.no\/forfatter\/ola-haram\" style=\"z-index:1\" title=\"Ola Haram\" rel=\"nofollow noopener\" target=\"_blank\"><img alt=\"Bilde av Ola Haram\" class=\"_image_1y6fe_88\" fetchpriority=\"low\" loading=\"lazy\" decoding=\"async\" itemprop=\"image\"  src=\"https:\/\/www.europesays.com\/no\/wp-content\/uploads\/2025\/09\/eb1cd510-8bbd-41ad-8377-f4ff91e91460\"  width=\"480\"\/><\/a><\/li>\n<\/ul>\n<p>Oslo tingrett Oppdatert tirsdag 2. september kl. 15:14     <\/p>\n<p class=\"_paragraph_1bvmi_4 _paragraph_xtcu6_10 layout-component text-serif-m layout-normal text-serif-m layout-padded\">Forsvareren til Arfan Bhatti, Bernt Heiberg, mener barnevernssaken til Zaniar Matapour kan forklare angrepet 25. juni 2022. Dette kom frem under f\u00f8rste rettsdag i Oslo tingrett.<\/p>\n<p class=\"_paragraph_1bvmi_4 _paragraph_xtcu6_10 layout-component text-serif-m layout-normal text-serif-m layout-padded\">\u2013 Vi mener at vi har klare holdepunkter i bevisf\u00f8rselen for at det som motiverte Matapour til \u00e5 beg\u00e5 skytingen, var hans irritasjon og frustrasjon rundt politiet og PSTs innblanding i hans barnefordelingssak, sier Bernt Heiberg til VG.<\/p>\n<p><img alt=\"Zaniar Matapour under sin egen rettssak. Da nektet han \u00e5 forklare seg.  Foto: Hallgeir V\u00e5genes \/ VG\" class=\"_image_qp4xg_65 layout-component layout-normal\" data-fullscreen- data-track-element-type=\"Article image fullscreen\" data-track-name=\"ImageFullscreen\" decoding=\"async\" loading=\"lazy\" height=\"2656\" itemprop=\"image\"  src=\"https:\/\/www.europesays.com\/no\/wp-content\/uploads\/2025\/09\/bfaa8c4d-8823-49b9-b465-5bc662f77c9b\"  style=\"object-position:0% 0%\" width=\"3984\"\/>Zaniar Matapour under sin egen rettssak. Da nektet han \u00e5 forklare seg.  Foto: Hallgeir V\u00e5genes \/ VG<\/p>\n<p class=\"_paragraph_1bvmi_4 _paragraph_xtcu6_10 layout-component text-serif-m layout-normal text-serif-m layout-padded\">Matapour hadde <a href=\"https:\/\/www.vg.no\/nyheter\/i\/abk4Ea\/terrorsiktet-inviterte-pst-ansatte-hjem-paa-middag\" data-track-element-type=\"Link\" data-track-id=\"link:abk4Ea\" class=\"_link_1bvmi_39\" rel=\"nofollow noopener\" target=\"_blank\">to samtaler med PST <\/a>i mars og mai 2022, kort tid f\u00f8r angrepet. <\/p>\n<p class=\"_paragraph_1bvmi_4 _paragraph_xtcu6_10 layout-component text-serif-m layout-normal text-serif-m layout-padded\">Under en senere rettspsykiatrisk unders\u00f8kelse fortalte Matapour at han<a href=\"https:\/\/www.vg.no\/nyheter\/i\/5B2Qmb\/bestemte-seg-for-aa-gjoere-noe-drastisk\" data-track-element-type=\"Link\" data-track-id=\"link:5B2Qmb\" class=\"_link_1bvmi_39\" rel=\"nofollow noopener\" target=\"_blank\"> f\u00f8lte seg sveket<\/a> av offentlige instanser som barnevernet, PST og politiet. <\/p>\n<p class=\"_paragraph_1bvmi_4 _paragraph_xtcu6_10 layout-component text-serif-m layout-normal text-serif-m layout-padded\"><strong class=\"_strong_1bvmi_25\">If\u00f8lge Heiberg har Matapour sagt seg villig til \u00e5 forklare seg i rettssaken mot Bhatti.<\/strong><\/p>\n<p class=\"_paragraph_1bvmi_4 _paragraph_xtcu6_10 layout-component text-serif-m layout-normal text-serif-m layout-padded\">\u2013 Vi tenker at det er en vesentlig svakhet i forhold til dommen mot Matapour at man fikk for liten bevisf\u00f8rsel rundt hva som faktisk motiverte han eller ikke, sier Heiberg til VG. <\/p>\n<p><img alt=\"Arfan Bhatti lot seg avfotografere p\u00e5 rettens f\u00f8rste dag.  Foto: Ola Haram \/ VG\" class=\"_image_qp4xg_65 layout-component layout-normal\" data-fullscreen- data-track-element-type=\"Article image fullscreen\" data-track-name=\"ImageFullscreen\" decoding=\"async\" loading=\"lazy\" height=\"2403\" itemprop=\"image\"  src=\"https:\/\/www.europesays.com\/no\/wp-content\/uploads\/2025\/09\/eb5f70b1-aaae-4a9b-b53f-da055315f36b\"  style=\"object-position:0% 0%\" width=\"2366\"\/>Arfan Bhatti lot seg avfotografere p\u00e5 rettens f\u00f8rste dag.  Foto: Ola Haram \/ VGBhatti vil ogs\u00e5 forklare seg<\/p>\n<p class=\"_paragraph_1bvmi_4 _paragraph_xtcu6_10 layout-component text-serif-m layout-normal text-serif-m layout-padded\">Ogs\u00e5 Arfan Bhatti har <a href=\"https:\/\/www.vg.no\/nyheter\/i\/3My0XX\/livslang-kriminell-arfan-bhatti-paa-tiltalebenken-etter-terror\" data-track-element-type=\"Link\" data-track-id=\"link:3My0XX\" class=\"_link_1bvmi_39\" rel=\"nofollow noopener\" target=\"_blank\">sagt at han vil forklare seg<\/a> til tingretten.<\/p>\n<p class=\"_paragraph_1bvmi_4 _paragraph_xtcu6_10 layout-component text-serif-m layout-normal text-serif-m layout-padded\"><strong class=\"_strong_1bvmi_25\">\u2013 Jeg kommer til \u00e5 gi en lang forklaring. Antakeligvis, svarte Bhatti p\u00e5 direkte sp\u00f8rsm\u00e5l fra dommer Kim Heger.<\/strong><\/p>\n<p class=\"_paragraph_1bvmi_4 _paragraph_xtcu6_10 layout-component text-serif-m layout-normal text-serif-m layout-padded\">Hans forsvarer utdyper:<\/p>\n<p class=\"_paragraph_1bvmi_4 _paragraph_xtcu6_10 layout-component text-serif-m layout-normal text-serif-m layout-padded\">\u2013 Han mener han er blitt uriktig fremstilt b\u00e5de av p\u00e5talemyndigheten og media, og \u00f8nsker \u00e5 forklare hvordan han mener ting faktisk henger sammen, sier Heiberg.<\/p>\n<p class=\"_paragraph_1bvmi_4 _paragraph_xtcu6_10 layout-component text-serif-m layout-normal text-serif-m layout-padded\">Det er satt av to fulle dager til Bhatti sin forklaring i retten.<\/p>\n<p class=\"_paragraph_1bvmi_4 _paragraph_xtcu6_10 layout-component text-serif-m layout-normal text-serif-m layout-padded\"> \u2013\u2060\u00a0Vi tenker at det er viktig at domstolen f\u00e5r det fulle bildet om hva som har skjedd i opptakene til dette, sier Heiberg. <\/p>\n<p><img alt=\"Statsadvokat Aud Kinsarvik Grav\u00e5s  Foto: Ole Berg-Rusten \/ NTB\" class=\"_image_qp4xg_65 layout-component layout-normal\" data-fullscreen- data-track-element-type=\"Article image fullscreen\" data-track-name=\"ImageFullscreen\" decoding=\"async\" loading=\"lazy\" height=\"6014\" itemprop=\"image\"  src=\"https:\/\/www.europesays.com\/no\/wp-content\/uploads\/2025\/09\/85868e00-f04a-47c6-b4da-f4ea7b7c5263\"  style=\"object-position:0% 0%\" width=\"9111\"\/>Statsadvokat Aud Kinsarvik Grav\u00e5s  Foto: Ole Berg-Rusten \/ NTBSer frem til forklaring<\/p>\n<p class=\"_paragraph_1bvmi_4 _paragraph_xtcu6_10 layout-component text-serif-m layout-normal text-serif-m layout-padded\">\u2013 Vi er alltid glade n\u00e5r en tiltalt vil forklare seg. Han har ikke forklart seg om saken til politiet tidligere, s\u00e5 det vil v\u00e6re nytt, sier statsadvokat Aud Kinsarvik Grav\u00e5s til VG.<\/p>\n<p class=\"_paragraph_1bvmi_4 _paragraph_xtcu6_10 layout-component text-serif-m layout-normal text-serif-m layout-padded\">Rettssaken mot Bhatti er ventet \u00e5 vare til november.<\/p>\n","protected":false},"excerpt":{"rendered":"Forsvarer hevder PST-samtaler p\u00e5virket Zaniar Matapour forut for angrepet. FORSVARERE: John Christian Elden, Arfan Bhatti, Bernt Heiberg og&hellip;\n","protected":false},"author":2,"featured_media":24999,"comment_status":"","ping_status":"","sticky":false,"template":"","format":"standard","meta":{"footnotes":""},"categories":[10],"tags":[3983,20,21,24,25,15,22,23,13,30,28,29,14,16,3984,26,27],"class_list":{"0":"post-24998","1":"post","2":"type-post","3":"status-publish","4":"format-standard","5":"has-post-thumbnail","7":"category-norge","8":"tag-arfan-qadeer-bhatti","9":"tag-breaking-news","10":"tag-breakingnews","11":"tag-featured-news","12":"tag-featurednews","13":"tag-headlines","14":"tag-latest-news","15":"tag-latestnews","16":"tag-news","17":"tag-no","18":"tag-norge","19":"tag-norway","20":"tag-nyheter","21":"tag-overskrifter","22":"tag-terrorangrepet-under-pride-festivalen","23":"tag-top-stories","24":"tag-topstories"},"share_on_mastodon":{"url":"","error":""},"_links":{"self":[{"href":"https:\/\/www.europesays.com\/no\/wp-json\/wp\/v2\/posts\/24998","targetHints":{"allow":["GET"]}}],"collection":[{"href":"https:\/\/www.europesays.com\/no\/wp-json\/wp\/v2\/posts"}],"about":[{"href":"https:\/\/www.europesays.com\/no\/wp-json\/wp\/v2\/types\/post"}],"author":[{"embeddable":true,"href":"https:\/\/www.europesays.com\/no\/wp-json\/wp\/v2\/users\/2"}],"replies":[{"embeddable":true,"href":"https:\/\/www.europesays.com\/no\/wp-json\/wp\/v2\/comments?post=24998"}],"version-history":[{"count":0,"href":"https:\/\/www.europesays.com\/no\/wp-json\/wp\/v2\/posts\/24998\/revisions"}],"wp:featuredmedia":[{"embeddable":true,"href":"https:\/\/www.europesays.com\/no\/wp-json\/wp\/v2\/media\/24999"}],"wp:attachment":[{"href":"https:\/\/www.europesays.com\/no\/wp-json\/wp\/v2\/media?parent=24998"}],"wp:term":[{"taxonomy":"category","embeddable":true,"href":"https:\/\/www.europesays.com\/no\/wp-json\/wp\/v2\/categories?post=24998"},{"taxonomy":"post_tag","embeddable":true,"href":"https:\/\/www.europesays.com\/no\/wp-json\/wp\/v2\/tags?post=24998"}],"curies":[{"name":"wp","href":"https:\/\/api.w.org\/{rel}","templated":true}]}}