{"id":25000,"date":"2025-09-02T15:18:08","date_gmt":"2025-09-02T15:18:08","guid":{"rendered":"https:\/\/www.europesays.com\/no\/25000\/"},"modified":"2025-09-02T15:18:08","modified_gmt":"2025-09-02T15:18:08","slug":"kripos-krim-kripos-atvarar-om-ekstreme-nettmiljo-ber-vaksne-folgje-med","status":"publish","type":"post","link":"https:\/\/www.europesays.com\/no\/25000\/","title":{"rendered":"Kripos, Krim | Kripos \u00e5tvarar om ekstreme nettmilj\u00f8 \u2013 ber vaksne f\u00f8lgje med"},"content":{"rendered":"\n<p>If\u00f8lgje Kripos g\u00e5r det f\u00f8re seg aktiv rekruttering av barn og unge i desse milj\u00f8a. Dei opererer i sosiale medium, i spel og i opne st\u00f8ttegrupper for psykisk helse, skriv Kripos i ei <a rel=\"noopener nofollow\" href=\"https:\/\/www.politiet.no\/nyheter-og-presse\/kripos\/nyhet\/2025-09-01\/politiet-advarer-mot-ekstreme-nettsamfunn\" target=\"_blank\">pressemelding<\/a>.<\/p>\n<p>\u2013 Vi har sett ein auke av saker b\u00e5de internasjonalt og i Norge. Norsk ungdom blir utnytta i desse ekstreme nettsamfunna, men vi ser ogs\u00e5 norske unge som sj\u00f8lv blir gjerningspersonar. No ber vi om hjelp til \u00e5 f\u00f8rebyggje at ungdom blir trekt inn i desse sv\u00e6rt destruktive milj\u00f8a, seier seksjonsleiar Lise Matheson i Kripos.<\/p>\n<p>Vald og ekstremistisk innhald<\/p>\n<p>If\u00f8lgje politiet er form\u00e5let til nettverka ofte \u00e5 bryte samfunnsnormer og normalisere vald, for p\u00e5 sikt \u00e5 p\u00e5verke mindre\u00e5rige til \u00e5 gjere seg skuldig i valdshandlingar. Gjerningspersonane bruker omsorg, merksemd og manipulasjon for \u00e5 trekkje barn inn i milj\u00f8a.<\/p>\n<p>Etter kvart kan relasjonen utvikle seg vidare til press, truslar og utpressing. Barn kan d\u00e5 bli tvinga til mellom anna sj\u00f8lvskading, seksuelle handlingar, vald mot dyr eller menneske, eller \u00e5 spreie ekstremistisk innhald. Mykje av dette blir dokumentert og delt vidare i milj\u00f8a.<\/p>\n<p>Fleire faresignal<\/p>\n<p>Kripos ber vaksne, slik som foreldre og l\u00e6rarar, om \u00e5 vere merksame p\u00e5 faresignal som:<\/p>\n<p>* Hemmeleghald om nettbruk<\/p>\n<p>* Auka isolasjon og hum\u00f8rsvingingar<\/p>\n<p>* Interesse for vald eller symbolbruk knytt til ekstreme milj\u00f8<\/p>\n<p>\u2013 Foreldre, l\u00e6rarar og andre vaksne m\u00e5 vere opne, tilgjengelege og trygge \u00e5 snakke med. Det viktigaste er \u00e5 lytte utan \u00e5 d\u00f8mme, stille nysgjerrige sp\u00f8rsm\u00e5l og tidleg s\u00f8kje hjelp hos skule, helsesjukepleiar eller politiet, dersom ein er bekymra, skriv Kripos.<\/p>\n<p>Les meir om: artikkelemnene<\/p>\n","protected":false},"excerpt":{"rendered":"If\u00f8lgje Kripos g\u00e5r det f\u00f8re seg aktiv rekruttering av barn og unge i desse milj\u00f8a. Dei opererer i&hellip;\n","protected":false},"author":2,"featured_media":25001,"comment_status":"","ping_status":"","sticky":false,"template":"","format":"standard","meta":{"footnotes":""},"categories":[10],"tags":[36,20,21,24,25,15,983,1957,22,23,13,30,28,29,14,16,1510,26,27,3985],"class_list":{"0":"post-25000","1":"post","2":"type-post","3":"status-publish","4":"format-standard","5":"has-post-thumbnail","7":"category-norge","8":"tag-art","9":"tag-breaking-news","10":"tag-breakingnews","11":"tag-featured-news","12":"tag-featurednews","13":"tag-headlines","14":"tag-krim","15":"tag-kripos","16":"tag-latest-news","17":"tag-latestnews","18":"tag-news","19":"tag-no","20":"tag-norge","21":"tag-norway","22":"tag-nyheter","23":"tag-overskrifter","24":"tag-story","25":"tag-top-stories","26":"tag-topstories","27":"tag-ungdom"},"share_on_mastodon":{"url":"","error":""},"_links":{"self":[{"href":"https:\/\/www.europesays.com\/no\/wp-json\/wp\/v2\/posts\/25000","targetHints":{"allow":["GET"]}}],"collection":[{"href":"https:\/\/www.europesays.com\/no\/wp-json\/wp\/v2\/posts"}],"about":[{"href":"https:\/\/www.europesays.com\/no\/wp-json\/wp\/v2\/types\/post"}],"author":[{"embeddable":true,"href":"https:\/\/www.europesays.com\/no\/wp-json\/wp\/v2\/users\/2"}],"replies":[{"embeddable":true,"href":"https:\/\/www.europesays.com\/no\/wp-json\/wp\/v2\/comments?post=25000"}],"version-history":[{"count":0,"href":"https:\/\/www.europesays.com\/no\/wp-json\/wp\/v2\/posts\/25000\/revisions"}],"wp:featuredmedia":[{"embeddable":true,"href":"https:\/\/www.europesays.com\/no\/wp-json\/wp\/v2\/media\/25001"}],"wp:attachment":[{"href":"https:\/\/www.europesays.com\/no\/wp-json\/wp\/v2\/media?parent=25000"}],"wp:term":[{"taxonomy":"category","embeddable":true,"href":"https:\/\/www.europesays.com\/no\/wp-json\/wp\/v2\/categories?post=25000"},{"taxonomy":"post_tag","embeddable":true,"href":"https:\/\/www.europesays.com\/no\/wp-json\/wp\/v2\/tags?post=25000"}],"curies":[{"name":"wp","href":"https:\/\/api.w.org\/{rel}","templated":true}]}}