{"id":25043,"date":"2025-09-02T16:01:10","date_gmt":"2025-09-02T16:01:10","guid":{"rendered":"https:\/\/www.europesays.com\/no\/25043\/"},"modified":"2025-09-02T16:01:10","modified_gmt":"2025-09-02T16:01:10","slug":"okseofferet-fortalte-politiet-om-slagsmalet-pa-seilbaten-i-karibia","status":"publish","type":"post","link":"https:\/\/www.europesays.com\/no\/25043\/","title":{"rendered":"\u00d8kseofferet fortalte politiet om slagsm\u00e5let p\u00e5 seilb\u00e5ten i Karibia"},"content":{"rendered":"\n<ul class=\"_list_1bvmi_3 _list_1flq1_85 _unordered_1bvmi_99 text-sans-m\">\n<li class=\"_item_1bvmi_30\">En 54-\u00e5rig nordmann ble angrepet med \u00f8ks p\u00e5 havseileren \u00abOlliver\u00bb i Karibia i 2023.<\/li>\n<li class=\"_item_1bvmi_30\">Mannen d\u00f8de i sommer, men forklarte politiet at overfallet mot ham kom ut av intet.<\/li>\n<li class=\"_item_1bvmi_30\">B\u00e5tens kaptein, en 61-\u00e5ring fra Oslo, st\u00e5r tiltalt for drapsfors\u00f8k, men nekter skyld og hevder n\u00f8dverge.<\/li>\n<\/ul>\n<p>Vis mer <\/p>\n<p class=\"_paragraph_1bvmi_4 _paragraph_xtcu6_10 layout-component text-serif-m layout-normal text-serif-m layout-padded\">54-\u00e5ringen kan ikke forklare seg i <a href=\"https:\/\/www.vg.no\/tag\/oslo-tingrett?utm_source=vg-article&amp;utm_medium=auto-tagger&amp;utm_campaign=Xjr1n7\" class=\"_link_1bvmi_39\" rel=\"nofollow noopener\" target=\"_blank\">Oslo tingrett<\/a> om det blodige basketaket p\u00e5 havseileren \u00abOlliver\u00bb i Karibia natt til 26. juli 2023. Han d\u00f8de i sommer.<\/p>\n<p class=\"_paragraph_1bvmi_4 _paragraph_xtcu6_10 layout-component text-serif-m layout-normal text-serif-m layout-padded\"><a href=\"https:\/\/www.vg.no\/nyheter\/i\/dRX1dw\/61-aaring-i-retten-for-drapsforsoek-paa-norskregistrert-seilbaat-i-det-karibiske-hav\" data-track-element-type=\"Link\" data-track-id=\"link:dRX1dw\" class=\"_link_1bvmi_39\" rel=\"nofollow noopener\" target=\"_blank\">B\u00e5tens kaptein er tiltalt <\/a>for drapsfors\u00f8k. Med stor kraft skal han ha p\u00e5f\u00f8rt sitt mannskap ni \u00f8kseslag bakfra. 61-\u00e5ringen nekter straffskyld og p\u00e5beroper seg n\u00f8dverge.<\/p>\n<p class=\"_paragraph_1bvmi_4 _paragraph_xtcu6_10 layout-component text-serif-m layout-normal text-serif-m layout-padded\">Deler av forn\u00e6rmedes politiforklaring blir tirsdag tillatt avspilt i retten. De to involverte forklarer seg stikk motsatt om slagsm\u00e5let p\u00e5 den 50 fot store seilb\u00e5ten. Ord st\u00e5r mot ord.<\/p>\n<p class=\"_paragraph_1bvmi_4 _paragraph_xtcu6_10 layout-component text-serif-m layout-normal text-serif-m layout-padded\">Mens tiltalte hevder at det var ham som f\u00f8rst ble angrepet med kniv, fremholdt forn\u00e6rmede i avh\u00f8r at det var ham som ble overfalt mens han skulle rulle ut forseilet.<\/p>\n<p class=\"_paragraph_1bvmi_4 _paragraph_xtcu6_10 layout-component text-serif-m layout-normal text-serif-m layout-padded\">\u2013 Det bare smeller i bakhue p\u00e5 meg, forklarer han p\u00e5 video fra sykesengen i 2023.<\/p>\n<p class=\"_paragraph_1bvmi_4 _paragraph_xtcu6_10 layout-component text-serif-m layout-normal text-serif-m layout-padded\">Han sier han ikke skj\u00f8nte hva som hendte og tenkte at han dr\u00f8mte.<\/p>\n<p class=\"_paragraph_1bvmi_4 _paragraph_xtcu6_10 layout-component text-serif-m layout-normal text-serif-m layout-padded\">\u2013 S\u00e5 smeller det en gang til, jeg tror fortsatt jeg dr\u00f8mmer. Det var helt spr\u00f8tt. Blikket da han sto med \u00f8ksa over meg, det var helt vilt. Ikke sint, men tomt og m\u00e5lbevisst.<\/p>\n<p><img alt=\"Aktor Geir Evanger med \u00f8ksen som ble brukt.  Foto: Sven Arne Buggeland \/ VG\" class=\"_image_qp4xg_65 layout-component layout-normal\" data-fullscreen- data-track-element-type=\"Article image fullscreen\" data-track-name=\"ImageFullscreen\" decoding=\"async\" loading=\"lazy\" height=\"3024\" itemprop=\"image\"  src=\"https:\/\/www.europesays.com\/no\/wp-content\/uploads\/2025\/09\/4c610120-8000-4900-b235-7bbb7781ea0f\"  style=\"object-position:0% 0%\" width=\"4032\"\/>Aktor Geir Evanger med \u00f8ksen som ble brukt.  Foto: Sven Arne Buggeland \/ VG<\/p>\n<p class=\"_paragraph_1bvmi_4 _paragraph_xtcu6_10 layout-component text-serif-m layout-normal text-serif-m layout-padded\">De to karene sl\u00e5ss p\u00e5 dekk og pr\u00f8ver \u00e5 kaste hverandre over rekka. Til sist klarer forn\u00e6rmede \u00e5 ta seg ned luken til lugaren i forpiggen av den store havseileren.<\/p>\n<p class=\"_paragraph_1bvmi_4 _paragraph_xtcu6_10 layout-component text-serif-m layout-normal text-serif-m layout-padded\">\u2013 Jeg kjente at det surklet inni hodet. Blodet rant, tommelen hang i en sene. Jeg var groggy og svak, trodde at jeg var p\u00e5 vei til \u00e5 bl\u00f8 ihjel. Men han skulle ikke klare \u00e5 drepe meg.<\/p>\n<p class=\"_paragraph_1bvmi_4 _paragraph_xtcu6_10 layout-component text-serif-m layout-normal text-serif-m layout-padded\">Han forskanser seg i lugaren og hevder at tiltalte pr\u00f8vde \u00e5 stenge av vanntilf\u00f8rselen hans. <\/p>\n<p>\u2013 Livet ebbet ut<\/p>\n<p class=\"_paragraph_1bvmi_4 _paragraph_xtcu6_10 layout-component text-serif-m layout-normal text-serif-m layout-padded\">\u2013 Jeg merket at livet ebbet ut, at jeg ble svakere og svakere. Jeg var redd for \u00e5 bli skadet og drept og dumpet i Atlanteren.<\/p>\n<p class=\"_paragraph_1bvmi_4 _paragraph_xtcu6_10 layout-component text-serif-m layout-normal text-serif-m layout-padded\">Han gjorde seg klar til \u00e5 forsvare seg, men ble plukket opp av \u00abPort Tokyo\u00bb morgenen etter.<\/p>\n<p class=\"_paragraph_1bvmi_4 _paragraph_xtcu6_10 layout-component text-serif-m layout-normal text-serif-m layout-padded\">Skipsjefen p\u00e5 bulkskipet som kom dem til unnsetning, fikk de f\u00f8rste uttalelsene fra \u00f8kseofferet. En politioverbetjent i Kripos gjenga utsagnene hans for tingretten:<\/p>\n<p class=\"_paragraph_1bvmi_4 _paragraph_xtcu6_10 layout-component text-serif-m layout-normal text-serif-m layout-padded\">\u2013 Han fortalte at han ble sl\u00e5tt ned bakfra, da han ville sette seil mot vinden. Han fikk tre slag f\u00f8r han falt. S\u00e5 fortsatte tiltalte \u00e5 sl\u00e5 ham med \u00f8ksen.<\/p>\n<p><img alt=\"Bulkskipet \u00abPort Tokyo\u00bb tok den tilskadekomne om bord.  Foto: Marine Traffic\" class=\"_image_qp4xg_65 layout-component layout-normal\" data-fullscreen- data-track-element-type=\"Article image fullscreen\" data-track-name=\"ImageFullscreen\" decoding=\"async\" loading=\"lazy\" height=\"1356\" itemprop=\"image\"  src=\"https:\/\/www.europesays.com\/no\/wp-content\/uploads\/2025\/09\/b7a6fecf-07ae-4129-aa44-d8d76bc507d2\"  style=\"object-position:0% 0%\" width=\"2294\"\/>Bulkskipet \u00abPort Tokyo\u00bb tok den tilskadekomne om bord.  Foto: Marine Traffic<\/p>\n<p class=\"_paragraph_1bvmi_4 _paragraph_xtcu6_10 layout-component text-serif-m layout-normal text-serif-m layout-padded\">Forn\u00e6rmede var p\u00e5f\u00f8rt brudd i skallen og store kuttskader i hode og overkropp. <\/p>\n<p class=\"_paragraph_1bvmi_4 _paragraph_xtcu6_10 layout-component text-serif-m layout-normal text-serif-m layout-padded\">\u2013 Det m\u00e5 anses som en tilfeldighet at volden mot hode og overkropp ikke har f\u00e5tt d\u00f8delig utgang, uttalte den sakkyndige rettsmedisineren Arne Stray Pedersen tirsdag.<\/p>\n<p class=\"_paragraph_1bvmi_4 _paragraph_xtcu6_10 layout-component text-serif-m layout-normal text-serif-m layout-padded\">Han karakteriserer tiltaltes skader etter basketaket som overfladiske.<\/p>\n<p>\u2013 Spilte sjakk og dam<\/p>\n<p class=\"_paragraph_1bvmi_4 _paragraph_xtcu6_10 layout-component text-serif-m layout-normal text-serif-m layout-padded\">De to nordmennene hadde f\u00e5tt i oppdrag \u00e5 seile norskregistrerte \u00abOlliver\u00bb fra Spania til Trinidad i Det karibiske hav, men kom ikke overens, if\u00f8lge tiltalte.<\/p>\n<p class=\"_paragraph_1bvmi_4 _paragraph_xtcu6_10 layout-component text-serif-m layout-normal text-serif-m layout-padded\">Han beskrev sitt mannskap som vanskelig fra f\u00f8rste stund, hissig og truende. Forn\u00e6rmede sa p\u00e5 sin side at det var lugnt, at overfarten for ham var et eventyr og en dr\u00f8m.<\/p>\n<p class=\"_paragraph_1bvmi_4 _paragraph_xtcu6_10 layout-component text-serif-m layout-normal text-serif-m layout-padded\">\u2013 Alt var hyggelig, vi spilte sjakk og dam. S\u00e5 plutselig angrep han. Vi spiste middag en halv time i forveien. Han er ikke bra, han karen der.<\/p>\n<p><img alt=\"UNDER DEKK: Her var offeret innel\u00e5st i en lugar i flere timer.  Foto: Denison Yachting\" class=\"_image_qp4xg_65 layout-component layout-normal\" data-fullscreen- data-track-element-type=\"Article image fullscreen\" data-track-name=\"ImageFullscreen\" decoding=\"async\" loading=\"lazy\" height=\"400\" itemprop=\"image\"  src=\"https:\/\/www.europesays.com\/no\/wp-content\/uploads\/2025\/09\/1756828869_926_8de3d13e-0566-4cbb-9cbb-1d66d24bcda9\"  style=\"object-position:0% 0%\" width=\"573\"\/>UNDER DEKK: Her var offeret innel\u00e5st i en lugar i flere timer.  Foto: Denison Yachting<\/p>\n<p class=\"_paragraph_1bvmi_4 _paragraph_xtcu6_10 layout-component text-serif-m layout-normal text-serif-m layout-padded\">Tiltalte forklarte mandag at han handlet i n\u00f8dverge og at han grep \u00f8ksen og fektet vilt, etter at den andre f\u00f8rst hadde angrepet ham med en foldekniv:<\/p>\n<p class=\"_paragraph_1bvmi_4 _paragraph_xtcu6_10 layout-component text-serif-m layout-normal text-serif-m layout-padded\">\u2013 Vi var midt p\u00e5 havet i en seilb\u00e5t, jeg kunne ikke dra noe sted. Det eneste jeg kunne gj\u00f8re, var enten \u00e5 drepe eller uskadeliggj\u00f8re ham, slik at han ikke kunne ta meg.<\/p>\n<p class=\"_paragraph_1bvmi_4 _paragraph_xtcu6_10 layout-component text-serif-m layout-normal text-serif-m layout-padded\">Tiltalte forklarte at forn\u00e6rmede angrep ham med \u00f8ks og harpun, utenfor sin lugar.<\/p>\n<p class=\"_paragraph_1bvmi_4 _paragraph_xtcu6_10 layout-component text-serif-m layout-normal text-serif-m layout-padded\">\u2013 Den har ikke g\u00e5tt av. Hundre prosent sikker. Trur jeg, sier forn\u00e6rmede om harpunen, men husker at han var ute av lugaren \u00abfor \u00e5 f\u00e5 n\u00f8ytralisert\u00bb den andre, men ikke var i stand til \u00e5 gj\u00f8re noe.<\/p>\n<p class=\"_paragraph_1bvmi_4 _paragraph_xtcu6_10 layout-component text-serif-m layout-normal text-serif-m layout-padded\">Forn\u00e6rmede benekter \u00e5 ha brukt kniv under sl\u00e5sskampen p\u00e5 dekk. Han bruker uttrykket \u00abren l\u00f8gn\u00bb om hva tiltalte forklarte poltiet om hendelsesforl\u00f8pet.<\/p>\n<p>Hadde smuglet kokain f\u00f8r<\/p>\n<p class=\"_paragraph_1bvmi_4 _paragraph_xtcu6_10 layout-component text-serif-m layout-normal text-serif-m layout-padded\">Tiltalte forklarte mandag at hans medseilende underveis fortalte ham at oppdraget var endret: De skulle ikke til Trinidad, men ta imot et parti narkotika i \u00e5pent hav som skulle smugles til Spania.<\/p>\n<p class=\"_paragraph_1bvmi_4 _paragraph_xtcu6_10 layout-component text-serif-m layout-normal text-serif-m layout-padded\">Tiltalte sa at han hadde nektet \u00e5 gj\u00f8re noe ulovlig &#8211; og forklarer tirsdag hvorfor:<\/p>\n<p class=\"_paragraph_1bvmi_4 _paragraph_xtcu6_10 layout-component text-serif-m layout-normal text-serif-m layout-padded\">\u2013 I 1999 smuglet jeg sammen med andre 50 kilo kokain fra Trinidad til Norge. Jeg erkjente alt og fikk tretten og et halvt \u00e5rs fengsel. Jeg l\u00e6rte av hendelsen og har ikke gjort noe etter det.<\/p>\n<p><img alt=\"Etterforskere fra Kripos har gjort kriminaltekniske unders\u00f8kelser p\u00e5 seilb\u00e5ten Olliver.   Foto: Kripos\" class=\"_image_qp4xg_65 layout-component layout-normal\" data-fullscreen- data-track-element-type=\"Article image fullscreen\" data-track-name=\"ImageFullscreen\" decoding=\"async\" loading=\"lazy\" height=\"641\" itemprop=\"image\"  src=\"https:\/\/www.europesays.com\/no\/wp-content\/uploads\/2025\/09\/1756828870_575_fca832b5-9eb2-4f48-b1eb-60045add8208\"  style=\"object-position:0% 0%\" width=\"984\"\/>Etterforskere fra Kripos har gjort kriminaltekniske unders\u00f8kelser p\u00e5 seilb\u00e5ten Olliver.   Foto: Kripos<\/p>\n<p class=\"_paragraph_1bvmi_4 _paragraph_xtcu6_10 layout-component text-serif-m layout-normal text-serif-m layout-padded\">Forn\u00e6rmede forklarte til politiet i oktober 2023 at han ikke hadde noen kjennskap til at de skulle m\u00f8te en annen b\u00e5t, men vedgikk at deg er mye han ikke husker.<\/p>\n<p class=\"_paragraph_1bvmi_4 _paragraph_xtcu6_10 layout-component text-serif-m layout-normal text-serif-m layout-padded\">\u2013 Du prater jo om transport av knark. Nei, det har ikke v\u00e6rt noen plan fra min side, det var ikke det jeg var med p\u00e5 b\u00e5ten for, uttalte den n\u00e5 avd\u00f8de mannen i 50-\u00e5rene.<\/p>\n<p>Siktet i spansk narkosak<\/p>\n<p class=\"_paragraph_1bvmi_4 _paragraph_xtcu6_10 layout-component text-serif-m layout-normal text-serif-m layout-padded\">61-\u00e5ringen er i dag siktet av spansk politi i en internasjonal narkotikasak. Denne omfatter blant annet turen med seilb\u00e5ten \u00abOlliver\u00bb, som endte i slagsm\u00e5l og \u00f8kseslag for to \u00e5r siden.<\/p>\n<p class=\"_paragraph_1bvmi_4 _paragraph_xtcu6_10 layout-component text-serif-m layout-normal text-serif-m layout-padded\">If\u00f8lge Kripos er det meldinger p\u00e5 tiltaltes mobil og opplysninger i den spanske etterforskningen som underbygger av form\u00e5let med \u00abOlliver\u00bb-turen var narkotikasmugling.<\/p>\n<p class=\"_paragraph_1bvmi_4 _paragraph_xtcu6_10 layout-component text-serif-m layout-normal text-serif-m layout-padded\">Oslo-mannen har i Spania-etterforskningen nektet straffskyld. Ogs\u00e5 54-\u00e5ringen som n\u00e5 er d\u00f8d, var siktet i den samme saken og nektet straffskyld.<\/p>\n<p class=\"_paragraph_1bvmi_4 _paragraph_xtcu6_10 layout-component text-serif-m layout-normal text-serif-m layout-padded\"><strong class=\"_strong_1bvmi_25\">Bakgrunn:<\/strong>\u00a0<a href=\"https:\/\/www.vg.no\/nyheter\/i\/LM3Kv4\/kokainbaat-ligaen-slik-avsloerte-kripos-nordmennene-og-el-profesor\" data-track-element-type=\"Link\" data-track-id=\"link:LM3Kv4\" class=\"_link_1bvmi_39\" rel=\"nofollow noopener\" target=\"_blank\">De norske kokainb\u00e5tene<\/a><\/p>\n<p>Les ogs\u00e5<\/p>\n","protected":false},"excerpt":{"rendered":"En 54-\u00e5rig nordmann ble angrepet med \u00f8ks p\u00e5 havseileren \u00abOlliver\u00bb i Karibia i 2023. Mannen d\u00f8de i sommer,&hellip;\n","protected":false},"author":2,"featured_media":23654,"comment_status":"","ping_status":"","sticky":false,"template":"","format":"standard","meta":{"footnotes":""},"categories":[10],"tags":[20,21,2314,24,25,15,22,23,13,30,28,29,14,944,16,26,27],"class_list":{"0":"post-25043","1":"post","2":"type-post","3":"status-publish","4":"format-standard","5":"has-post-thumbnail","7":"category-norge","8":"tag-breaking-news","9":"tag-breakingnews","10":"tag-drapsforsok","11":"tag-featured-news","12":"tag-featurednews","13":"tag-headlines","14":"tag-latest-news","15":"tag-latestnews","16":"tag-news","17":"tag-no","18":"tag-norge","19":"tag-norway","20":"tag-nyheter","21":"tag-oslo-tingrett","22":"tag-overskrifter","23":"tag-top-stories","24":"tag-topstories"},"share_on_mastodon":{"url":"","error":""},"_links":{"self":[{"href":"https:\/\/www.europesays.com\/no\/wp-json\/wp\/v2\/posts\/25043","targetHints":{"allow":["GET"]}}],"collection":[{"href":"https:\/\/www.europesays.com\/no\/wp-json\/wp\/v2\/posts"}],"about":[{"href":"https:\/\/www.europesays.com\/no\/wp-json\/wp\/v2\/types\/post"}],"author":[{"embeddable":true,"href":"https:\/\/www.europesays.com\/no\/wp-json\/wp\/v2\/users\/2"}],"replies":[{"embeddable":true,"href":"https:\/\/www.europesays.com\/no\/wp-json\/wp\/v2\/comments?post=25043"}],"version-history":[{"count":0,"href":"https:\/\/www.europesays.com\/no\/wp-json\/wp\/v2\/posts\/25043\/revisions"}],"wp:featuredmedia":[{"embeddable":true,"href":"https:\/\/www.europesays.com\/no\/wp-json\/wp\/v2\/media\/23654"}],"wp:attachment":[{"href":"https:\/\/www.europesays.com\/no\/wp-json\/wp\/v2\/media?parent=25043"}],"wp:term":[{"taxonomy":"category","embeddable":true,"href":"https:\/\/www.europesays.com\/no\/wp-json\/wp\/v2\/categories?post=25043"},{"taxonomy":"post_tag","embeddable":true,"href":"https:\/\/www.europesays.com\/no\/wp-json\/wp\/v2\/tags?post=25043"}],"curies":[{"name":"wp","href":"https:\/\/api.w.org\/{rel}","templated":true}]}}