{"id":25050,"date":"2025-09-02T16:09:12","date_gmt":"2025-09-02T16:09:12","guid":{"rendered":"https:\/\/www.europesays.com\/no\/25050\/"},"modified":"2025-09-02T16:09:12","modified_gmt":"2025-09-02T16:09:12","slug":"funnet-dod-kan-vaere-savnet-mann-dagbladet","status":"publish","type":"post","link":"https:\/\/www.europesays.com\/no\/25050\/","title":{"rendered":"Funnet d\u00f8d: Kan v\u00e6re savnet mann &#8211; Dagbladet"},"content":{"rendered":"<ol>\n<li><a href=\"https:\/\/news.google.com\/rss\/articles\/CBMif0FVX3lxTE5VdjFSdWJydEtfLThPZk1WcXd1dWpNb3YwaXNvN0d6Q0FpYU9ueGdhM2R0OHk0am9FMHh1M1Q0bVc0YzJjV05yQV9YcnZTNExGekdSQUhpLVNCb2JwYm9Fd19jSVk3cHcta1MxcVpDUWVyTjlOTjF1NmpzZUFiS1k?oc=5\" target=\"_blank\" rel=\"nofollow noopener\">Funnet d\u00f8d: Kan v\u00e6re savnet mann<\/a>&nbsp;&nbsp;Dagbladet<\/li>\n<li><a href=\"https:\/\/news.google.com\/rss\/articles\/CBMijAFBVV95cUxQRkxkbk9LXzg5NVZqTHJVRm94bE1RcFhscVRYU2JJQlNzUkZmdlp5cWRNazRod29pamZNQTlLQTdHMnR0Z0RmNUZWRm5KeW9xbm1aWkIydHJjc0lmSkFZN3h2VWJTOTdpTkNEbGFIeDBQc1pYeEZKbnRBQVhYYW5zYk9HeFE4dTV5NDgzYQ?oc=5\" target=\"_blank\" rel=\"nofollow noopener\">(+) Har tatt kontakt med en familie etter likfunn i Elverum<\/a>&nbsp;&nbsp;\u00d8stlendingen<\/li>\n<li><a href=\"https:\/\/news.google.com\/rss\/articles\/CBMieEFVX3lxTE9XQXMyeWE0VVNRTG0ybElwMDcwTk5ycGNNYTUwQks5SWlndDE0Zm5wMFdObGx6TDAyYnpyeWVOdUJjVGJNdGFINnRYRFF4RUtNaDJ3SHhzc1FSazFnQzdWSkJkUV8yN21IQnluTzBwMWxmc1VrQ0tDVA?oc=5\" target=\"_blank\" rel=\"nofollow noopener\">Nyhet, D\u00f8dsfall | Likfunnet av ukjent mann: D\u00f8ds\u00e5rsaken er klar<\/a>&nbsp;&nbsp;Gl\u00e5mdalen<\/li>\n<li><a href=\"https:\/\/news.google.com\/rss\/articles\/CBMic0FVX3lxTFBwYlN4OUhIMlVESFdQR09yUHpUZXpGRlZKNUxBTVNDZDFVeGNLSFcwbm9hMXNpdXVrYXVNNDRUTjM5YmJvT3dMOVhHVzlmdTY0dncxaDVKYkc3RHdyOWlGOS03X0VGYUphSDdBVENYOTFsUGM?oc=5\" target=\"_blank\" rel=\"nofollow noopener\">Mann funnet d\u00f8d i Elverum \u2013 mistanke om straffbar handling noe svekket<\/a>&nbsp;&nbsp;NRK<\/li>\n<li><a href=\"https:\/\/news.google.com\/rss\/articles\/CBMickFVX3lxTE1HWUM3UUZLb3NEWC1vbXZjMWZTbGJtMVU2aVJLNlByUkpiVzJfTGw5YU5GeElzbW1VMElFRDhmSVBYakJuSExCalBoNGF2MlpkbXFaV3lFSk5qbEdPSTEydEJPVk8zSFQzR2RBYm9GUlo2dw?oc=5\" target=\"_blank\" rel=\"nofollow noopener\">Mistenkelig d\u00f8dsfall i Elverum: \u2013\u2060 Blir jo litt urolig<\/a>&nbsp;&nbsp;VG<\/li>\n<\/ol>\n","protected":false},"excerpt":{"rendered":"Funnet d\u00f8d: Kan v\u00e6re savnet mann&nbsp;&nbsp;Dagbladet (+) Har tatt kontakt med en familie etter likfunn i Elverum&nbsp;&nbsp;\u00d8stlendingen Nyhet,&hellip;\n","protected":false},"author":2,"featured_media":765,"comment_status":"","ping_status":"","sticky":false,"template":"","format":"standard","meta":{"footnotes":""},"categories":[5],"tags":[20,21,24,25,15,19,2539,22,23,17,18,13,30,28,29,14,16,26,27],"class_list":{"0":"post-25050","1":"post","2":"type-post","3":"status-publish","4":"format-standard","5":"has-post-thumbnail","7":"category-overskrifter","8":"tag-breaking-news","9":"tag-breakingnews","10":"tag-featured-news","11":"tag-featurednews","12":"tag-headlines","13":"tag-hovedoppslag","14":"tag-innenriks","15":"tag-latest-news","16":"tag-latestnews","17":"tag-main-news","18":"tag-mainnews","19":"tag-news","20":"tag-no","21":"tag-norge","22":"tag-norway","23":"tag-nyheter","24":"tag-overskrifter","25":"tag-top-stories","26":"tag-topstories"},"share_on_mastodon":{"url":"","error":""},"_links":{"self":[{"href":"https:\/\/www.europesays.com\/no\/wp-json\/wp\/v2\/posts\/25050","targetHints":{"allow":["GET"]}}],"collection":[{"href":"https:\/\/www.europesays.com\/no\/wp-json\/wp\/v2\/posts"}],"about":[{"href":"https:\/\/www.europesays.com\/no\/wp-json\/wp\/v2\/types\/post"}],"author":[{"embeddable":true,"href":"https:\/\/www.europesays.com\/no\/wp-json\/wp\/v2\/users\/2"}],"replies":[{"embeddable":true,"href":"https:\/\/www.europesays.com\/no\/wp-json\/wp\/v2\/comments?post=25050"}],"version-history":[{"count":0,"href":"https:\/\/www.europesays.com\/no\/wp-json\/wp\/v2\/posts\/25050\/revisions"}],"wp:featuredmedia":[{"embeddable":true,"href":"https:\/\/www.europesays.com\/no\/wp-json\/wp\/v2\/media\/765"}],"wp:attachment":[{"href":"https:\/\/www.europesays.com\/no\/wp-json\/wp\/v2\/media?parent=25050"}],"wp:term":[{"taxonomy":"category","embeddable":true,"href":"https:\/\/www.europesays.com\/no\/wp-json\/wp\/v2\/categories?post=25050"},{"taxonomy":"post_tag","embeddable":true,"href":"https:\/\/www.europesays.com\/no\/wp-json\/wp\/v2\/tags?post=25050"}],"curies":[{"name":"wp","href":"https:\/\/api.w.org\/{rel}","templated":true}]}}