{"id":25051,"date":"2025-09-02T16:10:21","date_gmt":"2025-09-02T16:10:21","guid":{"rendered":"https:\/\/www.europesays.com\/no\/25051\/"},"modified":"2025-09-02T16:10:21","modified_gmt":"2025-09-02T16:10:21","slug":"erik-nevland-viking-deadline-day-dette-sier-nevland-pa-siste-dag","status":"publish","type":"post","link":"https:\/\/www.europesays.com\/no\/25051\/","title":{"rendered":"Erik Nevland, Viking | Deadline Day: Dette sier Nevland p\u00e5 siste dag"},"content":{"rendered":"\n<p><b>\u2013 Helt rolig! Vi har ingen indikasjoner p\u00e5 at det vil skje noe som helst som involverer spillere i Viking,<\/b> sier Nevland til RA Stavanger tirsdag morgen.<\/p>\n<p>Selv om det koker andre steder, blant annet i Bergen og i Bod\u00f8, er det rolig i J\u00e5tt\u00e5v\u00e5gen.<\/p>\n<p>Han har lenge v\u00e6rt tydelig i talen p\u00e5 at Viking er ferdighandlet. Skal noen eventuelt selges er det enorme bel\u00f8p som m\u00e5 legges p\u00e5 bordet til et Viking med begge bein i gullkampen.<\/p>\n<p>Selv om Nevland vet at du aldri kan sl\u00e5 noe helt fast, f\u00f8r vinduet offisielt er lukket, fremsto han uvanlig rolig tirsdag.<\/p>\n<p><b>Viking har hentet inn Veton Berisha, Kristoffer Haugen og Ruben Alte i dette vinduet. De har solgt Jost Urbancic tilbake til slovensk fotball. P\u00e5 toppen av det har klubben sendt flere spillere p\u00e5 l\u00e5n til klubber p\u00e5 lavere niv\u00e5.<\/b><\/p>\n<p>Nevland har tidligere erkjent at de langt p\u00e5 vei har f\u00e5tt gjort hva de \u00f8nsket seg. B\u00e5de i form av hvem de fikk inn, posisjonene de fikk styrket \u2013 og ikke minst til rett pris.<\/p>\n<p>Etter at vinduet stenger ved midnatt kan en fortsatt gj\u00f8re l\u00e5neavtaler via den nasjonale utl\u00e5nsordningen i en liten periode. S\u00e5 er stallene helt satt fram til 1. februar 2026.<\/p>\n<p>  <a href=\"https:\/\/www.rastavanger.no\/5-165-138669\" class=\"related-teaser has-image default-story-teaser article--c-eRUmMG article--c-eRUmMG-jKCPdD-design-default\" rel=\"nofollow noopener\" target=\"_blank\"><\/p>\n<p>    <img decoding=\"async\" loading=\"lazy\"  src=\"https:\/\/www.europesays.com\/no\/wp-content\/uploads\/2025\/08\/DSC_7793.JPG\" alt=\"\" class=\"brick-c-cFOWSL\" style=\"\"\/><\/p>\n<p>\n            Les ogs\u00e5<\/p>\n<p>              \u00abHalve\u00bb Viking representeres av samme agent: \u2013 Tilfeldig\n        <\/p>\n<p>  <\/a><\/p>\n<p>  <a href=\"https:\/\/www.rastavanger.no\/5-165-137454\" class=\"related-teaser has-image default-story-teaser article--c-eRUmMG article--c-eRUmMG-jKCPdD-design-default\" rel=\"nofollow noopener\" target=\"_blank\"><\/p>\n<p>    <img decoding=\"async\" loading=\"lazy\"  src=\"https:\/\/www.europesays.com\/no\/wp-content\/uploads\/2025\/09\/NTB_6hfocUu-8ys.jpg\" alt=\"\" class=\"brick-c-cFOWSL\" style=\"\"\/><\/p>\n<p>\n            Les ogs\u00e5<\/p>\n<p>              Han er Vikings siste signering i \u00e5r: \u2013 Vi er ferdighandlet og vel s\u00e5 det\n        <\/p>\n<p>  <\/a><\/p>\n<p>  <a href=\"https:\/\/www.rastavanger.no\/5-165-141812\" class=\"related-teaser has-image default-story-teaser article--c-eRUmMG article--c-eRUmMG-jKCPdD-design-default\" rel=\"nofollow noopener\" target=\"_blank\"><\/p>\n<p>    <img decoding=\"async\" loading=\"lazy\"  src=\"https:\/\/www.europesays.com\/no\/wp-content\/uploads\/2025\/08\/530853573_4210891892519748_4722996004990790592_n.jpg\" alt=\"\" class=\"brick-c-cFOWSL\" style=\"\"\/><\/p>\n<p>\n            Les ogs\u00e5<\/p>\n<p>              Derfor slapp Viking tre spillere i helgen\n        <\/p>\n<p>  <\/a><\/p>\n<p>  <a href=\"https:\/\/www.rastavanger.no\/5-165-145656\" class=\"related-teaser has-image default-story-teaser article--c-eRUmMG article--c-eRUmMG-jKCPdD-design-default\" rel=\"nofollow noopener\" target=\"_blank\"><\/p>\n<p>    <img decoding=\"async\" loading=\"lazy\"  src=\"https:\/\/www.europesays.com\/no\/wp-content\/uploads\/2025\/08\/530853573_4210891892519748_4722996004990790592_n.jpg\" alt=\"\" class=\"brick-c-cFOWSL\" style=\"\"\/><\/p>\n<p>\n            Les ogs\u00e5<\/p>\n<p>              Dette sier Nevland om overgangsvinduets innspurt\n        <\/p>\n<p>  <\/a><\/p>\n<p>Les mer om: artikkelemnene<\/p>\n","protected":false},"excerpt":{"rendered":"\u2013 Helt rolig! Vi har ingen indikasjoner p\u00e5 at det vil skje noe som helst som involverer spillere&hellip;\n","protected":false},"author":2,"featured_media":25052,"comment_status":"","ping_status":"","sticky":false,"template":"","format":"standard","meta":{"footnotes":""},"categories":[59],"tags":[36,3986,92,30,28,29,83,82,1510,435],"class_list":{"0":"post-25051","1":"post","2":"type-post","3":"status-publish","4":"format-standard","5":"has-post-thumbnail","7":"category-sport","8":"tag-art","9":"tag-erik-nevland","10":"tag-fotball","11":"tag-no","12":"tag-norge","13":"tag-norway","14":"tag-sport","15":"tag-sports","16":"tag-story","17":"tag-viking"},"share_on_mastodon":{"url":"","error":""},"_links":{"self":[{"href":"https:\/\/www.europesays.com\/no\/wp-json\/wp\/v2\/posts\/25051","targetHints":{"allow":["GET"]}}],"collection":[{"href":"https:\/\/www.europesays.com\/no\/wp-json\/wp\/v2\/posts"}],"about":[{"href":"https:\/\/www.europesays.com\/no\/wp-json\/wp\/v2\/types\/post"}],"author":[{"embeddable":true,"href":"https:\/\/www.europesays.com\/no\/wp-json\/wp\/v2\/users\/2"}],"replies":[{"embeddable":true,"href":"https:\/\/www.europesays.com\/no\/wp-json\/wp\/v2\/comments?post=25051"}],"version-history":[{"count":0,"href":"https:\/\/www.europesays.com\/no\/wp-json\/wp\/v2\/posts\/25051\/revisions"}],"wp:featuredmedia":[{"embeddable":true,"href":"https:\/\/www.europesays.com\/no\/wp-json\/wp\/v2\/media\/25052"}],"wp:attachment":[{"href":"https:\/\/www.europesays.com\/no\/wp-json\/wp\/v2\/media?parent=25051"}],"wp:term":[{"taxonomy":"category","embeddable":true,"href":"https:\/\/www.europesays.com\/no\/wp-json\/wp\/v2\/categories?post=25051"},{"taxonomy":"post_tag","embeddable":true,"href":"https:\/\/www.europesays.com\/no\/wp-json\/wp\/v2\/tags?post=25051"}],"curies":[{"name":"wp","href":"https:\/\/api.w.org\/{rel}","templated":true}]}}