{"id":25055,"date":"2025-09-02T16:14:15","date_gmt":"2025-09-02T16:14:15","guid":{"rendered":"https:\/\/www.europesays.com\/no\/25055\/"},"modified":"2025-09-02T16:14:15","modified_gmt":"2025-09-02T16:14:15","slug":"trump-krever-vaksinesvar-jeg-vil-ha-det-na","status":"publish","type":"post","link":"https:\/\/www.europesays.com\/no\/25055\/","title":{"rendered":"Trump krever vaksinesvar: \u2013 Jeg vil ha det N\u00c5"},"content":{"rendered":"<p>Trump har st\u00f8ttet Kennedy gjennom striden, og pressetalsperson Karoline Leavitt forsvarte beslutningen om \u00e5 fjerne Monarez. Hun mente CDC-sjefen ikke var p\u00e5 linje med \u00abpresidentens oppdrag om \u00e5 gj\u00f8re Amerika friskt igjen\u00bb. Monarez\u2019 advokater hevder hun ble sparket fordi hun nektet \u00e5 signere p\u00e5 \u00abuvitenskapelige, hensynsl\u00f8se direktiver\u00bb.<\/p>\n<p class=\"subhead\" data-element-type=\"subhead\" data-element-label=\"Mellomtittel\">\u2013 Rives i stykker<\/p>\n<p>Trump antydet mandag at legemiddelselskapene selv b\u00e6rer ansvar for kaoset ved \u00e5 ikke publisere de samme dataene han er blitt vist.\u00a0<\/p>\n<p>\u2013 Jeg har sett informasjon fra Pfizer og andre som er ekstraordin\u00e6r, men de viser den aldri til offentligheten. Hvorfor ikke, sp\u00f8r han.<\/p>\n<p><b>If\u00f8lge FT kom nyheten om Monarez\u2019 avgang samme dag som FDA innskrenket bruken av de nyeste Covid-vaksinene.<\/b><\/p>\n<p>\u2013 Mange mener vaksinene er et mirakel som har reddet millioner av liv. Andre er uenige. Med CDC i ferd med \u00e5 rives i stykker over dette sp\u00f8rsm\u00e5let, vil jeg ha svaret \u2013 og jeg vil ha det N\u00c5, skriver Trump.<\/p>\n<p class=\"subhead\" data-element-type=\"subhead\" data-element-label=\"Mellomtittel\">Omdiskutert helseminister<\/p>\n<p>Robert F. Kennedy jr. er kjent for sin vaksinemotstand, selv om han selv hevder at han ikke har noe imot vaksiner.\u00a0<a href=\"https:\/\/www.nrk.no\/norge\/robert-kennedy-jr.-grillet-i-senatet_-_-jeg-er-ikke-mot-vaksiner-1.17237857\" rel=\"nofollow noopener\" target=\"_blank\">Under kongressh\u00f8ringen <\/a> da han skulle bli helseminister sa han at\u00a0vaksiner spiller en viktig rolle i helsevesenet, og viste til at alle barna hans er vaksinerte. Han unnlot riktignok \u00e5 nevne at han tidligere har sagt at han angrer p\u00e5 \u00e5 ha latt barna bli vaksinerte, if\u00f8lge <a href=\"https:\/\/www.theguardian.com\/us-news\/live\/2025\/jan\/29\/donald-trump-democrats-freeze-federal-funding-us-politics-live\" rel=\"nofollow noopener\" target=\"_blank\">The Guardian.<\/a><\/p>\n<p>Kennedy ble godkjent av Senatet med 52 mot 48 stemmer. Tidligere senatsleder Mitch McConnell, som selv har hatt polio, var den eneste republikanske senatoren som stemte imot.<\/p>\n<p>Kennedy har ikke ligget p\u00e5 latsiden etter at han fikk jobben. Noe av det f\u00f8rste han gjorde, var \u00e5 sparke rundt 5.200 nyansatte ved CDC og National Institutes of Health (NIH), som har ansvar for USAs f\u00f8derale innsats innen biomedisinsk og helserelatert forskning.<\/p>\n<p>I april fulgte han opp med \u00e5 fjerne mesteparten av staben ved National Institute for Occupational Safety and Health (NIOSH), som dermed m\u00e5tte stenge nesten alle sine avdelinger. Flere viktige programmer, som godkjenning av nytt verneutstyr og forskning p\u00e5 brannmenns helse, ble br\u00e5tt avlyst.<\/p>\n<p>I juni kunngjorde Kennedy at han fjernet alle de 17 medlemmene i Advisory Committee on Immunization Practices (ACIP), som gir anbefalinger om vaksiner. Hele komiteen skal erstattes av nye medlemmer utpekt av ham.<\/p>\n","protected":false},"excerpt":{"rendered":"Trump har st\u00f8ttet Kennedy gjennom striden, og pressetalsperson Karoline Leavitt forsvarte beslutningen om \u00e5 fjerne Monarez. Hun mente&hellip;\n","protected":false},"author":2,"featured_media":25056,"comment_status":"","ping_status":"","sticky":false,"template":"","format":"standard","meta":{"footnotes":""},"categories":[12],"tags":[20,21,55,24,25,15,22,23,13,30,28,29,14,16,3988,26,27,50,3987,42,43,44,45],"class_list":{"0":"post-25055","1":"post","2":"type-post","3":"status-publish","4":"format-standard","5":"has-post-thumbnail","7":"category-verden","8":"tag-breaking-news","9":"tag-breakingnews","10":"tag-donald-trump","11":"tag-featured-news","12":"tag-featurednews","13":"tag-headlines","14":"tag-latest-news","15":"tag-latestnews","16":"tag-news","17":"tag-no","18":"tag-norge","19":"tag-norway","20":"tag-nyheter","21":"tag-overskrifter","22":"tag-robert-f-kennedy","23":"tag-top-stories","24":"tag-topstories","25":"tag-usa","26":"tag-vaksiner","27":"tag-verden","28":"tag-world","29":"tag-world-news","30":"tag-worldnews"},"share_on_mastodon":{"url":"","error":""},"_links":{"self":[{"href":"https:\/\/www.europesays.com\/no\/wp-json\/wp\/v2\/posts\/25055","targetHints":{"allow":["GET"]}}],"collection":[{"href":"https:\/\/www.europesays.com\/no\/wp-json\/wp\/v2\/posts"}],"about":[{"href":"https:\/\/www.europesays.com\/no\/wp-json\/wp\/v2\/types\/post"}],"author":[{"embeddable":true,"href":"https:\/\/www.europesays.com\/no\/wp-json\/wp\/v2\/users\/2"}],"replies":[{"embeddable":true,"href":"https:\/\/www.europesays.com\/no\/wp-json\/wp\/v2\/comments?post=25055"}],"version-history":[{"count":0,"href":"https:\/\/www.europesays.com\/no\/wp-json\/wp\/v2\/posts\/25055\/revisions"}],"wp:featuredmedia":[{"embeddable":true,"href":"https:\/\/www.europesays.com\/no\/wp-json\/wp\/v2\/media\/25056"}],"wp:attachment":[{"href":"https:\/\/www.europesays.com\/no\/wp-json\/wp\/v2\/media?parent=25055"}],"wp:term":[{"taxonomy":"category","embeddable":true,"href":"https:\/\/www.europesays.com\/no\/wp-json\/wp\/v2\/categories?post=25055"},{"taxonomy":"post_tag","embeddable":true,"href":"https:\/\/www.europesays.com\/no\/wp-json\/wp\/v2\/tags?post=25055"}],"curies":[{"name":"wp","href":"https:\/\/api.w.org\/{rel}","templated":true}]}}