{"id":2506,"date":"2025-08-08T15:00:11","date_gmt":"2025-08-08T15:00:11","guid":{"rendered":"https:\/\/www.europesays.com\/no\/2506\/"},"modified":"2025-08-08T15:00:11","modified_gmt":"2025-08-08T15:00:11","slug":"storebrand-hadde-problemer-med-nett-og-mobilbank","status":"publish","type":"post","link":"https:\/\/www.europesays.com\/no\/2506\/","title":{"rendered":"Storebrand hadde problemer med nett- og mobilbank"},"content":{"rendered":"\n<p class=\"_lead_1bvmi_2 _lead_xtcu6_50 layout-component text-serif-m layout-normal text-serif-l layout-component layout-wide layout-padded _wide_17hqh_1 layout-padded\">Storebrand hadde tekniske problemer fredag.<\/p>\n<p><img alt=\"FEILMELDING: Denne meldingen kommer opp n\u00e5r man fors\u00f8ker \u00e5 logge inn p\u00e5 deres sider.  Foto: FAKSIMILE\" class=\"_image_qp4xg_65 layout-component layout-wide\" data-fullscreen- data-track-element-type=\"Article image fullscreen\" data-track-name=\"ImageFullscreen\" fetchpriority=\"high\" decoding=\"sync\" loading=\"eager\" height=\"467\" itemprop=\"image\"  src=\"https:\/\/www.europesays.com\/no\/wp-content\/uploads\/2025\/08\/d93d2624-f014-43c7-a460-e707b3ce74e1\"  style=\"object-position:0% 0%\" width=\"434\"\/>FEILMELDING: Denne meldingen kommer opp n\u00e5r man fors\u00f8ker \u00e5 logge inn p\u00e5 deres sider.  Foto: FAKSIMILE<\/p>\n<ul aria-hidden=\"true\" class=\"_images_1y6fe_106\">\n<li><a class=\"_link_1y6fe_111\" href=\"https:\/\/www.vg.no\/forfatter\/elise-kvien\" style=\"z-index:1\" title=\"Elise Kvien\" rel=\"nofollow noopener\" target=\"_blank\"><img alt=\"Bilde av Elise Kvien\" class=\"_image_1y6fe_88\" fetchpriority=\"low\" loading=\"lazy\" decoding=\"async\" itemprop=\"image\"  src=\"https:\/\/www.europesays.com\/no\/wp-content\/uploads\/2025\/08\/1754665210_537_e9d71b6f-2a15-4dd1-85be-ea8fb873046c\"  width=\"480\"\/><\/a><\/li>\n<\/ul>\n<p> Oppdatert fredag 8. august kl. 14:22     <\/p>\n<p class=\"_paragraph_1bvmi_4 _paragraph_xtcu6_10 layout-component text-serif-m layout-normal text-serif-m layout-padded\">VG fikk flere meldinger fra tipsere som ikke f\u00e5r logget inn p\u00e5 banken fredag.<\/p>\n<p class=\"_paragraph_1bvmi_4 _paragraph_xtcu6_10 layout-component text-serif-m layout-normal text-serif-m layout-padded\">\u2013 Jeg kan bekrefte at vi har nettverksproblemer akkurat n\u00e5, som skaper problemer med nettbanken. Vi jobber med dette, og h\u00e5per at det l\u00f8ser seg s\u00e5 raskt som mulig, sa pressesjef Robert Henriksen til VG fredag ettermiddag.<\/p>\n<p class=\"_paragraph_1bvmi_4 _paragraph_xtcu6_10 layout-component text-serif-m layout-normal text-serif-m layout-padded\">De sier at det er en underleverand\u00f8r som hadde problemer. <\/p>\n<p class=\"_paragraph_1bvmi_4 _paragraph_xtcu6_10 layout-component text-serif-m layout-normal text-serif-m layout-padded\">\u2013 Vi har hatt problemer siden i morges, og det er vanskelig \u00e5 si noe akkurat n\u00e5 om hvor lang tid det vil ta, sier Henriksen. <\/p>\n<p class=\"_paragraph_1bvmi_4 _paragraph_xtcu6_10 layout-component text-serif-m layout-normal text-serif-m layout-padded\">Rett etter klokken 14 fredag opplyser de at problemene skal v\u00e6re fikset. <\/p>\n<p>    <img decoding=\"async\" alt=\"Tips oss illustrasjon\" width=\"62px\" height=\"auto\" src=\"https:\/\/www.europesays.com\/no\/wp-content\/uploads\/2025\/08\/1754665211_397_W9avJzE.png\"\/>    <\/p>\n<p class=\"title-serif-s\">Har du tips til oss?<\/p>\n<p class=\"text-sans-m\">Send oss informasjon, bilder eller video<\/p>\n<p>  <a href=\"https:\/\/www.vg.no\/tips-oss\" rel=\"nofollow noopener\" target=\"_blank\"> Tips oss <\/a>      <\/p>\n","protected":false},"excerpt":{"rendered":"Storebrand hadde tekniske problemer fredag. FEILMELDING: Denne meldingen kommer opp n\u00e5r man fors\u00f8ker \u00e5 logge inn p\u00e5 deres&hellip;\n","protected":false},"author":2,"featured_media":2507,"comment_status":"","ping_status":"","sticky":false,"template":"","format":"standard","meta":{"footnotes":""},"categories":[12],"tags":[31,20,21,24,25,15,22,23,13,30,28,29,14,16,26,27,42,43,44,45],"class_list":{"0":"post-2506","1":"post","2":"type-post","3":"status-publish","4":"format-standard","5":"has-post-thumbnail","7":"category-verden","8":"tag-breaking","9":"tag-breaking-news","10":"tag-breakingnews","11":"tag-featured-news","12":"tag-featurednews","13":"tag-headlines","14":"tag-latest-news","15":"tag-latestnews","16":"tag-news","17":"tag-no","18":"tag-norge","19":"tag-norway","20":"tag-nyheter","21":"tag-overskrifter","22":"tag-top-stories","23":"tag-topstories","24":"tag-verden","25":"tag-world","26":"tag-world-news","27":"tag-worldnews"},"share_on_mastodon":{"url":"","error":""},"_links":{"self":[{"href":"https:\/\/www.europesays.com\/no\/wp-json\/wp\/v2\/posts\/2506","targetHints":{"allow":["GET"]}}],"collection":[{"href":"https:\/\/www.europesays.com\/no\/wp-json\/wp\/v2\/posts"}],"about":[{"href":"https:\/\/www.europesays.com\/no\/wp-json\/wp\/v2\/types\/post"}],"author":[{"embeddable":true,"href":"https:\/\/www.europesays.com\/no\/wp-json\/wp\/v2\/users\/2"}],"replies":[{"embeddable":true,"href":"https:\/\/www.europesays.com\/no\/wp-json\/wp\/v2\/comments?post=2506"}],"version-history":[{"count":0,"href":"https:\/\/www.europesays.com\/no\/wp-json\/wp\/v2\/posts\/2506\/revisions"}],"wp:featuredmedia":[{"embeddable":true,"href":"https:\/\/www.europesays.com\/no\/wp-json\/wp\/v2\/media\/2507"}],"wp:attachment":[{"href":"https:\/\/www.europesays.com\/no\/wp-json\/wp\/v2\/media?parent=2506"}],"wp:term":[{"taxonomy":"category","embeddable":true,"href":"https:\/\/www.europesays.com\/no\/wp-json\/wp\/v2\/categories?post=2506"},{"taxonomy":"post_tag","embeddable":true,"href":"https:\/\/www.europesays.com\/no\/wp-json\/wp\/v2\/tags?post=2506"}],"curies":[{"name":"wp","href":"https:\/\/api.w.org\/{rel}","templated":true}]}}