{"id":25061,"date":"2025-09-02T16:17:09","date_gmt":"2025-09-02T16:17:09","guid":{"rendered":"https:\/\/www.europesays.com\/no\/25061\/"},"modified":"2025-09-02T16:17:09","modified_gmt":"2025-09-02T16:17:09","slug":"vurderte-a-forlate-brentford-i-sommer","status":"publish","type":"post","link":"https:\/\/www.europesays.com\/no\/25061\/","title":{"rendered":"Vurderte \u00e5 forlate Brentford i sommer"},"content":{"rendered":"\n<p class=\"_lead_1bvmi_2 _lead_xtcu6_50 layout-component text-serif-m layout-normal text-serif-l layout-component layout-wide layout-padded _wide_17hqh_1 layout-padded\">Kristoffer Ajer (27) legger ikke skjul p\u00e5 at han vurderte \u00e5 forlate Brentford i sommer.<\/p>\n<p><img alt=\" Foto: Bj\u00f8rn S. Delebekk \/ VG\" class=\"_image_qp4xg_65 layout-component layout-wide\" data-fullscreen- data-track-element-type=\"Article image fullscreen\" data-track-name=\"ImageFullscreen\" fetchpriority=\"high\" decoding=\"sync\" loading=\"eager\" height=\"4272\" itemprop=\"image\"  src=\"https:\/\/www.europesays.com\/no\/wp-content\/uploads\/2025\/09\/b96db420-268b-41e6-a619-651fa81feb52\"  style=\"object-position:0% 0%\" width=\"6400\"\/> Foto: Bj\u00f8rn S. Delebekk \/ VGStoro, Oslo Oppdatert tirsdag 2. september kl. 17:20     <\/p>\n<p class=\"_paragraph_1bvmi_4 _paragraph_xtcu6_10 layout-component text-serif-m layout-normal text-serif-m layout-padded\">\u2013 Jeg var veldig tydelig med klubben da jeg kom tilbake til oppkj\u00f8ringen at jeg skulle satses p\u00e5 som midtstopper, ellers ville jeg reise, sier landslagsstopperen til VG.<\/p>\n<p class=\"_paragraph_1bvmi_4 _paragraph_xtcu6_10 layout-component text-serif-m layout-normal text-serif-m layout-padded\">\u2013 Og det har de egentlig v\u00e6rt enige i. Jeg har v\u00e6rt midtstopper og har vel ikke v\u00e6rt back et eneste sekund i trening og oppkj\u00f8ring etter, fortsetter han. <\/p>\n<p class=\"_paragraph_1bvmi_4 _paragraph_xtcu6_10 layout-component text-serif-m layout-normal text-serif-m layout-padded\">Han og flere av spillerne m\u00f8tte tirsdag pressen p\u00e5 spillerhotellet p\u00e5 Storo i Oslo i forbindelse med de kommende landskampene mot\u00a0FinlandFinlandTorsdag 4. september. Vennskapskamp p\u00e5 Ullevaal Stadion.\u00a0og\u00a0MoldovaMoldovaTirsdag 9. september, VM-kvalikkamp p\u00e5 Ullevaal.. <\/p>\n<p class=\"_paragraph_1bvmi_4 _paragraph_xtcu6_10 layout-component text-serif-m layout-normal text-serif-m layout-padded\">I sine 84 Premier League-kamper for Brentford har han startet 45 som midtstopper og de resterende 39 som back. Forrige sesong var fordelingen tre kamper som midtstopper \u2013 og 17 som back.<\/p>\n<p class=\"_paragraph_1bvmi_4 _paragraph_xtcu6_10 layout-component text-serif-m layout-normal text-serif-m layout-padded\">P\u00e5 landslaget har landslagssjef St\u00e5le Solbakken foretrukket ham som midtstopper.<\/p>\n<p class=\"_paragraph_1bvmi_4 _paragraph_xtcu6_10 layout-component text-serif-m layout-normal text-serif-m layout-padded\">\u2013 Du stilte et ultimatum? <\/p>\n<p class=\"_paragraph_1bvmi_4 _paragraph_xtcu6_10 layout-component text-serif-m layout-normal text-serif-m layout-padded\">\u2013 Jeg sa at jeg skulle satses p\u00e5 som midtstopper n\u00e5, og det var de veldig forst\u00e5elsesfulle for, svarer Ajer. <\/p>\n<p class=\"_paragraph_1bvmi_4 _paragraph_xtcu6_10 layout-component text-serif-m layout-normal text-serif-m layout-padded\"><a href=\"https:\/\/x.com\/Plettigoal\/status\/1961010697753522347\" class=\"_link_1bvmi_39\" rel=\"nofollow\">Tyske Sky Sports<\/a>\u00a0har blant annet meldt at Brentford avslo et bud p\u00e5 rundt 175 millioner kroner fra Wolfsburg tre dager f\u00f8r overgangsvinduet stengte. <\/p>\n<p class=\"_paragraph_1bvmi_4 _paragraph_xtcu6_10 layout-component text-serif-m layout-normal text-serif-m layout-padded\">Selv forteller Ajer at han har forholdt seg rolig til situasjonen, men han innr\u00f8mmer at klubbsituasjonen har v\u00e6rt oppe til vurdering:<\/p>\n<p class=\"_paragraph_1bvmi_4 _paragraph_xtcu6_10 layout-component text-serif-m layout-normal text-serif-m layout-padded\">\u2013 Det kom konkrete bud fra flere klubber som var interessert. Dere (media) klarte \u00e5 fange opp Tyskland-interessen, men det kom flere bud og det var flere som var interesserte, men til slutt \u00f8nsket Brentford \u00e5 beholde meg. <\/p>\n<p class=\"_paragraph_1bvmi_4 _paragraph_xtcu6_10 layout-component text-serif-m layout-normal text-serif-m layout-padded\">Siden mars har han startet fem av tolv kamper for Brentford, som endte p\u00e5 tiendeplass forrige sesong:<\/p>\n<p><img alt=\"\" class=\"_image_qp4xg_65 layout-component layout-normal\" data-fullscreen- data-track-element-type=\"Article image fullscreen\" data-track-name=\"ImageFullscreen\" decoding=\"async\" loading=\"lazy\" height=\"2397\" itemprop=\"image\"  src=\"https:\/\/www.europesays.com\/no\/wp-content\/uploads\/2025\/09\/2256efef-5ed7-4b97-ae45-60391da1fb5a\"  style=\"object-position:0% 0%\" width=\"2048\"\/><\/p>\n<p class=\"_paragraph_1bvmi_4 _paragraph_xtcu6_10 layout-component text-serif-m layout-normal text-serif-m layout-padded\"><strong class=\"_strong_1bvmi_25\">Grafikk:<\/strong> <a href=\"https:\/\/www.sofascore.com\/football\/player\/kristoffer-ajer\/576384?utm_source=vg.no&amp;utm_medium=FootballPlayerCard\" class=\"_link_1bvmi_39\" rel=\"nofollow noopener\" target=\"_blank\">Sofascore.com<\/a><\/p>\n<p class=\"_paragraph_1bvmi_4 _paragraph_xtcu6_10 layout-component text-serif-m layout-normal text-serif-m layout-padded\">\u2013 Det var veldig fine klubber. Jeg sa til meg selv og agenten min at hvis Brentford sier at jeg kan reise, s\u00e5 er det et tydelig signal p\u00e5 at jeg m\u00e5 reise. Det at de var veldig bastante p\u00e5 at jeg skulle bli, var et positivt signal for meg, sier han. <\/p>\n<p class=\"_paragraph_1bvmi_4 _paragraph_xtcu6_10 layout-component text-serif-m layout-normal text-serif-m layout-padded\">I sesongens fire f\u00f8rste kamper har Ajer startet p\u00e5 benken i to av tre Premier League-oppgj\u00f8r. Han fikk kun seks minutter som innbytter mot Aston Villa.<\/p>\n<p class=\"_paragraph_1bvmi_4 _paragraph_xtcu6_10 layout-component text-serif-m layout-normal text-serif-m layout-padded\">\u2013 Det er klart at jeg har lyst til \u00e5 spille mer fotball. Det har blitt lite i Premier League, sier Ajer, som legger til at han er \u00absikker p\u00e5 at det blir mer spilletid utover h\u00f8sten.\u00bb<\/p>\n<p class=\"_paragraph_1bvmi_4 _paragraph_xtcu6_10 layout-component text-serif-m layout-normal text-serif-m layout-padded\">Mot Bournemouth i ligacupen spilte Ajer hele kampen og noterte seg for en m\u00e5lgivende pasning:<\/p>\n<p class=\"_paragraph_1bvmi_4 _paragraph_xtcu6_10 layout-component text-serif-m layout-normal text-serif-m layout-padded\">St\u00e5le Solbakken fikk sp\u00f8rsm\u00e5l om Ajers klubbsituasjon p\u00e5 en pressekonferanse mandag. <\/p>\n<p class=\"_paragraph_1bvmi_4 _paragraph_xtcu6_10 layout-component text-serif-m layout-normal text-serif-m layout-padded\">\u2013 Jeg regner jo med at Brentford har klare planer for Kristoffer, i og med at det tross alt var interesse for ham,og de ikke ville selge. Da m\u00e5 de jo ha en plan, sa landslagssjefen. <\/p>\n<p><img decoding=\"async\" alt=\"Bilde av St\u00e5le Solbakken\" class=\"_image_ygndg_42\" height=\"27\" itemprop=\"image\" loading=\"lazy\"  src=\"https:\/\/www.europesays.com\/no\/wp-content\/uploads\/2025\/09\/47c92b1e-7656-4bc3-af36-f3bb685733fa\"  width=\"40\"\/><strong class=\"_name_ygndg_51 title-serif-xs\">St\u00e5le Solbakken<\/strong><\/p>\n<p class=\"_paragraph_1bvmi_4 text-sans-m _description_ygndg_56\">Norges landslagssjef<\/p>\n<p class=\"_paragraph_1bvmi_4 _paragraph_xtcu6_10 layout-component text-serif-m layout-normal text-serif-m layout-padded\">Solbakken bekymrer seg ikke nevneverdig for manglende spilletid. <\/p>\n<p class=\"_paragraph_1bvmi_4 _paragraph_xtcu6_10 layout-component text-serif-m layout-normal text-serif-m layout-padded\">\u2013 Det er ikke s\u00e5 lenge siden (han spilte) likevel. Han fikk den ligacupkampen, og s\u00e5 f\u00e5r han den Finlandskampen n\u00e5, s\u00e5 det er ikke n\u00e5 \u00absmellen\u00bb kommer. Smellen kommer hvis dettedetteManglende spilletid. vedvarer fire-seks-\u00e5tte uker til, til de andre kvalikkampene, mener Solbakken. <\/p>\n<p class=\"_paragraph_1bvmi_4 _paragraph_xtcu6_10 layout-component text-serif-m layout-normal text-serif-m layout-padded\">Ajer har spilt 94 kamper for Brentford siden Celtic-overgangen i 2021. I 2022 scoret han denne lekkerbisken:<\/p>\n<ul class=\"_list_1bvmi_3 _list_xtcu6_9 _unordered_1bvmi_99 layout-component text-serif-m layout-normal text-serif-m layout-padded\">\n<li class=\"_item_1bvmi_30\">Ny m\u00e5ned betyr nye muligheter til \u00e5 sl\u00e5 vennene dine i\u00a0<a href=\"https:\/\/vglive.vg.no\/profeten\/season\/7\/kamper\" class=\"_link_1bvmi_39\" rel=\"nofollow noopener\" target=\"_blank\">Profeten<\/a>. Sp\u00e5 riktig resultat i et stort utvalg kamper \u2013 og v\u00e6r med i kampen om et reisegavekort p\u00e5 10.000 kroner!<\/li>\n<\/ul>\n","protected":false},"excerpt":{"rendered":"Kristoffer Ajer (27) legger ikke skjul p\u00e5 at han vurderte \u00e5 forlate Brentford i sommer. Foto: Bj\u00f8rn S.&hellip;\n","protected":false},"author":2,"featured_media":25062,"comment_status":"","ping_status":"","sticky":false,"template":"","format":"standard","meta":{"footnotes":""},"categories":[59],"tags":[2366,3163,3989,30,28,29,161,83,82,1387],"class_list":{"0":"post-25061","1":"post","2":"type-post","3":"status-publish","4":"format-standard","5":"has-post-thumbnail","7":"category-sport","8":"tag-brentford","9":"tag-herrelandslaget-fotball","10":"tag-kristoffer-ajer","11":"tag-no","12":"tag-norge","13":"tag-norway","14":"tag-premier-league","15":"tag-sport","16":"tag-sports","17":"tag-stale-solbakken"},"share_on_mastodon":{"url":"","error":""},"_links":{"self":[{"href":"https:\/\/www.europesays.com\/no\/wp-json\/wp\/v2\/posts\/25061","targetHints":{"allow":["GET"]}}],"collection":[{"href":"https:\/\/www.europesays.com\/no\/wp-json\/wp\/v2\/posts"}],"about":[{"href":"https:\/\/www.europesays.com\/no\/wp-json\/wp\/v2\/types\/post"}],"author":[{"embeddable":true,"href":"https:\/\/www.europesays.com\/no\/wp-json\/wp\/v2\/users\/2"}],"replies":[{"embeddable":true,"href":"https:\/\/www.europesays.com\/no\/wp-json\/wp\/v2\/comments?post=25061"}],"version-history":[{"count":0,"href":"https:\/\/www.europesays.com\/no\/wp-json\/wp\/v2\/posts\/25061\/revisions"}],"wp:featuredmedia":[{"embeddable":true,"href":"https:\/\/www.europesays.com\/no\/wp-json\/wp\/v2\/media\/25062"}],"wp:attachment":[{"href":"https:\/\/www.europesays.com\/no\/wp-json\/wp\/v2\/media?parent=25061"}],"wp:term":[{"taxonomy":"category","embeddable":true,"href":"https:\/\/www.europesays.com\/no\/wp-json\/wp\/v2\/categories?post=25061"},{"taxonomy":"post_tag","embeddable":true,"href":"https:\/\/www.europesays.com\/no\/wp-json\/wp\/v2\/tags?post=25061"}],"curies":[{"name":"wp","href":"https:\/\/api.w.org\/{rel}","templated":true}]}}